{"id":1048,"date":"2020-05-01T21:09:13","date_gmt":"2020-05-01T21:09:13","guid":{"rendered":"http:\/\/www.confederaciondelcobre.cl\/?p=1048"},"modified":"2020-05-01T21:09:14","modified_gmt":"2020-05-01T21:09:14","slug":"1o-de-mayo-ante-detencion-del-pdte-de-la-ctc-comunicadoctc","status":"publish","type":"post","link":"https:\/\/www.confederaciondelcobre.cl\/index.php\/2020\/05\/01\/1o-de-mayo-ante-detencion-del-pdte-de-la-ctc-comunicadoctc\/","title":{"rendered":"1\u00ba de mayo: ante detenci\u00f3n del Pdte de la CTC: #ComunicadoCTC"},"content":{"rendered":"\n<p style=\"text-align:center\"><strong>COMUNICADO<\/strong><\/p>\n\n\n\n<p>Informamos a las y los\ntrabajadores subcontratados del cobre, y a la comunidad nacional, de la\narbitraria detenci\u00f3n de m\u00e1s de una decena de&nbsp;\ndirigentes de la Central Unitaria de Trabajadores (CUT), entre ellos el\nPresidente de nuestra Confederaci\u00f3n de Trabajadores del Cobre (CTC), compa\u00f1ero\nManuel Ahumada Letelier, quienes, en el marco de la conmemoraci\u00f3n del D\u00eda\nInternacional de los Trabajadores, fueron violentamente reprimidos en las\nafueras de la sede central de la CUT en Santiago, luego de finalizado el\ndiscurso de la compa\u00f1era B\u00e1rbara Figueroa, presidenta de la CUT, en homenaje a\nlas luchas del movimiento obrero a trav\u00e9s de la historia. <\/p>\n\n\n\n<p>Alrededor del medio d\u00eda\nlos dirigentes nacionales, reci\u00e9n saliendo de la sede con los debidos\nresguardos sanitarios, y en momentos en que despliegan un lienzo alusivo a la\nfecha hist\u00f3rica, son violentamente atacados y detenidos, sin mediar provocaci\u00f3n\nalguna, por un numeroso contingente de Fuerzas Especiales (FFEE) de\nCarabineros. <\/p>\n\n\n\n<p>Denunciamos y rechazamos\ncateg\u00f3ricamente, una vez m\u00e1s, la pol\u00edtica altamente represiva que ha venido\naplicando el gobierno de Sebasti\u00e1n Pi\u00f1era para impedir, con violencia brutal,\nejercer el leg\u00edtimo derecho del pueblo a manifestarse. Esta pol\u00edtica se hace\na\u00fan m\u00e1s repudiable cuando los trabajadores, en pleno tiempo de pandemia, estamos\nsufriendo grave menoscabo en nuestros derechos laborales y sociales, y cuando\nrecordamos una fecha tan significativa como es el 1\u00ba de mayo para las y los\ntrabajadores de Chile y del mundo. <\/p>\n\n\n\n<p>Los trabajadores unidos en\nla Confederaci\u00f3n de Trabajadores del Cobre exigimos la inmediata liberaci\u00f3n de\nnuestro presidente Manuel Ahumada Letelier y de todas las compa\u00f1eras y\ncompa\u00f1eros tan injustamente detenidos por FFEE el d\u00eda de hoy. Al mismo tiempo,\nllamamos a sumarse con m\u00e1s fuerza y convicci\u00f3n a las distintas iniciativas que\nse dar\u00e1n curso durante el d\u00eda bajo la consigna \u201cDefendamos la vida con salario\ny trabajo decente\u201d, a colocar banderas negras en los frontis de nuestras casas\ny a las 21:00 horas sumarse activamente al \u201cCacerolazo por la Dignidad\u201d.<\/p>\n\n\n\n<p style=\"text-align:center\">\u00a1Arriba los que luchan y no se rinden\njam\u00e1s!<\/p>\n\n\n\n<p style=\"text-align:center\"><strong>CONFEDERACI\u00d3N\nDE TRABAJADORES DEL COBRE<\/strong><\/p>\n\n\n\n<p style=\"text-align:right\">Chile, 01 de mayo de 2020.<\/p>\n","protected":false},"excerpt":{"rendered":"<p>COMUNICADO Informamos a las y los trabajadores subcontratados del cobre, y a la comunidad nacional, de la arbitraria detenci\u00f3n de m\u00e1s de una decena de&nbsp; dirigentes de la Central Unitaria &hellip; <\/p>\n","protected":false},"author":2,"featured_media":1049,"comment_status":"closed","ping_status":"closed","sticky":false,"template":"","format":"standard","meta":{"jetpack_post_was_ever_published":false,"_jetpack_newsletter_access":"","_jetpack_dont_email_post_to_subs":false,"_jetpack_newsletter_tier_id":0,"_jetpack_memberships_contains_paywalled_content":false,"_jetpack_memberships_contains_paid_content":false,"footnotes":"","jetpack_publicize_message":"","jetpack_publicize_feature_enabled":true,"jetpack_social_post_already_shared":false,"jetpack_social_options":{"image_generator_settings":{"template":"highway","default_image_id":0,"enabled":false},"version":2}},"categories":[8,9,21,15,19],"tags":[],"class_list":["post-1048","post","type-post","status-publish","format-standard","has-post-thumbnail","hentry","category-comunicado","category-confederacion","category-federaciones","category-nacional","category-trabajadores"],"jetpack_publicize_connections":[],"jetpack_featured_media_url":"https:\/\/www.confederaciondelcobre.cl\/wp-content\/uploads\/2020\/05\/PortadaCom1Mayo.jpg","jetpack_sharing_enabled":true,"post_mailing_queue_ids":[],"_links":{"self":[{"href":"https:\/\/www.confederaciondelcobre.cl\/index.php\/wp-json\/wp\/v2\/posts\/1048","targetHints":{"allow":["GET"]}}],"collection":[{"href":"https:\/\/www.confederaciondelcobre.cl\/index.php\/wp-json\/wp\/v2\/posts"}],"about":[{"href":"https:\/\/www.confederaciondelcobre.cl\/index.php\/wp-json\/wp\/v2\/types\/post"}],"author":[{"embeddable":true,"href":"https:\/\/www.confederaciondelcobre.cl\/index.php\/wp-json\/wp\/v2\/users\/2"}],"replies":[{"embeddable":true,"href":"https:\/\/www.confederaciondelcobre.cl\/index.php\/wp-json\/wp\/v2\/comments?post=1048"}],"version-history":[{"count":1,"href":"https:\/\/www.confederaciondelcobre.cl\/index.php\/wp-json\/wp\/v2\/posts\/1048\/revisions"}],"predecessor-version":[{"id":1050,"href":"https:\/\/www.confederaciondelcobre.cl\/index.php\/wp-json\/wp\/v2\/posts\/1048\/revisions\/1050"}],"wp:featuredmedia":[{"embeddable":true,"href":"https:\/\/www.confederaciondelcobre.cl\/index.php\/wp-json\/wp\/v2\/media\/1049"}],"wp:attachment":[{"href":"https:\/\/www.confederaciondelcobre.cl\/index.php\/wp-json\/wp\/v2\/media?parent=1048"}],"wp:term":[{"taxonomy":"category","embeddable":true,"href":"https:\/\/www.confederaciondelcobre.cl\/index.php\/wp-json\/wp\/v2\/categories?post=1048"},{"taxonomy":"post_tag","embeddable":true,"href":"https:\/\/www.confederaciondelcobre.cl\/index.php\/wp-json\/wp\/v2\/tags?post=1048"}],"curies":[{"name":"wp","href":"https:\/\/api.w.org\/{rel}","templated":true}]}}