{"id":1051,"date":"2020-05-01T15:30:16","date_gmt":"2020-05-01T15:30:16","guid":{"rendered":"http:\/\/www.confederaciondelcobre.cl\/?p=1051"},"modified":"2020-05-01T23:59:55","modified_gmt":"2020-05-01T23:59:55","slug":"1demayo-2020-comunicado-ctmin","status":"publish","type":"post","link":"https:\/\/www.confederaciondelcobre.cl\/index.php\/2020\/05\/01\/1demayo-2020-comunicado-ctmin\/","title":{"rendered":"#1deMayo 2020: Comunicado CTMIN"},"content":{"rendered":"\n<p>1 de mayo 2020\n<\/p>\n\n\n\n<p style=\"text-align:center\"><strong>Comunicado CTMIN sobre actual situaci\u00f3n en miner\u00eda\n<\/strong><\/p>\n\n\n\n<p>El COVID-19 ha estado hace un tiempo en nuestro pa\u00eds y ha causado estragos en todos los \u00e1mbitos de\nla sociedad, desnudando los problemas del Estado, Ejecutivo y Legislativo, los cuales se han\nintensificado en el \u00e1rea laboral. Ante esto, como Coordinadora de Trabajadores de la Miner\u00eda, CTMIN,\nqueremos se\u00f1alar lo siguiente:\n<\/p>\n\n\n\n<p>1.- Interpelamos al Ministro de Miner\u00eda, Baldo Prokurica, quien ha guardado un perpetuo silencio y ha\nestado ausente sobre lo que est\u00e1 ocurriendo, como trabajadores no hemos sentido ni el respaldo, ni\nalguna soluci\u00f3n con respecto a las actuales medidas que las mineras independiente de su tama\u00f1o ya\nest\u00e1n realizando. En cambio, s\u00ed ha tenido reuniones con representantes de las empresas mineras y el\nConsejo Minero.\n<\/p>\n\n\n\n<p>2.- Ante lo ocurrido en Minera El Abra, con 275 trabajadores despedidos, 190 sindicalizados, y los\ndespidos en Minera Sierra Gorda, donde 34 trabajadores quedaron sin su fuente laboral, a\u00f1adiendo\ntambi\u00e9n a los despidos de 15 trabajadores en Minera Centinela, como pas\u00f3 a los centenares de\ndespidos en la mediana y peque\u00f1a miner\u00eda, considerando adem\u00e1s de los miles de despidos de\ntrabajadores de empresas contratistas del sector minero, le preguntamos se\u00f1or Ministro Prokurica, \u00bfCu\u00e1l\nser\u00e1 su actuar?\n<\/p>\n\n\n\n<p>3.- Queremos saber si estos despidos significan algo para usted como Ministro de Miner\u00eda, y si podr\u00e1 en\neste momento ayudar a los trabajadores que hoy han perdido sus proyectos de vida al ser despedidos.\n<\/p>\n\n\n\n<p>4.- Queremos mencionar que esta crisis lleva un poco m\u00e1s de un mes y como trabajadores no vemos\nposible que las mineras est\u00e9n despidiendo gente para ahorrar costos o porque la \u201csituaci\u00f3n operacional\nes cr\u00edtica\u201d. Le recordamos que somos parte de las mineras y sabemos y tenemos plena consciencia de\nlas ganancias millonarias que reciben a\u00f1o a a\u00f1o.\n<\/p>\n\n\n\n<p>5.- Entonces, \u00bfc\u00f3mo es posible que estos grandes conglomerados no tengan un respaldo por un par de meses, habiendo tenido a\u00f1os y a\u00f1os de utilidades estratosf\u00e9ricas? <\/p>\n\n\n\n<p>6.- Queremos saber cu\u00e1l ser\u00e1 la hoja de ruta de las acciones ministeriales y de Gobierno con respecto,\nno solo a los mineros, sino a todos los trabajadores de Chile, ya que se ha mostrado que la Ley de\nprotecci\u00f3n al empleo no protege a los trabajadores sino que a los empleadores.\n<\/p>\n\n\n\n<p>7.- Son los trabajadores de Chile quienes hoy est\u00e1n pagando la crisis, y las grandes empresas, como las\nCompa\u00f1\u00edas Mineras, est\u00e1n dando un paso al costado, refugi\u00e1ndose en leyes y en crisis incipientes que ni\nsiquiera los han afectado al extremo de tomar dichas medidas, como las mineras antes mencionadas.\n<\/p>\n\n\n\n<p>8.- Queremos tambi\u00e9n, manifestar nuestra preocupaci\u00f3n sobre las comunidades que est\u00e1n en los\nalrededores de las Empresas Mineras. Muchos ciudadanos se emplean en esas compa\u00f1\u00edas o viven de lo\nque los mineros pueden dejar en esas \u00e1reas y se han visto gravemente afectados hoy por la baja\nafluencia de trabajadores. \u00bfCu\u00e1l es la opci\u00f3n para ellos?\n<\/p>\n\n\n\n<p>9.- Como trabajadores de la miner\u00eda, estamos coordinados, unidos y seguiremos adelante juntos,\nvelando por los intereses de cada uno de nuestros trabajadores, porque sabemos que la miner\u00eda es uno\nde los m\u00e1s grandes pilares de la econom\u00eda de este pa\u00eds y eso no ser\u00eda posible sin sus trabajadores.\n<\/p>\n\n\n\n<p>Cabe recordar que durante toda esta crisis, el Ministro Prokurica lo \u00fanico que ha dicho en prensa tiene\nrelaci\u00f3n con el precio del cobre. A\u00fan habiendo sido Diputado y Senador por la Regi\u00f3n de Atacama y\nconociendo la realidad de los trabajadores mineros, no ha sido capaz de utilizar su poder y su cargo en\nbeneficio de los mineros y los dem\u00e1s trabajadores. Es por ello, que ante la nefasta gesti\u00f3n ministerial,\ncomo mineros exigimos una mesa de Trabajo Tripartita, porque creemos que es la \u00fanica forma de poder\nllevar adelante los temas que hoy nos afectan a todos, ya que la capacidad del ministerio y de este\nGobierno al respecto, es nula.\n<\/p>\n\n\n\n<p>Atentamente,\n<\/p>\n\n\n\n<p>Gustavo Tapia, Presidente Federaci\u00f3n Minera de Chile.<br> Manuel Ahumada, Presidente Confederaci\u00f3n de Trabajadores del Cobre.<br> Ricardo Calder\u00f3n, Presidente Federaci\u00f3n de Supervisores del Cobre.<br> Miguel Fern\u00e1ndez, Presidente Federaci\u00f3n de Supervisores de la Miner\u00eda Privada. Hugo P\u00e1ez, Presidente Confederaci\u00f3n Minera de Chile.<br> Celso Pardo, Presidente Federaci\u00f3n de Sindicatos de Antofagasta Minerals. <\/p>\n\n\n\n<figure class=\"wp-block-image\"><img loading=\"lazy\" decoding=\"async\" width=\"791\" height=\"1024\" src=\"http:\/\/www.confederaciondelcobre.cl\/wp-content\/uploads\/2020\/05\/CTMINpag1-791x1024.jpg\" alt=\"\" class=\"wp-image-1054\" srcset=\"https:\/\/www.confederaciondelcobre.cl\/wp-content\/uploads\/2020\/05\/CTMINpag1-791x1024.jpg 791w, https:\/\/www.confederaciondelcobre.cl\/wp-content\/uploads\/2020\/05\/CTMINpag1-232x300.jpg 232w, https:\/\/www.confederaciondelcobre.cl\/wp-content\/uploads\/2020\/05\/CTMINpag1-768x994.jpg 768w\" sizes=\"auto, (max-width: 791px) 100vw, 791px\" \/><\/figure>\n\n\n\n<figure class=\"wp-block-image\"><img loading=\"lazy\" decoding=\"async\" width=\"791\" height=\"1024\" src=\"http:\/\/www.confederaciondelcobre.cl\/wp-content\/uploads\/2020\/05\/CTMINpag2-791x1024.jpg\" alt=\"\" class=\"wp-image-1055\" srcset=\"https:\/\/www.confederaciondelcobre.cl\/wp-content\/uploads\/2020\/05\/CTMINpag2-791x1024.jpg 791w, https:\/\/www.confederaciondelcobre.cl\/wp-content\/uploads\/2020\/05\/CTMINpag2-232x300.jpg 232w, https:\/\/www.confederaciondelcobre.cl\/wp-content\/uploads\/2020\/05\/CTMINpag2-768x994.jpg 768w\" sizes=\"auto, (max-width: 791px) 100vw, 791px\" \/><\/figure>\n","protected":false},"excerpt":{"rendered":"<p>1 de mayo 2020 Comunicado CTMIN sobre actual situaci\u00f3n en miner\u00eda El COVID-19 ha estado hace un tiempo en nuestro pa\u00eds y ha causado estragos en todos los \u00e1mbitos de &hellip; <\/p>\n","protected":false},"author":2,"featured_media":1052,"comment_status":"closed","ping_status":"closed","sticky":false,"template":"","format":"standard","meta":{"jetpack_post_was_ever_published":false,"_jetpack_newsletter_access":"","_jetpack_dont_email_post_to_subs":false,"_jetpack_newsletter_tier_id":0,"_jetpack_memberships_contains_paywalled_content":false,"_jetpack_memberships_contains_paid_content":false,"footnotes":"","jetpack_publicize_message":"","jetpack_publicize_feature_enabled":true,"jetpack_social_post_already_shared":false,"jetpack_social_options":{"image_generator_settings":{"template":"highway","default_image_id":0,"enabled":false},"version":2}},"categories":[9,11],"tags":[],"class_list":["post-1051","post","type-post","status-publish","format-standard","has-post-thumbnail","hentry","category-confederacion","category-ctmin"],"jetpack_publicize_connections":[],"jetpack_featured_media_url":"https:\/\/www.confederaciondelcobre.cl\/wp-content\/uploads\/2020\/05\/PortadaComCTMIN.jpg","jetpack_sharing_enabled":true,"post_mailing_queue_ids":[],"_links":{"self":[{"href":"https:\/\/www.confederaciondelcobre.cl\/index.php\/wp-json\/wp\/v2\/posts\/1051","targetHints":{"allow":["GET"]}}],"collection":[{"href":"https:\/\/www.confederaciondelcobre.cl\/index.php\/wp-json\/wp\/v2\/posts"}],"about":[{"href":"https:\/\/www.confederaciondelcobre.cl\/index.php\/wp-json\/wp\/v2\/types\/post"}],"author":[{"embeddable":true,"href":"https:\/\/www.confederaciondelcobre.cl\/index.php\/wp-json\/wp\/v2\/users\/2"}],"replies":[{"embeddable":true,"href":"https:\/\/www.confederaciondelcobre.cl\/index.php\/wp-json\/wp\/v2\/comments?post=1051"}],"version-history":[{"count":2,"href":"https:\/\/www.confederaciondelcobre.cl\/index.php\/wp-json\/wp\/v2\/posts\/1051\/revisions"}],"predecessor-version":[{"id":1056,"href":"https:\/\/www.confederaciondelcobre.cl\/index.php\/wp-json\/wp\/v2\/posts\/1051\/revisions\/1056"}],"wp:featuredmedia":[{"embeddable":true,"href":"https:\/\/www.confederaciondelcobre.cl\/index.php\/wp-json\/wp\/v2\/media\/1052"}],"wp:attachment":[{"href":"https:\/\/www.confederaciondelcobre.cl\/index.php\/wp-json\/wp\/v2\/media?parent=1051"}],"wp:term":[{"taxonomy":"category","embeddable":true,"href":"https:\/\/www.confederaciondelcobre.cl\/index.php\/wp-json\/wp\/v2\/categories?post=1051"},{"taxonomy":"post_tag","embeddable":true,"href":"https:\/\/www.confederaciondelcobre.cl\/index.php\/wp-json\/wp\/v2\/tags?post=1051"}],"curies":[{"name":"wp","href":"https:\/\/api.w.org\/{rel}","templated":true}]}}