{"id":1060,"date":"2020-05-06T22:39:13","date_gmt":"2020-05-06T22:39:13","guid":{"rendered":"http:\/\/www.confederaciondelcobre.cl\/?p=1060"},"modified":"2020-05-06T22:39:14","modified_gmt":"2020-05-06T22:39:14","slug":"por-situacion-de-salud-y-hospital-en-division-el-salvador-carta-abierta-al-pdte-ejecutivo-de-codelco","status":"publish","type":"post","link":"https:\/\/www.confederaciondelcobre.cl\/index.php\/2020\/05\/06\/por-situacion-de-salud-y-hospital-en-division-el-salvador-carta-abierta-al-pdte-ejecutivo-de-codelco\/","title":{"rendered":"Por situaci\u00f3n de salud y hospital en Divisi\u00f3n El Salvador: Carta abierta al Pdte. Ejecutivo de Codelco"},"content":{"rendered":"\n<p style=\"text-align:center\"><strong>CARTA ABIERTA<\/strong><\/p>\n\n\n\n<p><strong>Se\u00f1o<\/strong><strong>r<\/strong><\/p>\n\n\n\n<p><strong>Octavio Araneda<\/strong><\/p>\n\n\n\n<p><strong>Presidente Ejecutivo<\/strong><\/p>\n\n\n\n<p><strong>Codelco Chile <\/strong><\/p>\n\n\n\n<p><strong>Presente.<\/strong><\/p>\n\n\n\n<p>De nuestra consideraci\u00f3n:<\/p>\n\n\n\n<p>Junto con saludarle, la Confederaci\u00f3n de Trabajadores del Cobre\n(CTC), en conjunto con su Federaci\u00f3n de Sindicatos El Salvador\n(FESAL), nos dirigimos a usted para exponer lo siguiente: <\/p>\n\n\n\n<p>Las organizaciones sindicales mencionadas estamos preocupados y\natentos al desarrollo de la pandemia COVID-19 en nuestro medio. Conscientes de\nla importancia que adquieren hoy los servicios de salud en el escenario de la\nemergencia sanitaria, queremos recordar que las Divisiones de Codelco contaron,\nhist\u00f3ricamente, con un servicio de salud de primera calidad y con amplia\ncobertura. Los trabajadores ten\u00edan acceso a policl\u00ednico, hospitalizaci\u00f3n,\npabell\u00f3n, cirug\u00eda, medicina, pediatr\u00eda, UTI, neonatolog\u00eda, maternidad,\nurgencia, laboratorio, kinesiolog\u00eda (suspendida), rayos, esterilizaci\u00f3n,\nfarmacia, con m\u00e9dicos especialistas de planta y en algunos casos con interconsultores\nexternos, servicios muy eficientes y operativos mediante sistema de turnos,\ntodo en raz\u00f3n de la naturaleza y los riesgos del trabajo\nminero. <\/p>\n\n\n\n<p>En este escenario corporativo, la Divisi\u00f3n Salvador no fue una\nexcepci\u00f3n. El sistema interno de salud, enfocado a los trabajadores de planta y\nsus familias, tambi\u00e9n nos daba a los trabajadores de contratistas, nuestras\nfamilias y a la comunidad en general una seguridad en\ncaso de necesidad y\/o urgencia, para tranquilidad de nuestras familias.<\/p>\n\n\n\n<p>Es necesario aclarar que las condiciones de salud descritas,\naunque superiores a las del promedio de los chilenos, no constitu\u00edan ning\u00fan\nprivilegio gratuito de los trabajadores del cobre, sino el resultado de largos\na\u00f1os de lucha sindical en que los trabajadores contratistas no estuvimos\nausentes. Adem\u00e1s, hay que considerar que la lejan\u00eda de otros centros de salud\njustifica plenamente tener en la localidad un sistema de salud de alta calidad\ny resoluci\u00f3n.<\/p>\n\n\n\n<p>A partir del traspaso del sistema hacia una ISAPRE se fue operando\nun proceso de deterioro del servicio, y al d\u00eda de hoy el sistema de salud en la\nDivisi\u00f3n Salvador s\u00f3lo consta de los servicios de policl\u00ednico con un m\u00e9dico,\nfarmacia, urgencia, rayos y laboratorio. No hay matrona, cirujano ni ginec\u00f3logo,\nal momento se cuenta con un solo respirador y no hay camas cl\u00ednicas. Los\npacientes que, producto de esta escasa capacidad resolutiva, no pueden ser\natendidos en la Divisi\u00f3n, y que en condiciones anteriores pod\u00edan ser resueltos\ninternamente, hoy son derivados al Hospital de Diego de Almagro o al Hospital\nde Copiap\u00f3, con las consiguientes, y a veces determinantes, dificultades que\nimplica el traslado. En consecuencia, hay un impacto social que trasciende a la\ncomuna de Diego de Almagro y a la regi\u00f3n de Atacama. <\/p>\n\n\n\n<p>Cabe recordar que, en la actualidad, producto de la\nexternalizaci\u00f3n de labores, un gran n\u00famero de usuarios del servicio de salud\nsomos trabajadores subcontratados.<\/p>\n\n\n\n<p>Al d\u00eda 02 de mayo ya se ha producido un nuevo\ncaso de coronavirus positivo en la Divisi\u00f3n Salvador, y el paciente y m\u00e1s diez\nde sus compa\u00f1eros de trabajo est\u00e1n aislados en el centro de alojamiento\ncaes. Los trabajadores de la salud hacen sus mejores\nesfuerzos, muy profesionalmente y con los pocos recursos que tienen, pero el\nsistema claramente no responde a las necesidades reales de una crisis como la\nactual, o como cualquiera en el futuro. Es una problem\u00e1tica que no compete s\u00f3lo\na los trabajadores de planta, sino tambi\u00e9n a nosotros, los trabajadores\nsubcontratados, que conformamos en la actualidad un mayoritario porcentaje de\nlos trabajadores en la Divisi\u00f3n Salvador.<\/p>\n\n\n\n<p>Por todo lo\nanterior, venimos en solicitar a usted lo siguiente:<\/p>\n\n\n\n<ol class=\"wp-block-list\"><li>Poner la\nCl\u00ednica a plena disposici\u00f3n de la comunidad, sin requisito de roles o\nvinculaci\u00f3n con Codelco, y mejorar el servicio en funci\u00f3n de las necesidades\nque surgen de la actual crisis sanitaria. <\/li><li>Establecer\nuna mesa de trabajo que nos permita, a la Administraci\u00f3n de la Cl\u00ednica y la\nFederaci\u00f3n de Trabajadores de la Divisi\u00f3n Salvador, FESAL, concordar algunas\nacciones para abordar en conjunto la crisis que hoy vive el pa\u00eds y de la que\nnuestra localidad, obviamente, no est\u00e1 exenta.&nbsp;\n<\/li><\/ol>\n\n\n\n<p>Le saludan atentamente<\/p>\n\n\n\n<p style=\"text-align:center\"><strong>Confederaci\u00f3n de Trabajadores del Cobre, CTC<\/strong><\/p>\n\n\n\n<p style=\"text-align:center\"><strong>Federaci\u00f3n de Sindicatos El Salvador, FESAL<\/strong><\/p>\n\n\n\n<p style=\"text-align:right\">El Salvador, mayo de 2020.<\/p>\n\n\n\n<figure class=\"wp-block-image\"><img loading=\"lazy\" decoding=\"async\" width=\"653\" height=\"1024\" src=\"http:\/\/www.confederaciondelcobre.cl\/wp-content\/uploads\/2020\/05\/Carta-Abierta-a-Pdte-Ejec-Codelco1-653x1024.jpg\" alt=\"\" class=\"wp-image-1063\" srcset=\"https:\/\/www.confederaciondelcobre.cl\/wp-content\/uploads\/2020\/05\/Carta-Abierta-a-Pdte-Ejec-Codelco1-653x1024.jpg 653w, https:\/\/www.confederaciondelcobre.cl\/wp-content\/uploads\/2020\/05\/Carta-Abierta-a-Pdte-Ejec-Codelco1-191x300.jpg 191w, https:\/\/www.confederaciondelcobre.cl\/wp-content\/uploads\/2020\/05\/Carta-Abierta-a-Pdte-Ejec-Codelco1-768x1204.jpg 768w\" sizes=\"auto, (max-width: 653px) 100vw, 653px\" \/><\/figure>\n\n\n\n<figure class=\"wp-block-image\"><img loading=\"lazy\" decoding=\"async\" width=\"653\" height=\"1024\" src=\"http:\/\/www.confederaciondelcobre.cl\/wp-content\/uploads\/2020\/05\/Carta-Abierta-a-Pdte-Ejec-Codelco2-653x1024.jpg\" alt=\"\" class=\"wp-image-1064\" srcset=\"https:\/\/www.confederaciondelcobre.cl\/wp-content\/uploads\/2020\/05\/Carta-Abierta-a-Pdte-Ejec-Codelco2-653x1024.jpg 653w, https:\/\/www.confederaciondelcobre.cl\/wp-content\/uploads\/2020\/05\/Carta-Abierta-a-Pdte-Ejec-Codelco2-191x300.jpg 191w, https:\/\/www.confederaciondelcobre.cl\/wp-content\/uploads\/2020\/05\/Carta-Abierta-a-Pdte-Ejec-Codelco2-768x1204.jpg 768w\" sizes=\"auto, (max-width: 653px) 100vw, 653px\" \/><\/figure>\n\n\n\n<p> <\/p>\n","protected":false},"excerpt":{"rendered":"<p>CARTA ABIERTA Se\u00f1or Octavio Araneda Presidente Ejecutivo Codelco Chile Presente. De nuestra consideraci\u00f3n: Junto con saludarle, la Confederaci\u00f3n de Trabajadores del Cobre (CTC), en conjunto con su Federaci\u00f3n de Sindicatos &hellip; <\/p>\n","protected":false},"author":2,"featured_media":1061,"comment_status":"closed","ping_status":"closed","sticky":false,"template":"","format":"standard","meta":{"jetpack_post_was_ever_published":false,"_jetpack_newsletter_access":"","_jetpack_dont_email_post_to_subs":false,"_jetpack_newsletter_tier_id":0,"_jetpack_memberships_contains_paywalled_content":false,"_jetpack_memberships_contains_paid_content":false,"footnotes":"","jetpack_publicize_message":"","jetpack_publicize_feature_enabled":true,"jetpack_social_post_already_shared":false,"jetpack_social_options":{"image_generator_settings":{"template":"highway","default_image_id":0,"enabled":false},"version":2}},"categories":[8,9,21,28],"tags":[],"class_list":["post-1060","post","type-post","status-publish","format-standard","has-post-thumbnail","hentry","category-comunicado","category-confederacion","category-federaciones","category-fesal"],"jetpack_publicize_connections":[],"jetpack_featured_media_url":"https:\/\/www.confederaciondelcobre.cl\/wp-content\/uploads\/2020\/05\/Portada-Nota-carta.jpg","jetpack_sharing_enabled":true,"post_mailing_queue_ids":[],"_links":{"self":[{"href":"https:\/\/www.confederaciondelcobre.cl\/index.php\/wp-json\/wp\/v2\/posts\/1060","targetHints":{"allow":["GET"]}}],"collection":[{"href":"https:\/\/www.confederaciondelcobre.cl\/index.php\/wp-json\/wp\/v2\/posts"}],"about":[{"href":"https:\/\/www.confederaciondelcobre.cl\/index.php\/wp-json\/wp\/v2\/types\/post"}],"author":[{"embeddable":true,"href":"https:\/\/www.confederaciondelcobre.cl\/index.php\/wp-json\/wp\/v2\/users\/2"}],"replies":[{"embeddable":true,"href":"https:\/\/www.confederaciondelcobre.cl\/index.php\/wp-json\/wp\/v2\/comments?post=1060"}],"version-history":[{"count":3,"href":"https:\/\/www.confederaciondelcobre.cl\/index.php\/wp-json\/wp\/v2\/posts\/1060\/revisions"}],"predecessor-version":[{"id":1066,"href":"https:\/\/www.confederaciondelcobre.cl\/index.php\/wp-json\/wp\/v2\/posts\/1060\/revisions\/1066"}],"wp:featuredmedia":[{"embeddable":true,"href":"https:\/\/www.confederaciondelcobre.cl\/index.php\/wp-json\/wp\/v2\/media\/1061"}],"wp:attachment":[{"href":"https:\/\/www.confederaciondelcobre.cl\/index.php\/wp-json\/wp\/v2\/media?parent=1060"}],"wp:term":[{"taxonomy":"category","embeddable":true,"href":"https:\/\/www.confederaciondelcobre.cl\/index.php\/wp-json\/wp\/v2\/categories?post=1060"},{"taxonomy":"post_tag","embeddable":true,"href":"https:\/\/www.confederaciondelcobre.cl\/index.php\/wp-json\/wp\/v2\/tags?post=1060"}],"curies":[{"name":"wp","href":"https:\/\/api.w.org\/{rel}","templated":true}]}}