{"id":1067,"date":"2020-05-07T22:15:33","date_gmt":"2020-05-07T22:15:33","guid":{"rendered":"http:\/\/www.confederaciondelcobre.cl\/?p=1067"},"modified":"2020-05-07T22:15:33","modified_gmt":"2020-05-07T22:15:33","slug":"director-nacional-de-la-ctc-y-pdte-de-la-cut-el-loa-denuncia-arbitraria-rebaja-de-salarios-a-trabajadores","status":"publish","type":"post","link":"https:\/\/www.confederaciondelcobre.cl\/index.php\/2020\/05\/07\/director-nacional-de-la-ctc-y-pdte-de-la-cut-el-loa-denuncia-arbitraria-rebaja-de-salarios-a-trabajadores\/","title":{"rendered":"Director Nacional de la CTC y Pdte de la CUT El Loa denuncia arbitraria rebaja de salarios a trabajadores."},"content":{"rendered":"\n<p>Ante la <strong>rebaja unilateral de sus salarios<\/strong> que han sufrido trabajadores de la regi\u00f3n de Antofagasta por parte de <strong>empresas que no est\u00e1n acogidas a la Ley de protecci\u00f3n al empleo<\/strong>, y que en algunos casos <strong>han llegado hasta un 60%<\/strong>, Jos\u00e9 Mardones, Director Nacional de la Confederaci\u00f3n de Trabajadores del Cobre (CTC) y Presidente de la Central Unitaria de Trabajadores (CUT) de la Provincia de El Loa, hizo un llamado a denunciar estas situaciones que son arbitrarias, irregulares e injustas.<\/p>\n\n\n\n<p>Se\u00f1al\u00f3 que \u201chay empresas contratistas como C&amp;G y JKL -que le prestan servicios a Codelco- y la Asociaci\u00f3n Chilena de Seguridad (ACHS) que <strong>est\u00e1n haciendo rebaja de las remuneraciones de manera unilateral, pero manteniendo la jornada laboral y esta es una pr\u00e1ctica que no corresponde<\/strong>\u201d<\/p>\n\n\n\n<p>Sabido es que para acogerse a la Ley de protecci\u00f3n al empleo existen tres alternativas: la suspensi\u00f3n del contrato de trabajo por acto de la autoridad; el pacto o acuerdo (empleador-trabajadores) de suspensi\u00f3n del contrato de trabajo y, finalmente, el pacto de reducci\u00f3n temporal de la jornada de trabajo. En ese sentido, y refiri\u00e9ndose a la actitud de las empresas, Jos\u00e9 Mardones indic\u00f3 que <strong>\u201cellos no se est\u00e1n acogiendo a esta ley, pero s\u00ed se est\u00e1n aprovechando de esta normativa. Lo est\u00e1n haciendo unilateralmente y el trabajador est\u00e1 complicado, porque aceptan la rebaja o los despiden\u201d<\/strong>.<\/p>\n\n\n\n<p><strong>Para el caso de la miner\u00eda denunci\u00f3 que las empresas siguen teniendo sus contratos, por lo que continuar\u00e1n en sus labores con la cantidad de horas habituales, pero pag\u00e1ndoles menos a sus trabajadores<\/strong>. Respecto de la ACHS coment\u00f3 que es una situaci\u00f3n ya a nivel nacional, y que a los funcionarios les explicaron e informaron de esta decisi\u00f3n por correo electr\u00f3nico.<\/p>\n\n\n\n<p>El presidente de la CUT de la Provincia de El Loa hizo un llamado a las y los trabajadores a denunciar estas vulneraciones, pues al reunirse con sus empleadores, y debido a la presi\u00f3n que ello puede significar, es muy probable que terminen firmando un documento que encubra la mala pr\u00e1ctica de verse forzados a un injusto acuerdo entre partes. <strong>\u201cLas empresas contratistas se est\u00e1n aprovechando de esta emergencia sanitaria para rebajar las remuneraciones a sus trabajadores y no acogi\u00e9ndose a la Ley de protecci\u00f3n del empleo\u201d<\/strong>, finaliz\u00f3.<\/p>\n\n\n\n<p style=\"text-align:right\">fuente &#8211; elreferente.cl<\/p>\n","protected":false},"excerpt":{"rendered":"<p>Ante la rebaja unilateral de sus salarios que han sufrido trabajadores de la regi\u00f3n de Antofagasta por parte de empresas que no est\u00e1n acogidas a la Ley de protecci\u00f3n al &hellip; <\/p>\n","protected":false},"author":2,"featured_media":1073,"comment_status":"closed","ping_status":"closed","sticky":false,"template":"","format":"standard","meta":{"jetpack_post_was_ever_published":false,"_jetpack_newsletter_access":"","_jetpack_dont_email_post_to_subs":false,"_jetpack_newsletter_tier_id":0,"_jetpack_memberships_contains_paywalled_content":false,"_jetpack_memberships_contains_paid_content":false,"footnotes":"","jetpack_publicize_message":"","jetpack_publicize_feature_enabled":true,"jetpack_social_post_already_shared":false,"jetpack_social_options":{"image_generator_settings":{"template":"highway","default_image_id":0,"enabled":false},"version":2}},"categories":[9,15,17,19],"tags":[],"class_list":["post-1067","post","type-post","status-publish","format-standard","has-post-thumbnail","hentry","category-confederacion","category-nacional","category-regiones","category-trabajadores"],"jetpack_publicize_connections":[],"jetpack_featured_media_url":"https:\/\/www.confederaciondelcobre.cl\/wp-content\/uploads\/2020\/05\/Portada-LPE-1.jpg","jetpack_sharing_enabled":true,"post_mailing_queue_ids":[],"_links":{"self":[{"href":"https:\/\/www.confederaciondelcobre.cl\/index.php\/wp-json\/wp\/v2\/posts\/1067","targetHints":{"allow":["GET"]}}],"collection":[{"href":"https:\/\/www.confederaciondelcobre.cl\/index.php\/wp-json\/wp\/v2\/posts"}],"about":[{"href":"https:\/\/www.confederaciondelcobre.cl\/index.php\/wp-json\/wp\/v2\/types\/post"}],"author":[{"embeddable":true,"href":"https:\/\/www.confederaciondelcobre.cl\/index.php\/wp-json\/wp\/v2\/users\/2"}],"replies":[{"embeddable":true,"href":"https:\/\/www.confederaciondelcobre.cl\/index.php\/wp-json\/wp\/v2\/comments?post=1067"}],"version-history":[{"count":4,"href":"https:\/\/www.confederaciondelcobre.cl\/index.php\/wp-json\/wp\/v2\/posts\/1067\/revisions"}],"predecessor-version":[{"id":1074,"href":"https:\/\/www.confederaciondelcobre.cl\/index.php\/wp-json\/wp\/v2\/posts\/1067\/revisions\/1074"}],"wp:featuredmedia":[{"embeddable":true,"href":"https:\/\/www.confederaciondelcobre.cl\/index.php\/wp-json\/wp\/v2\/media\/1073"}],"wp:attachment":[{"href":"https:\/\/www.confederaciondelcobre.cl\/index.php\/wp-json\/wp\/v2\/media?parent=1067"}],"wp:term":[{"taxonomy":"category","embeddable":true,"href":"https:\/\/www.confederaciondelcobre.cl\/index.php\/wp-json\/wp\/v2\/categories?post=1067"},{"taxonomy":"post_tag","embeddable":true,"href":"https:\/\/www.confederaciondelcobre.cl\/index.php\/wp-json\/wp\/v2\/tags?post=1067"}],"curies":[{"name":"wp","href":"https:\/\/api.w.org\/{rel}","templated":true}]}}