{"id":1112,"date":"2020-05-22T11:45:08","date_gmt":"2020-05-22T11:45:08","guid":{"rendered":"http:\/\/www.confederaciondelcobre.cl\/?p=1112"},"modified":"2020-05-24T01:52:45","modified_gmt":"2020-05-24T01:52:45","slug":"ante-abusos-y-practicas-antisindicales-de-empresa-de-buses-jm-comunicado-fetramac","status":"publish","type":"post","link":"https:\/\/www.confederaciondelcobre.cl\/index.php\/2020\/05\/22\/ante-abusos-y-practicas-antisindicales-de-empresa-de-buses-jm-comunicado-fetramac\/","title":{"rendered":"Ante abusos y pr\u00e1cticas antisindicales de empresa de buses JM: Comunicado FETRAMAC"},"content":{"rendered":"\n<p style=\"text-align:center\"><strong>COMUNICADO<\/strong><\/p>\n\n\n\n<p>La <a href=\"https:\/\/www.facebook.com\/Fetramac-636970203453281\/?__tn__=kCH-R&amp;eid=ARAM-S20QDXFd7FlkqYvkXRqXGaN_hyqd7doCpquUB2rZm_6t5XD3JN0Y3L9YW84dSbq6z7rTVJ-c3nJ&amp;hc_ref=ART6dEAH6hpOoJLbVrxkGgC6Bgx64_7Goh91MLj1cgS-bdSLLPwzFWy3OCASKv2Wk0c&amp;fref=nf&amp;__xts__[0]=68.ARDr4OlFOhPbN5_CTwcmXKAru1WF9P5Dj7ajZtSx1lmn1Vv6VjH06sln95H2Shof3HUY1GcPP9dJGnki3EowwS40-vCW4NckAJzgb7aS8kn5FgQf6dz07Lxd9CZLXizqDe3EU8JHEoAJ2z77wNVrMhjcH90Elk-UCd0MyzGtXSxlGJtZbsNr-sa0b3BPovB6ehrkmJv17xRBjLrwEA4CPPnmOEwcCzGgX7qlt-DCLPQ0Ben5ZR2P6aPE44LzJvoXWiYBgHGLpwaQuuuVmaFGA1bB92xZaPGI75hyo19QiPSVsfsqC2p9VpyzrAPv-C7WmSdNzdMdVgTNV8hI2jyXPcOnHu4w8UvjH6xmB161DUbugP_Dzlf0EL4stsvzz5W71cRgTNxKJnDnl7_HXAs0fJFxROAgCe6nL_Z8CD61yZ6sqeRjnLudLqyCCWXwCET8mbhetl9Aop6-rx0w4iG7v9zUcJeOlz7w5xn7Ub64EbmUlLgt6yVnUQ\" target=\"_blank\" rel=\"noreferrer noopener\" aria-label=\" (abrir en una nueva pesta\u00f1a)\">Federaci\u00f3n de Trabajadores de la Miner\u00eda de Aconcagua<\/a>, organizaci\u00f3n superior que agrupa a trabajadores de empresas contratistas de la&nbsp;miner\u00eda y brazo org\u00e1nico de la CTC&nbsp;en la regi\u00f3n de Aconcagua, viene en denunciar p\u00fablicamente las m\u00faltiples pr\u00e1cticas antisindicales de la empresa de buses&nbsp;JM, que presta servicios para Codelco Andina.<\/p>\n\n\n\n<p>Dicha empresa ha sido multada reiteradamente por la Inspecci\u00f3n Provincial del Trabajo y se encuentra en proceso de juicio, situaciones dadas tanto por pr\u00e1cticas antisindicales como por graves incumplimientos al contrato colectivo firmado entre las partes, sin embargo, contin\u00faa amedrentando y despidiendo a trabajadores que se encuentran, principalmente, afiliados a nuestra organizaci\u00f3n.<\/p>\n\n\n\n<p>Todo lo anterior, en pleno conocimiento de Codelco Andina que ha hecho o\u00eddos sordos frente a esta situaci\u00f3n y que, por el contrario, ha aprovechado los resquicios legales pro empresas impulsados por este gobierno ileg\u00edtimo para ahorrarse gastos laborales traspasando, una vez m\u00e1s, el costo de la crisis a los trabajadores.<\/p>\n\n\n\n<p>Hacemos el llamado a Codelco&nbsp;para que cumpla con el rol social que le corresponde como empresa del Estado y vele por el respeto \u00edntegro a los Convenios Internacionales, los derechos laborales y el esp\u00edritu de Acuerdo Marco&nbsp;vigente entre las partes. En ese contexto, una empresa con los antecedentes de Buses JM, u otra empresa vinculada con la misma administraci\u00f3n, no debiera ser considerada para futuras licitaciones toda vez que las empresas antisindicales violan la escencia de los derechos consagrados en nuestra legislaci\u00f3n.<\/p>\n\n\n\n<p>Por otra parte, para la gran mayor\u00eda de trabajadores que no est\u00e1n organizados, los invitamos a conocer las ventajas de sindicalizarse, estamos siempre dispuestos a responder sus dudas y a asumir sus denuncias frente a la vulneraci\u00f3n de sus derechos, para ello pueden escribirnos al correo fetramac@confecobre.cl o a trav\u00e9s de la p\u00e1gina de la Confederaci\u00f3n&nbsp;<a href=\"https:\/\/l.facebook.com\/l.php?u=http%3A%2F%2Fwww.confederaciondelcobre.cl%2F%3Ffbclid%3DIwAR2jvCcyjAoD1MWxMx2RnB5CrKqUDIB4h864Nr1Of_oQCg1ASN7pYSwBbk0&amp;h=AT2Pw5ZrlutJyUK9oUjXYFOfy3NMsSltgc-FRLx1m1p0HvWTx-is5KkZ4t4YqKnrJyqotikHEHEmzO5ovtWeQHsTnRBlmcSmUm_6R9FQFbHvwg0HnhdLNQlsWj3zyFAbmkfG8M5QtRtkMhHGvV8fg_gN2J9pdi9q0KDpoX9aJOs9xveSOiLLDzlVGAiWlxdjsIAO_bIRNBo6hsq2otpPPnZV0ZSdyTvkHXXVVidPQEO3-b0mvCIMP_J8dPzDRgH0eRKpKEsNIXjoVgJxyKxLhSnCbjku94G30Xz6-t-57j8nshMhWPCRsjKFasrmySl6OG7cU_gMDK2Fz9QbIKYvx7sjwKue5o_SDEghPdFzlqxrqQ_d4QN6rduKhiVDwluRitOWnHFBylZf_wwSxWihxMMGmRIyJu58FM4fBMqHq98Q_WUK2urA7cjDIHa-8K_IfXnr9oDaQ5saxjsdiiQUtD7SXT_vpZ4TM0O0ERWTIclYZGPsCuY-mjzSRemcJ_J9Un34M-xxlJVS_78P7lNShiljk2HjUnNHfQwuSP_kpSuaW_wmN6Y0CqXw667o9xrsHwOJ4HdO6hYVXPsoh3QQ1tlkS4l59Z6PTLKd7mPkAHTBZh7KWHGIkC0ThTf62nV70AWTLBsZCi9h_XY9vGGarp3SECuh5RdpDv0JCCdQ6f6NPNyvoS8VrCp4AB2oBzaClLjfathtlSmP7KGk1fQST2h2Nr_92Q0DCsSvjSiM9Yrzmp0Npq6xraPD9UhTo1g6qVXrK0gQOgdY4kMS2SEGwzbF9CGWhzI4Cofeb78NHeRwC-uSgaNg8d2de2FpMZKv-1p_zNFXkeVPtnghZcKFZGrtgg\" target=\"_blank\" rel=\"noreferrer noopener\">www.confederaciondelcobre.cl<\/a><\/p>\n\n\n\n<p style=\"text-align:center\">\u00a1\u00a1ARRIBA LOS QUE LUCHAN Y NO SE RINDEN JAMAS!!<\/p>\n\n\n\n<figure class=\"wp-block-image\"><img loading=\"lazy\" decoding=\"async\" width=\"748\" height=\"1024\" src=\"http:\/\/www.confederaciondelcobre.cl\/wp-content\/uploads\/2020\/05\/Comunicado-FETRAMAC-mayo-2020-748x1024.jpg\" alt=\"\" class=\"wp-image-1113\" srcset=\"https:\/\/www.confederaciondelcobre.cl\/wp-content\/uploads\/2020\/05\/Comunicado-FETRAMAC-mayo-2020-748x1024.jpg 748w, https:\/\/www.confederaciondelcobre.cl\/wp-content\/uploads\/2020\/05\/Comunicado-FETRAMAC-mayo-2020-219x300.jpg 219w, https:\/\/www.confederaciondelcobre.cl\/wp-content\/uploads\/2020\/05\/Comunicado-FETRAMAC-mayo-2020-768x1051.jpg 768w\" sizes=\"auto, (max-width: 748px) 100vw, 748px\" \/><\/figure>\n","protected":false},"excerpt":{"rendered":"<p>COMUNICADO La Federaci\u00f3n de Trabajadores de la Miner\u00eda de Aconcagua, organizaci\u00f3n superior que agrupa a trabajadores de empresas contratistas de la&nbsp;miner\u00eda y brazo org\u00e1nico de la CTC&nbsp;en la regi\u00f3n de &hellip; <\/p>\n","protected":false},"author":2,"featured_media":1115,"comment_status":"closed","ping_status":"closed","sticky":false,"template":"","format":"standard","meta":{"jetpack_post_was_ever_published":false,"_jetpack_newsletter_access":"","_jetpack_dont_email_post_to_subs":false,"_jetpack_newsletter_tier_id":0,"_jetpack_memberships_contains_paywalled_content":false,"_jetpack_memberships_contains_paid_content":false,"footnotes":"","jetpack_publicize_message":"","jetpack_publicize_feature_enabled":true,"jetpack_social_post_already_shared":false,"jetpack_social_options":{"image_generator_settings":{"template":"highway","default_image_id":0,"enabled":false},"version":2}},"categories":[8,9,21,29,19],"tags":[],"class_list":["post-1112","post","type-post","status-publish","format-standard","has-post-thumbnail","hentry","category-comunicado","category-confederacion","category-federaciones","category-fetramac","category-trabajadores"],"jetpack_publicize_connections":[],"jetpack_featured_media_url":"https:\/\/www.confederaciondelcobre.cl\/wp-content\/uploads\/2020\/05\/ComFETRAMACMay2020.jpg","jetpack_sharing_enabled":true,"post_mailing_queue_ids":[],"_links":{"self":[{"href":"https:\/\/www.confederaciondelcobre.cl\/index.php\/wp-json\/wp\/v2\/posts\/1112","targetHints":{"allow":["GET"]}}],"collection":[{"href":"https:\/\/www.confederaciondelcobre.cl\/index.php\/wp-json\/wp\/v2\/posts"}],"about":[{"href":"https:\/\/www.confederaciondelcobre.cl\/index.php\/wp-json\/wp\/v2\/types\/post"}],"author":[{"embeddable":true,"href":"https:\/\/www.confederaciondelcobre.cl\/index.php\/wp-json\/wp\/v2\/users\/2"}],"replies":[{"embeddable":true,"href":"https:\/\/www.confederaciondelcobre.cl\/index.php\/wp-json\/wp\/v2\/comments?post=1112"}],"version-history":[{"count":3,"href":"https:\/\/www.confederaciondelcobre.cl\/index.php\/wp-json\/wp\/v2\/posts\/1112\/revisions"}],"predecessor-version":[{"id":1117,"href":"https:\/\/www.confederaciondelcobre.cl\/index.php\/wp-json\/wp\/v2\/posts\/1112\/revisions\/1117"}],"wp:featuredmedia":[{"embeddable":true,"href":"https:\/\/www.confederaciondelcobre.cl\/index.php\/wp-json\/wp\/v2\/media\/1115"}],"wp:attachment":[{"href":"https:\/\/www.confederaciondelcobre.cl\/index.php\/wp-json\/wp\/v2\/media?parent=1112"}],"wp:term":[{"taxonomy":"category","embeddable":true,"href":"https:\/\/www.confederaciondelcobre.cl\/index.php\/wp-json\/wp\/v2\/categories?post=1112"},{"taxonomy":"post_tag","embeddable":true,"href":"https:\/\/www.confederaciondelcobre.cl\/index.php\/wp-json\/wp\/v2\/tags?post=1112"}],"curies":[{"name":"wp","href":"https:\/\/api.w.org\/{rel}","templated":true}]}}