{"id":1127,"date":"2020-06-02T19:10:47","date_gmt":"2020-06-02T19:10:47","guid":{"rendered":"http:\/\/www.confederaciondelcobre.cl\/?p=1127"},"modified":"2020-06-02T19:10:49","modified_gmt":"2020-06-02T19:10:49","slug":"el-acuerdo-marco-con-mantos-copper-se-defiende","status":"publish","type":"post","link":"https:\/\/www.confederaciondelcobre.cl\/index.php\/2020\/06\/02\/el-acuerdo-marco-con-mantos-copper-se-defiende\/","title":{"rendered":"\u00a1El Acuerdo Marco con Mantos Copper se defiende!"},"content":{"rendered":"\n<p>El Acuerdo Marco firmado entre la Confederaci\u00f3n de Trabajadores del Cobre y la minera Mantos Copper, conquistado el 2014 gracias a la organizaci\u00f3n y lucha de las y los trabajadores agrupados en torno a nuestra organizaci\u00f3n, y que adem\u00e1s fuera ratificado y mejorado el a\u00f1o 2017, consagrando importantes derechos y garant\u00edas para quienes prestan sus servicios en las distintas faenas operadas por Mantos Copper, hoy est\u00e1 sufriendo una peligrosa amenaza.<\/p>\n\n\n\n<p><strong>La mandante Mantos Copper, junto a sus empresas contratistas han ca\u00eddo en una abierta pr\u00e1ctica desleal y derechamente antisindical<\/strong>. Por un lado,<strong> las empresas contratistas han iniciado una campa\u00f1a en la que est\u00e1n presionando a las y los trabajadores a firmar anexos individuales de trabajo<\/strong> con los que pretenden reemplazar este instrumento colectivo. Por otro lado, <strong>la mandante Mantos Copper, en evidente complicidad con esta arremetida, se ha <em>mantenido al margen<\/em> dando rienda suelta a esta descarada intenci\u00f3n de desmontar nuestro Acuerdo Macro, un Acuerdo que es colectivo, que establece derechos, garant\u00edas y beneficios MAS ALL\u00c1 de un contrato individual de trabajo, un Acuerdo que es para el conjunto de las y los trabajadores contratistas y subcontratistas que prestan sus servicios a la minera Mantos Copper<\/strong>.<\/p>\n\n\n\n<figure class=\"wp-block-image\"><img loading=\"lazy\" decoding=\"async\" width=\"800\" height=\"600\" src=\"http:\/\/www.confederaciondelcobre.cl\/wp-content\/uploads\/2020\/06\/Mantos3.jpg\" alt=\"\" class=\"wp-image-1157\" srcset=\"https:\/\/www.confederaciondelcobre.cl\/wp-content\/uploads\/2020\/06\/Mantos3.jpg 800w, https:\/\/www.confederaciondelcobre.cl\/wp-content\/uploads\/2020\/06\/Mantos3-300x225.jpg 300w, https:\/\/www.confederaciondelcobre.cl\/wp-content\/uploads\/2020\/06\/Mantos3-768x576.jpg 768w\" sizes=\"auto, (max-width: 800px) 100vw, 800px\" \/><\/figure>\n\n\n\n<p><strong>Es por ello que el d\u00eda de hoy<\/strong>, a la entrada del turno de la ma\u00f1ana en las faenas de MantoVerde y Mantos Blancos, <strong>las y los trabajadores contratistas y subcontratistas que prestan sus servicios a la mandante Mantos Copper, y manteniendo todos los resguardos que la actual emergencia sanitaria requiere, se movilizaron denunciando y rechazando esta verdadera maniobra<\/strong> de la mandante y sus empresas contratistas y subcontratistas para despojar a los trabajadores de sus derechos.<\/p>\n\n\n\n<blockquote class=\"wp-block-quote is-layout-flow wp-block-quote-is-layout-flow\"><p>Compa\u00f1eras y compa\u00f1eros, a no dejarse enga\u00f1ar. Es mentira que un trabajador puede negociar de forma individual y en igualdad de condiciones con su empleador. <strong>El ofrecimiento de elegir entre firmar un anexo individual o ser despedido NO es una oferta, es una amenaza inaceptable.<\/strong> <\/p><\/blockquote>\n\n\n\n<p>Cabe se\u00f1alar (como si lo anterior no bastara) que <strong>la actual negociaci\u00f3n<\/strong> <strong>del Acuerdo Marco con Mantos Copper se encuentra en punto pendiente, pendiente \u00daNICA Y EXCLUSIVAMENTE  debido a la falta de voluntad de la mandante que<\/strong>, desde <a rel=\"noreferrer noopener\" aria-label=\"el 19 de abril cuando se ingres\u00f3 el petitorio que corresponde para este a\u00f1o (abrir en una nueva pesta\u00f1a)\" href=\"http:\/\/www.confederaciondelcobre.cl\/index.php\/2020\/03\/31\/acuerdo-marco-mantos-copper-federaciones-de-mantoverde-y-mantos-blancos-entregan-documento-para-renovar-ampliar-y-mejorar-condiciones-laborales\/\" target=\"_blank\">el 30 de marzo cuando se ingres\u00f3 el petitorio que corresponde para este a\u00f1o<\/a>, y luego de una primera reuni\u00f3n sostenida v\u00eda teleconferencia con nuestra organizaci\u00f3n, <strong>ha suspendido cinco encuentros posteriores<\/strong>.<\/p>\n\n\n\n<p>Hoy, m\u00e1s que nunca, cuando la crisis social, sanitaria y econ\u00f3mica est\u00e1 siendo aprovechada desde el gobierno hasta los empresarios para despojar a las y los trabajadores de sus conquistas y derechos, es que <strong>los llamamos a no ceder. Los llamamos a no firmar anexos individuales tramposos, los llamamos a estar unidos, informados y activos en las distintas reuniones y coordinaciones de sus sindicatos y federaciones. El Acuerdo Marco es un instrumento conquistado gracias a la lucha colectiva de todas y todos que, agrupados en la Confederaci\u00f3n de Trabajadores del Cobre, hemos logrado mejorar nuestras condiciones econ\u00f3micas y laborales, avanzando en dignidad para las y los trabajadores que hist\u00f3ricamente hemos sido los m\u00e1s precarizados de la gran miner\u00eda del cobre.\u00a0<\/strong><\/p>\n\n\n\n<p><strong>La movilizaci\u00f3n de hoy es la demostraci\u00f3n del estado de alerta en que se encuentran las y los trabajadores. La palabra, ahora, la tiene Mantos Copper.<\/strong><\/p>\n\n\n\n<p>A continuaci\u00f3n puedes revisar publicaciones relacionadas:<\/p>\n\n\n\n<ul class=\"wp-block-list\"><li><a rel=\"noreferrer noopener\" aria-label=\" (abrir en una nueva pesta\u00f1a)\" href=\"http:\/\/www.confederaciondelcobre.cl\/index.php\/2020\/05\/28\/acuerdo-marco-mantos-copper-ante-maniobras-antisindicales-comunicadoctc\/\" target=\"_blank\">Acuerdo Marco Mantos Copper: ante maniobras antisindicales #ComunicadoCTC.<\/a><\/li><li><a rel=\"noreferrer noopener\" aria-label=\" (abrir en una nueva pesta\u00f1a)\" href=\"http:\/\/www.confederaciondelcobre.cl\/index.php\/2020\/03\/31\/acuerdo-marco-mantos-copper-federaciones-de-mantoverde-y-mantos-blancos-entregan-documento-para-renovar-ampliar-y-mejorar-condiciones-laborales\/\" target=\"_blank\">Acuerdo Marco Mantos Copper: CTC junto a Federaciones de Mantoverde y Mantos Blancos entregan documento para renovar, ampliar y mejorar condiciones laborales.<\/a><\/li><\/ul>\n\n\n","protected":false},"excerpt":{"rendered":"<p>El Acuerdo Marco firmado entre la Confederaci\u00f3n de Trabajadores del Cobre y la minera Mantos Copper, conquistado el 2014 gracias a la organizaci\u00f3n y lucha de las y los trabajadores &hellip; <\/p>\n","protected":false},"author":2,"featured_media":1134,"comment_status":"closed","ping_status":"closed","sticky":false,"template":"","format":"standard","meta":{"jetpack_post_was_ever_published":false,"_jetpack_newsletter_access":"","_jetpack_dont_email_post_to_subs":false,"_jetpack_newsletter_tier_id":0,"_jetpack_memberships_contains_paywalled_content":false,"_jetpack_memberships_contains_paid_content":false,"footnotes":"","jetpack_publicize_message":"","jetpack_publicize_feature_enabled":true,"jetpack_social_post_already_shared":false,"jetpack_social_options":{"image_generator_settings":{"template":"highway","default_image_id":0,"enabled":false},"version":2}},"categories":[5,24,9,21,26,25],"tags":[],"class_list":["post-1127","post","type-post","status-publish","format-standard","has-post-thumbnail","hentry","category-acuerdo-marco","category-acuerdo-marco-mantos-copper","category-confederacion","category-federaciones","category-fesamab","category-fesamav"],"jetpack_publicize_connections":[],"jetpack_featured_media_url":"https:\/\/www.confederaciondelcobre.cl\/wp-content\/uploads\/2020\/06\/Portada-Nota-AMMC02062020.jpg","jetpack_sharing_enabled":true,"post_mailing_queue_ids":[],"_links":{"self":[{"href":"https:\/\/www.confederaciondelcobre.cl\/index.php\/wp-json\/wp\/v2\/posts\/1127","targetHints":{"allow":["GET"]}}],"collection":[{"href":"https:\/\/www.confederaciondelcobre.cl\/index.php\/wp-json\/wp\/v2\/posts"}],"about":[{"href":"https:\/\/www.confederaciondelcobre.cl\/index.php\/wp-json\/wp\/v2\/types\/post"}],"author":[{"embeddable":true,"href":"https:\/\/www.confederaciondelcobre.cl\/index.php\/wp-json\/wp\/v2\/users\/2"}],"replies":[{"embeddable":true,"href":"https:\/\/www.confederaciondelcobre.cl\/index.php\/wp-json\/wp\/v2\/comments?post=1127"}],"version-history":[{"count":30,"href":"https:\/\/www.confederaciondelcobre.cl\/index.php\/wp-json\/wp\/v2\/posts\/1127\/revisions"}],"predecessor-version":[{"id":1159,"href":"https:\/\/www.confederaciondelcobre.cl\/index.php\/wp-json\/wp\/v2\/posts\/1127\/revisions\/1159"}],"wp:featuredmedia":[{"embeddable":true,"href":"https:\/\/www.confederaciondelcobre.cl\/index.php\/wp-json\/wp\/v2\/media\/1134"}],"wp:attachment":[{"href":"https:\/\/www.confederaciondelcobre.cl\/index.php\/wp-json\/wp\/v2\/media?parent=1127"}],"wp:term":[{"taxonomy":"category","embeddable":true,"href":"https:\/\/www.confederaciondelcobre.cl\/index.php\/wp-json\/wp\/v2\/categories?post=1127"},{"taxonomy":"post_tag","embeddable":true,"href":"https:\/\/www.confederaciondelcobre.cl\/index.php\/wp-json\/wp\/v2\/tags?post=1127"}],"curies":[{"name":"wp","href":"https:\/\/api.w.org\/{rel}","templated":true}]}}