{"id":1160,"date":"2020-06-08T20:02:01","date_gmt":"2020-06-08T20:02:01","guid":{"rendered":"http:\/\/www.confederaciondelcobre.cl\/?p=1160"},"modified":"2020-06-08T20:17:21","modified_gmt":"2020-06-08T20:17:21","slug":"nelson-quichillao-estado-de-chile-debera-informar-a-la-cidh","status":"publish","type":"post","link":"https:\/\/www.confederaciondelcobre.cl\/index.php\/2020\/06\/08\/nelson-quichillao-estado-de-chile-debera-informar-a-la-cidh\/","title":{"rendered":"Nelson Quichillao: Estado de Chile deber\u00e1 informar a la CIDH."},"content":{"rendered":"\n<p>La \u00faltima semana de septiembre de 2018 la Confederaci\u00f3n de Trabajadores del Cobre (CTC), junto con la familia de Nelson Quichillao L\u00f3pez, y ante el <a rel=\"noreferrer noopener\" aria-label=\"cierre del caso a instancias nacionales (abrir en una nueva pesta\u00f1a)\" href=\"http:\/\/archivoconfecobre.cl\/index.php\/2018\/03\/28\/comunicado-publico-por-caso-nelson-quichillao\/\" target=\"_blank\">cierre del caso a instancias nacionales<\/a> por el asesinato de nuestro compa\u00f1ero, present\u00f3 una <a rel=\"noreferrer noopener\" aria-label=\"denuncia ante la Comisi\u00f3n Interamericana de Derechos Humanos (CIDH) (abrir en una nueva pesta\u00f1a)\" href=\"http:\/\/archivoconfecobre.cl\/index.php\/2018\/10\/11\/nelson-quichillao-ctc-presenta-denuncia-ante-la-comision-interamericana-de-derechos-humanos\/\" target=\"_blank\">denuncia ante la Comisi\u00f3n Interamericana de Derechos Humanos (CIDH)<\/a> en la que se persigue la responsabilidad internacional del Estado de Chile al violar la Convenci\u00f3n Americana de Derechos Humanos, principalmente <strong>por no investigar adecuadamente la muerte de Nelson a manos de Carabineros de Chile, por vulnerar el derecho a la verdad, a la justicia, a la integridad f\u00edsica y, en definitiva, el derecho a la vida de Nelson Quichillao<\/strong>.<\/p>\n\n\n\n<p>Por estos d\u00edas el organismo internacional (CIDH) <strong>ha enviado la petici\u00f3n al Gobierno de Chile para que este presente sus observaciones<\/strong> en un plazo de tres meses (prorrogables como m\u00e1ximo hasta cuatro meses), <strong>para luego pasar a la etapa de admisibilidad del caso<\/strong>. Lo anterior implica, entonces, que <strong>luego del intercambio de informaci\u00f3n y observaciones solicitado, en donde el Estado de Chile deber\u00e1 elaborar un informe acompa\u00f1ando todos los antecedentes del caso, la CIDH adoptar\u00e1 la decisi\u00f3n de declarar admisible o inadmisible la petici\u00f3n (denuncia)<\/strong> sobre el asesinato de nuestro compa\u00f1ero Nelson Quichillao L\u00f3pez.<\/p>\n\n\n\n<figure class=\"wp-block-image\"><img loading=\"lazy\" decoding=\"async\" width=\"800\" height=\"450\" src=\"http:\/\/www.confederaciondelcobre.cl\/wp-content\/uploads\/2020\/06\/Memorial-Nelson-Quichillao-en-EL-Salvador.jpg\" alt=\"\" class=\"wp-image-1182\" srcset=\"https:\/\/www.confederaciondelcobre.cl\/wp-content\/uploads\/2020\/06\/Memorial-Nelson-Quichillao-en-EL-Salvador.jpg 800w, https:\/\/www.confederaciondelcobre.cl\/wp-content\/uploads\/2020\/06\/Memorial-Nelson-Quichillao-en-EL-Salvador-300x169.jpg 300w, https:\/\/www.confederaciondelcobre.cl\/wp-content\/uploads\/2020\/06\/Memorial-Nelson-Quichillao-en-EL-Salvador-768x432.jpg 768w\" sizes=\"auto, (max-width: 800px) 100vw, 800px\" \/><figcaption>Memorial por Nelson Quichillao en el campamento minero de El Salvador &#8211; Chile.<\/figcaption><\/figure>\n\n\n\n<ul class=\"wp-block-list\"><li><em><strong>Nelson Quichillao L\u00f3pez<\/strong> era un trabajador subcontratado de la miner\u00eda del cobre, socio del Sindicato N\u00ba2 de Geovita, afiliado a la Federaci\u00f3n de Sindicatos El Salvador (FESAL) que es brazo org\u00e1nico de la Confederaci\u00f3n de Trabajadores del Cobre (CTC) en la Regi\u00f3n de Atacama. Nelson se manifestaba junto a sus compa\u00f1eros en el campamento Minero de El Salvador por la renovaci\u00f3n, ampliaci\u00f3n y mejoramiento del a\u00fan vigente Acuerdo Marco entre la CTC y Codelco (firmado el 2007, renovado el 2009, 2011 y 2013) el a\u00f1o 2015. Es en ese contexto en que las autoridades del momento tomaron la determinaci\u00f3n de reprimir la movilizaci\u00f3n nacional de las y los trabajadores contratistas y subcontratistas de la miner\u00eda del cobre. Una represi\u00f3n criminal, llevada a cabo por FF.EE de Carabineros, que se desat\u00f3 en la madrugada del 24 de julio, de manera planificada y clandestina, dejando a muchos compa\u00f1eros heridos y a Nelson Quichillao muerto de un disparo.<\/em><\/li><\/ul>\n\n\n\n<p><strong>Ana Lamas Aguirre<\/strong>, Secretaria General de la Confederaci\u00f3n de Trabajadores del Cobre, y Presidenta de la Federaci\u00f3n de Sindicatos El Salvador, se\u00f1al\u00f3 que &#8220;<strong>el caso de Nelson se vino a sumar a una larga lista de trabajadores asesinados y gravemente heridos por la brutalidad de Carabineros <\/strong>en jornadas de movilizaciones sociales ayer y hoy&#8221;, a\u00f1adiendo que &#8220;Carabineros contin\u00faa reprimiendo de manera b\u00e1rbara y sistem\u00e1ticamente a trabajadores, estudiantes, pobladores y pueblo mapuche en jornadas de protesta social&#8221;. Sobre las y los trabajadores subcontratados del cobre indic\u00f3 que &#8220;<strong>s\u00f3lo aspiramos a mejores y m\u00e1s justas condiciones de empleo y de vida familiar, queremos que nunca m\u00e1s en Chile exista represi\u00f3n, muertes y abusos quedando en la absoluta impunidad e injusticia bajo la mirada indiferente, contemplativa y pasiva del Estado. Queremos y necesitamos que se haga justicia, y tenemos la esperanza de que el asesinato de Nelson Quichillao L\u00f3pez no quede impune<\/strong>, que se establezcan protocolos, penalizaciones y una cultura policial que vayan en el sentido contrario a la impunidad y violaci\u00f3n de los derechos humanos que actualmente existe en nuestro pa\u00eds&#8221;, finaliz\u00f3.<\/p>\n\n\n\n<p>A continuaci\u00f3n puedes revisar algunas publicaciones relacionadas:<\/p>\n\n\n\n<ul class=\"wp-block-list\"><li><a rel=\"noreferrer noopener\" href=\"http:\/\/archivoconfecobre.cl\/index.php\/2018\/03\/28\/comunicado-publico-por-caso-nelson-quichillao\/\" target=\"_blank\">Comunicado P\u00fablico por caso Nelson Quichillao.<\/a><\/li><li><a rel=\"noreferrer noopener\" aria-label=\"Caso Nelson Quichillao y pretensi\u00f3n de impunidad. (abrir en una nueva pesta\u00f1a)\" href=\"http:\/\/archivoconfecobre.cl\/index.php\/2018\/03\/27\/caso-nelson-quichillao-y-pretension-de-impunidad\/\" target=\"_blank\">Caso Nelson Quichillao y pretensi\u00f3n de impunidad.<\/a><\/li><li><a rel=\"noreferrer noopener\" aria-label=\"Nelson Quichillao: CTC presenta denuncia ante la Comisi\u00f3n Interamericana de Derechos Humanos. (abrir en una nueva pesta\u00f1a)\" href=\"http:\/\/archivoconfecobre.cl\/index.php\/2018\/10\/11\/nelson-quichillao-ctc-presenta-denuncia-ante-la-comision-interamericana-de-derechos-humanos\/\" target=\"_blank\">Nelson Quichillao: CTC presenta denuncia ante la Comisi\u00f3n Interamericana de Derechos Humanos.<\/a><\/li><\/ul>\n","protected":false},"excerpt":{"rendered":"<p>La \u00faltima semana de septiembre de 2018 la Confederaci\u00f3n de Trabajadores del Cobre (CTC), junto con la familia de Nelson Quichillao L\u00f3pez, y ante el cierre del caso a instancias &hellip; <\/p>\n","protected":false},"author":2,"featured_media":1174,"comment_status":"closed","ping_status":"closed","sticky":false,"template":"","format":"standard","meta":{"jetpack_post_was_ever_published":false,"_jetpack_newsletter_access":"","_jetpack_dont_email_post_to_subs":false,"_jetpack_newsletter_tier_id":0,"_jetpack_memberships_contains_paywalled_content":false,"_jetpack_memberships_contains_paid_content":false,"footnotes":"","jetpack_publicize_message":"","jetpack_publicize_feature_enabled":true,"jetpack_social_post_already_shared":false,"jetpack_social_options":{"image_generator_settings":{"template":"highway","default_image_id":0,"enabled":false},"version":2}},"categories":[9,13,15,32,19],"tags":[],"class_list":["post-1160","post","type-post","status-publish","format-standard","has-post-thumbnail","hentry","category-confederacion","category-internacional","category-nacional","category-nelson-quichillao","category-trabajadores"],"jetpack_publicize_connections":[],"jetpack_featured_media_url":"https:\/\/www.confederaciondelcobre.cl\/wp-content\/uploads\/2020\/06\/NELSON-QUICHILLAO.jpg","jetpack_sharing_enabled":true,"post_mailing_queue_ids":[],"_links":{"self":[{"href":"https:\/\/www.confederaciondelcobre.cl\/index.php\/wp-json\/wp\/v2\/posts\/1160","targetHints":{"allow":["GET"]}}],"collection":[{"href":"https:\/\/www.confederaciondelcobre.cl\/index.php\/wp-json\/wp\/v2\/posts"}],"about":[{"href":"https:\/\/www.confederaciondelcobre.cl\/index.php\/wp-json\/wp\/v2\/types\/post"}],"author":[{"embeddable":true,"href":"https:\/\/www.confederaciondelcobre.cl\/index.php\/wp-json\/wp\/v2\/users\/2"}],"replies":[{"embeddable":true,"href":"https:\/\/www.confederaciondelcobre.cl\/index.php\/wp-json\/wp\/v2\/comments?post=1160"}],"version-history":[{"count":35,"href":"https:\/\/www.confederaciondelcobre.cl\/index.php\/wp-json\/wp\/v2\/posts\/1160\/revisions"}],"predecessor-version":[{"id":1210,"href":"https:\/\/www.confederaciondelcobre.cl\/index.php\/wp-json\/wp\/v2\/posts\/1160\/revisions\/1210"}],"wp:featuredmedia":[{"embeddable":true,"href":"https:\/\/www.confederaciondelcobre.cl\/index.php\/wp-json\/wp\/v2\/media\/1174"}],"wp:attachment":[{"href":"https:\/\/www.confederaciondelcobre.cl\/index.php\/wp-json\/wp\/v2\/media?parent=1160"}],"wp:term":[{"taxonomy":"category","embeddable":true,"href":"https:\/\/www.confederaciondelcobre.cl\/index.php\/wp-json\/wp\/v2\/categories?post=1160"},{"taxonomy":"post_tag","embeddable":true,"href":"https:\/\/www.confederaciondelcobre.cl\/index.php\/wp-json\/wp\/v2\/tags?post=1160"}],"curies":[{"name":"wp","href":"https:\/\/api.w.org\/{rel}","templated":true}]}}