{"id":1242,"date":"2020-06-14T19:49:27","date_gmt":"2020-06-14T19:49:27","guid":{"rendered":"http:\/\/www.confederaciondelcobre.cl\/?p=1242"},"modified":"2020-06-14T19:50:57","modified_gmt":"2020-06-14T19:50:57","slug":"comunicadoctmin","status":"publish","type":"post","link":"https:\/\/www.confederaciondelcobre.cl\/index.php\/2020\/06\/14\/comunicadoctmin\/","title":{"rendered":"Ante el preocupante aumento de casos COVID-19 en el rubro minero: #ComunicadoCTMIN"},"content":{"rendered":"\n<p style=\"text-align:center\"><strong>COMUNICADO P\u00daBLICO<\/strong><\/p>\n\n\n\n<p style=\"text-align:right\">14 de junio de 2020.<\/p>\n\n\n\n<p>La Coordinadora de Trabajadores de la Miner\u00eda representante de siete organizaciones superiores de la miner\u00eda privada y estatal, frente al preocupante aumento de casos de COVID-19 en el rubro manifiesta lo siguiente:<br><br>1.- Creemos necesario desmentir y rechazar tajantemente el \u201cDiscurso de Normalidad\u201d impuesto por los diferentes gremios del sector, as\u00ed como por parte del Ministro de Miner\u00eda, Baldo Prokurica, acerca del panorama sanitario que se est\u00e1 viviendo en las faenas mineras de nuestro pa\u00eds. El aumento de casos es alarmante y demuestra que las medidas preventivas implementadas con protocolos de salud y seguridad que apuntan al autocuidado no son eficientes y deja en clara evidencia que al contrario de lo que el gremio.<br><br>2.- Asimismo, consideramos de car\u00e1cter urgente que las autoridades oficien e instruyan a las compa\u00f1\u00edas mineras a transparentar la informaci\u00f3n respecto a las reales cifras de contagios detectados en el sector, ya que su reticencia a entregar datos oficiales a las organizaciones sindicales no contribuye en absoluto al control y contenci\u00f3n del virus en faenas, a\u00fan m\u00e1s nos dejan al arbitrio de la toma de decisiones respecto a las medidas adoptadas para sobrellevar esta pandemia.<br><br>3.- Por otra parte, la disposici\u00f3n anunciada por el Ministro de Miner\u00eda en entrevista con CNN, en la que advierte fiscalizaciones por parte de Sernageomin y las Seremias regionales en las zonas mineras, es tard\u00eda y reaccionaria, ya que solo responde a una medida de presi\u00f3n frente al comunicado p\u00fablico, del cual como CTMIN nos hacemos eco, enviado por nuestros compa\u00f1eros de la Federaci\u00f3n de Trabajadores del Cobre y que viene a desnudar la preocupante realidad que afecta a los mineros y mineras con el explosivo aumento de casos de coronavirus en nuestras faenas.<br><br>4.- Por estos motivos emplazamos a la m\u00e1xima autoridad del sector a dar cuenta de las acciones que va a tomar el Ministerio, frente a esta situaci\u00f3n que vemos desbordada pese a las advertencias que como representantes de las y los trabajadores, venimos alertando desde el inicio de la pandemia.<br><br>5.- Adem\u00e1s queremos hacer presente que, como varias organizaciones lo han se\u00f1alado, la industria ha aprovechado la pandemia y las leyes ad hoc para reducir sus costos a partir de la precarizaci\u00f3n laboral del sector, afectando las condiciones laborales de las y los trabajadores y agudizando la brecha con las organizaciones sindicales.<br><br>6.- Finalmente, creemos que ya es tiempo de revaluar la continuidad operacional, considerando que la industria no ha tenido mayores incidencias e impacto en la producci\u00f3n, principalmente la del cobre que seg\u00fan la tendencia va en alza y con la reactivaci\u00f3n del mercado chino no presagia la debacle financiera que algunas compa\u00f1\u00edas mineras han querido sostener para avalar medidas precipitadas como el despido de trabajadores aludiendo a los alcances del coronavirus.<br><br>Como Coordinadora de Trabajadores de la Miner\u00eda nos encontramos en alerta y observantes de la cr\u00edtica situaci\u00f3n sanitaria que se presenta en cada una de las faenas mineras de nuestro pa\u00eds y exigimos que las autoridades gubernamentales y del gremio tomen con seriedad el actual escenario que estamos enfrentando, procurando la salud y la vida de las y los trabajadores por sobre la producci\u00f3n.<\/p>\n\n\n\n<ul class=\"wp-block-list\"><li>Gustavo Tapia Campos, Presidente Federaci\u00f3n Minera de Chile.<\/li><li>Patricio Elgueta Jofr\u00e9, Presidente Federaci\u00f3n de Trabajadores del Cobre.<\/li><li>Miguel Fern\u00e1ndez, Presidente Federaci\u00f3n de Supervisores de la Miner\u00eda Privada.<\/li><li>Manuel Ahumada, Presidente Confederaci\u00f3n de Trabajadores del Cobre.<\/li><li>Hugo P\u00e1ez, Presidente Confederaci\u00f3n Minera de Chile.<\/li><li>Ricardo Calder\u00f3n, Presidente Federaci\u00f3n de Supervisores del Cobre.<\/li><li>Celso Pardo, Presidente Federaci\u00f3n de Sindicatos Antofagasta Minerals.<\/li><\/ul>\n\n\n\n<figure class=\"wp-block-image\"><img loading=\"lazy\" decoding=\"async\" width=\"760\" height=\"1024\" src=\"http:\/\/www.confederaciondelcobre.cl\/wp-content\/uploads\/2020\/06\/ComCTMIN1-760x1024.jpeg\" alt=\"\" class=\"wp-image-1243\" srcset=\"https:\/\/www.confederaciondelcobre.cl\/wp-content\/uploads\/2020\/06\/ComCTMIN1-760x1024.jpeg 760w, https:\/\/www.confederaciondelcobre.cl\/wp-content\/uploads\/2020\/06\/ComCTMIN1-223x300.jpeg 223w, https:\/\/www.confederaciondelcobre.cl\/wp-content\/uploads\/2020\/06\/ComCTMIN1-768x1035.jpeg 768w, https:\/\/www.confederaciondelcobre.cl\/wp-content\/uploads\/2020\/06\/ComCTMIN1.jpeg 983w\" sizes=\"auto, (max-width: 760px) 100vw, 760px\" \/><\/figure>\n\n\n\n<figure class=\"wp-block-image\"><img loading=\"lazy\" decoding=\"async\" width=\"754\" height=\"1024\" src=\"http:\/\/www.confederaciondelcobre.cl\/wp-content\/uploads\/2020\/06\/ComCTMIN2-754x1024.jpeg\" alt=\"\" class=\"wp-image-1244\" srcset=\"https:\/\/www.confederaciondelcobre.cl\/wp-content\/uploads\/2020\/06\/ComCTMIN2-754x1024.jpeg 754w, https:\/\/www.confederaciondelcobre.cl\/wp-content\/uploads\/2020\/06\/ComCTMIN2-221x300.jpeg 221w, https:\/\/www.confederaciondelcobre.cl\/wp-content\/uploads\/2020\/06\/ComCTMIN2-768x1043.jpeg 768w, https:\/\/www.confederaciondelcobre.cl\/wp-content\/uploads\/2020\/06\/ComCTMIN2.jpeg 965w\" sizes=\"auto, (max-width: 754px) 100vw, 754px\" \/><\/figure>\n","protected":false},"excerpt":{"rendered":"<p>COMUNICADO P\u00daBLICO 14 de junio de 2020. La Coordinadora de Trabajadores de la Miner\u00eda representante de siete organizaciones superiores de la miner\u00eda privada y estatal, frente al preocupante aumento de &hellip; <\/p>\n","protected":false},"author":2,"featured_media":1245,"comment_status":"closed","ping_status":"closed","sticky":false,"template":"","format":"standard","meta":{"jetpack_post_was_ever_published":false,"_jetpack_newsletter_access":"","_jetpack_dont_email_post_to_subs":false,"_jetpack_newsletter_tier_id":0,"_jetpack_memberships_contains_paywalled_content":false,"_jetpack_memberships_contains_paid_content":false,"footnotes":"","jetpack_publicize_message":"","jetpack_publicize_feature_enabled":true,"jetpack_social_post_already_shared":false,"jetpack_social_options":{"image_generator_settings":{"template":"highway","default_image_id":0,"enabled":false},"version":2}},"categories":[8,9,11,15,19],"tags":[],"class_list":["post-1242","post","type-post","status-publish","format-standard","has-post-thumbnail","hentry","category-comunicado","category-confederacion","category-ctmin","category-nacional","category-trabajadores"],"jetpack_publicize_connections":[],"jetpack_featured_media_url":"https:\/\/www.confederaciondelcobre.cl\/wp-content\/uploads\/2020\/06\/PortComCTMIN.jpg","jetpack_sharing_enabled":true,"post_mailing_queue_ids":[],"_links":{"self":[{"href":"https:\/\/www.confederaciondelcobre.cl\/index.php\/wp-json\/wp\/v2\/posts\/1242","targetHints":{"allow":["GET"]}}],"collection":[{"href":"https:\/\/www.confederaciondelcobre.cl\/index.php\/wp-json\/wp\/v2\/posts"}],"about":[{"href":"https:\/\/www.confederaciondelcobre.cl\/index.php\/wp-json\/wp\/v2\/types\/post"}],"author":[{"embeddable":true,"href":"https:\/\/www.confederaciondelcobre.cl\/index.php\/wp-json\/wp\/v2\/users\/2"}],"replies":[{"embeddable":true,"href":"https:\/\/www.confederaciondelcobre.cl\/index.php\/wp-json\/wp\/v2\/comments?post=1242"}],"version-history":[{"count":2,"href":"https:\/\/www.confederaciondelcobre.cl\/index.php\/wp-json\/wp\/v2\/posts\/1242\/revisions"}],"predecessor-version":[{"id":1247,"href":"https:\/\/www.confederaciondelcobre.cl\/index.php\/wp-json\/wp\/v2\/posts\/1242\/revisions\/1247"}],"wp:featuredmedia":[{"embeddable":true,"href":"https:\/\/www.confederaciondelcobre.cl\/index.php\/wp-json\/wp\/v2\/media\/1245"}],"wp:attachment":[{"href":"https:\/\/www.confederaciondelcobre.cl\/index.php\/wp-json\/wp\/v2\/media?parent=1242"}],"wp:term":[{"taxonomy":"category","embeddable":true,"href":"https:\/\/www.confederaciondelcobre.cl\/index.php\/wp-json\/wp\/v2\/categories?post=1242"},{"taxonomy":"post_tag","embeddable":true,"href":"https:\/\/www.confederaciondelcobre.cl\/index.php\/wp-json\/wp\/v2\/tags?post=1242"}],"curies":[{"name":"wp","href":"https:\/\/api.w.org\/{rel}","templated":true}]}}