{"id":1254,"date":"2020-06-22T22:58:38","date_gmt":"2020-06-22T22:58:38","guid":{"rendered":"http:\/\/www.confederaciondelcobre.cl\/?p=1254"},"modified":"2020-06-22T23:11:28","modified_gmt":"2020-06-22T23:11:28","slug":"la-vida-de-los-trabajadores-siempre-debe-estar-primero-comunicadoctmin","status":"publish","type":"post","link":"https:\/\/www.confederaciondelcobre.cl\/index.php\/2020\/06\/22\/la-vida-de-los-trabajadores-siempre-debe-estar-primero-comunicadoctmin\/","title":{"rendered":"\u00a1La vida de los trabajadores siempre debe estar primero! #ComunicadoCTMIN"},"content":{"rendered":"\n<p style=\"text-align:center\"><strong>COMUNICADO P\u00daBLICO<\/strong><\/p>\n\n\n\n<p style=\"text-align:right\">22 de junio 2020 <\/p>\n\n\n\n<p>Durante el fin de semana Codelco anunci\u00f3 que paraliza sus proyectos en el norte y que\ndesde el t\u00e9rmino de los turnos actuales, s\u00f3lo operar\u00e1 con personal de Calama, ya que\nel contagio en esa ciudad ha aumentado de forma alarmante. Ante ello, como CTMIN,\nqueremos expresar lo siguiente:\n<\/p>\n\n\n\n<p>1.- El pasado 1 de mayo emitimos un comunicado, pidiendo al Ministro de Miner\u00eda que\nse puedan establecer medidas transversales para TODAS las compa\u00f1\u00edas mineras, ya\nque los trabajadores estaban a disposici\u00f3n de lo que las empresas consideraban\ncorrecto.\n<\/p>\n\n\n\n<p>2.- Ante ello, y como medida de prevenci\u00f3n, muchas de las compa\u00f1\u00edas mineras\nprivadas comenzaron a utilizar teletrabajo, bajando sus dotaciones para prevenir\ncontagios. De todas formas, las medidas no han sido suficientes y hoy cada compa\u00f1\u00eda\nminera hace lo que estima conveniente sin ninguna regulaci\u00f3n, afectando a los\ntrabajadores seg\u00fan su categorizaci\u00f3n de peque\u00f1a, mediana y gran miner\u00eda, como\ntambi\u00e9n a los que son trabajadores de planta o contratistas.\n<\/p>\n\n\n\n<p>3.- Como trabajadores, consideramos que Codelco debi\u00f3 tomar esta medida hace m\u00e1s\nde dos meses, de esta forma, hoy el Gobierno y el Minsal, por su ministro Paris, no\nestar\u00edan culpando a los trabajadores por llevar y traer el contagio a la zona y sobretodo,\na las comunidades. Porque de hecho, NO es culpa de los trabajadores, que se ven\nforzados a acudir a sus puestos de trabajo ante la presi\u00f3n de perder su fuente laboral\npor la mala gesti\u00f3n empresarial.\n<\/p>\n\n\n\n<p>4.- En el mismo comunicado, expresamos nuestra preocupaci\u00f3n por las comunidades. Calama es una de ellas y hoy su gente sufre por la ineficiente gesti\u00f3n de este gobierno y por la paup\u00e9rrima gesti\u00f3n de Codelco, no previendo el caos que hoy existe, y no considerando la salud de sus trabajadores. Por ello hoy, dos mineros han pagado con\nsu vida estas nefastas medidas.\n<\/p>\n\n\n\n<p>5.- Como empresa del Estado, creemos que Codelco es el ejemplo de las pol\u00edticas que\nPi\u00f1era ha llevado a cabo hasta hoy: priorizar la econom\u00eda, la productividad ante la\nsalud y seguridad de las personas y de los trabajadores.\n<\/p>\n\n\n\n<p>6.- Condenamos esta acci\u00f3n y como CTMIN, les queremos recordar que agrupamos a\nm\u00e1s del 80% de los trabajadores mineros y que si esto sigue creciendo de esta forma,\nnos veremos en la obligaci\u00f3n de tomar acciones como gremio unido.\n<\/p>\n\n\n\n<p>7.- Respecto al anuncio del turno 14&#215;14 que han acordado algunas compa\u00f1\u00edas\nmineras, no existe una base cient\u00edfica que compruebe que ese turno evita contagios del\nCOVID-19, sino que es un tema de productividad para las empresas porque se ahorran\nmuchos costos. Es m\u00e1s, lo que existe es un estudio que comprueba que con jornadas\nm\u00e1s largas, aumenta el riesgo de accidentabilidad. Por lo tanto, hacemos un llamado a\nrepensar estos aspectos en miner\u00eda.\n<\/p>\n\n\n\n<p>8.- Como trabajadores, no permitiremos bajo ninguna circunstancia, que se anteponga\nla producci\u00f3n ante la vida y seguridad de los trabajadores, y reiteramos que tomaremos\nlas medidas que sean necesarias para que este Gobierno entienda. LA VIDA DE LOS\nTRABAJADORES SIEMPRE DEBE ESTAR PRIMERO.\n<\/p>\n\n\n\n<p>9.- Recordamos tambi\u00e9n que hace semanas, como agrupaci\u00f3n superior de trabajadores de la miner\u00eda, venimos pidiendo que se transparenten los contagios de la miner\u00eda y que se pueda formar una mesa de di\u00e1logo tripartita, con nuestra experiencia. Petici\u00f3n que si se hubiese tomado en cuenta desde el principio, nos consta que este desastre en miner\u00eda no estar\u00eda ocurriendo. <\/p>\n\n\n\n<ul class=\"wp-block-list\"><li>Gustavo Tapia Campos, Presidente Federaci\u00f3n Minera de Chile.<\/li><li>Patricio Elgueta Jofr\u00e9, Presidente Federaci\u00f3n de Trabajadores del Cobre.<\/li><li>Miguel Fern\u00e1ndez, Presidente Federaci\u00f3n de Supervisores de la Miner\u00eda Privada.<\/li><li>Manuel Ahumada, Presidente Confederaci\u00f3n de Trabajadores del Cobre.<\/li><li>Hugo P\u00e1ez, Presidente Confederaci\u00f3n Minera de Chile.<\/li><li>Ricardo Calder\u00f3n, Presidente Federaci\u00f3n de Supervisores del Cobre.<\/li><li>Celso Pardo, Presidente Federaci\u00f3n de Sindicatos Antofagasta Minerals.<\/li><\/ul>\n\n\n\n<figure class=\"wp-block-image\"><img loading=\"lazy\" decoding=\"async\" width=\"791\" height=\"1024\" src=\"http:\/\/www.confederaciondelcobre.cl\/wp-content\/uploads\/2020\/06\/ComCTMINpag1-791x1024.jpg\" alt=\"\" class=\"wp-image-1255\" srcset=\"https:\/\/www.confederaciondelcobre.cl\/wp-content\/uploads\/2020\/06\/ComCTMINpag1-791x1024.jpg 791w, https:\/\/www.confederaciondelcobre.cl\/wp-content\/uploads\/2020\/06\/ComCTMINpag1-232x300.jpg 232w, https:\/\/www.confederaciondelcobre.cl\/wp-content\/uploads\/2020\/06\/ComCTMINpag1-768x994.jpg 768w, https:\/\/www.confederaciondelcobre.cl\/wp-content\/uploads\/2020\/06\/ComCTMINpag1.jpg 800w\" sizes=\"auto, (max-width: 791px) 100vw, 791px\" \/><\/figure>\n\n\n\n<figure class=\"wp-block-image\"><img loading=\"lazy\" decoding=\"async\" width=\"791\" height=\"1024\" src=\"http:\/\/www.confederaciondelcobre.cl\/wp-content\/uploads\/2020\/06\/ComCTMINpag2-791x1024.jpg\" alt=\"\" class=\"wp-image-1256\" srcset=\"https:\/\/www.confederaciondelcobre.cl\/wp-content\/uploads\/2020\/06\/ComCTMINpag2-791x1024.jpg 791w, https:\/\/www.confederaciondelcobre.cl\/wp-content\/uploads\/2020\/06\/ComCTMINpag2-232x300.jpg 232w, https:\/\/www.confederaciondelcobre.cl\/wp-content\/uploads\/2020\/06\/ComCTMINpag2-768x994.jpg 768w, https:\/\/www.confederaciondelcobre.cl\/wp-content\/uploads\/2020\/06\/ComCTMINpag2.jpg 800w\" sizes=\"auto, (max-width: 791px) 100vw, 791px\" \/><\/figure>\n","protected":false},"excerpt":{"rendered":"<p>COMUNICADO P\u00daBLICO 22 de junio 2020 Durante el fin de semana Codelco anunci\u00f3 que paraliza sus proyectos en el norte y que desde el t\u00e9rmino de los turnos actuales, s\u00f3lo &hellip; <\/p>\n","protected":false},"author":2,"featured_media":1259,"comment_status":"closed","ping_status":"closed","sticky":false,"template":"","format":"standard","meta":{"jetpack_post_was_ever_published":false,"_jetpack_newsletter_access":"","_jetpack_dont_email_post_to_subs":false,"_jetpack_newsletter_tier_id":0,"_jetpack_memberships_contains_paywalled_content":false,"_jetpack_memberships_contains_paid_content":false,"footnotes":"","jetpack_publicize_message":"","jetpack_publicize_feature_enabled":true,"jetpack_social_post_already_shared":false,"jetpack_social_options":{"image_generator_settings":{"template":"highway","default_image_id":0,"enabled":false},"version":2}},"categories":[8,9,11,15,19],"tags":[],"class_list":["post-1254","post","type-post","status-publish","format-standard","has-post-thumbnail","hentry","category-comunicado","category-confederacion","category-ctmin","category-nacional","category-trabajadores"],"jetpack_publicize_connections":[],"jetpack_featured_media_url":"https:\/\/www.confederaciondelcobre.cl\/wp-content\/uploads\/2020\/06\/PortadaComCtminJun.jpg","jetpack_sharing_enabled":true,"post_mailing_queue_ids":[],"_links":{"self":[{"href":"https:\/\/www.confederaciondelcobre.cl\/index.php\/wp-json\/wp\/v2\/posts\/1254","targetHints":{"allow":["GET"]}}],"collection":[{"href":"https:\/\/www.confederaciondelcobre.cl\/index.php\/wp-json\/wp\/v2\/posts"}],"about":[{"href":"https:\/\/www.confederaciondelcobre.cl\/index.php\/wp-json\/wp\/v2\/types\/post"}],"author":[{"embeddable":true,"href":"https:\/\/www.confederaciondelcobre.cl\/index.php\/wp-json\/wp\/v2\/users\/2"}],"replies":[{"embeddable":true,"href":"https:\/\/www.confederaciondelcobre.cl\/index.php\/wp-json\/wp\/v2\/comments?post=1254"}],"version-history":[{"count":2,"href":"https:\/\/www.confederaciondelcobre.cl\/index.php\/wp-json\/wp\/v2\/posts\/1254\/revisions"}],"predecessor-version":[{"id":1258,"href":"https:\/\/www.confederaciondelcobre.cl\/index.php\/wp-json\/wp\/v2\/posts\/1254\/revisions\/1258"}],"wp:featuredmedia":[{"embeddable":true,"href":"https:\/\/www.confederaciondelcobre.cl\/index.php\/wp-json\/wp\/v2\/media\/1259"}],"wp:attachment":[{"href":"https:\/\/www.confederaciondelcobre.cl\/index.php\/wp-json\/wp\/v2\/media?parent=1254"}],"wp:term":[{"taxonomy":"category","embeddable":true,"href":"https:\/\/www.confederaciondelcobre.cl\/index.php\/wp-json\/wp\/v2\/categories?post=1254"},{"taxonomy":"post_tag","embeddable":true,"href":"https:\/\/www.confederaciondelcobre.cl\/index.php\/wp-json\/wp\/v2\/tags?post=1254"}],"curies":[{"name":"wp","href":"https:\/\/api.w.org\/{rel}","templated":true}]}}