{"id":1262,"date":"2020-07-01T18:27:23","date_gmt":"2020-07-01T18:27:23","guid":{"rendered":"http:\/\/www.confederaciondelcobre.cl\/?p=1262"},"modified":"2020-07-03T16:34:48","modified_gmt":"2020-07-03T16:34:48","slug":"carta-ctmin-a-ministro-de-mineria-baldo-baldo-prokurica","status":"publish","type":"post","link":"https:\/\/www.confederaciondelcobre.cl\/index.php\/2020\/07\/01\/carta-ctmin-a-ministro-de-mineria-baldo-baldo-prokurica\/","title":{"rendered":"Carta CTMIN a Ministro de Miner\u00eda Baldo Prokuri\u00e7a."},"content":{"rendered":"\n<p style=\"text-align:right\">01 de julio, 2020\n<\/p>\n\n\n\n<p><strong>Ministro Ministro de Miner\u00eda, Baldo Prokurica: <\/strong><\/p>\n\n\n\n<p>Nos dirigimos a usted como la m\u00e1xima autoridad minera del momento y porque debido\na los \u00faltimos acontecimientos ocurridos en miner\u00eda debido a la pandemia del\nCOVID-19, como organizaci\u00f3n de trabajadores del rubro, unidos, queremos comentarle\nlo siguiente:\n<\/p>\n\n\n\n<p>Como CTMIN, solicitamos una mesa de di\u00e1logo tripartita que pueda trabajar sobre las\ndecisiones y medidas que se est\u00e1n implementando y se deben mejorar para que la\nseguridad de los trabajadores y las trabajadoras de la miner\u00eda sea lo principal.\n<\/p>\n\n\n\n<p>Hasta ahora, consideramos que no ha sido suficiente y prueba de ello son centenares\nlos contagios en miner\u00eda. Ante esto, es evidente que se ha priorizado la econom\u00eda, la\ncontinuidad operacional y la producci\u00f3n ante la seguridad y vida de las personas y\ncomo organizaci\u00f3n de trabajadores no lo podemos permitir. Recuerden que sin\ntrabajadores, las compa\u00f1\u00edas mineras no son capaces de hacer nada.\n<\/p>\n\n\n\n<p>Sabemos que Sernageomin ha se\u00f1alado que realiz\u00f3 m\u00e1s de 4 mil inspecciones, sin\nembargo, como organizaciones sindicales no hemos participado de ellas y queremos\nhacerlo, ya que los trabajadores son quienes ayudan en estas instancias y por ahora,\nno nos han tomado en cuenta para ello. Queremos ser parte de esto porque es\nimportante para nuestras bases que podamos cerciorarnos por nosotros mismos de\nque las fiscalizaciones se realizan y se hacen de la forma correcta.\n<\/p>\n\n\n\n<p>Solicitamos tambi\u00e9n que se extienda a nivel nacional un est\u00e1ndar m\u00ednimo de seguridad\npara el personal de miner\u00eda en faena, y que sea transversal para todas las compa\u00f1\u00edas\nmineras, ya que hasta hoy, y como hemos repetido hasta el cansancio, estamos a la\ndisposici\u00f3n de s\u00f3lo lo que las compa\u00f1\u00edas, de forma individual, crean que es una medida\nsuficiente para evitar contagios.\n<\/p>\n\n\n\n<p>Por otro lado, el hermetismo de las compa\u00f1\u00edas a no entregar los datos reales sobre\ncontagios y la trazabilidad de estos, requiere transparencia. Es por ello, que tambi\u00e9n\nsolicitamos se pueda transparentar la real cifra de casos y de fallecimientos por\ncompa\u00f1\u00eda. Hoy tenemos confirmados como dirigentes sindicales, a trav\u00e9s de nuestras\nfuentes, 9 casos de fallecidos en miner\u00eda, pero no hay pronunciaciones del Gobierno o\ndel ministerio al respecto.\n<\/p>\n\n\n\n<p>En relaci\u00f3n al rol de las mutuales, las licencias m\u00e9dicas por contagio y cuarentena,\nqueremos que se trate como enfermedad laboral, y no como enfermedad com\u00fan, ya\n<\/p>\n\n\n\n<p>que el tratamiento dejar\u00e1 secuelas a la mayor\u00eda de los contagiados, lo que puede\nafectar el desarrollo profesional de nuestros colegas eventualmente.\n<\/p>\n\n\n\n<p>Reiteramos a usted, se\u00f1or Ministro, la importancia de una mesa de trabajo y de di\u00e1logo\ntripartito en donde puedan incluir la voz y experiencia de los trabajadores. Como hemos\ndicho antes, no es posible que desde sus oficinas puedan conocer la realidad de las\nfaenas como nosotros lo hacemos, y es por eso que nuestra voz y aporte son\nimportante a las medidas que hoy se deber\u00edan tomar para mejorar este desastre y que\npodamos evitar que m\u00e1s compa\u00f1eras y compa\u00f1eros mineros se contagien.\n<\/p>\n\n\n\n<p>Esperamos tome a bien esta carta y pueda considerar nuestra voz. Le recordamos que CTMIN agrupa a m\u00e1s del 80% de los trabajadores de la miner\u00eda de todo el pa\u00eds, y que estamos unidos en esta lucha, porque queremos cuidar y velamos por la seguridad y salud de nuestros compa\u00f1eros. <\/p>\n\n\n\n<ul class=\"wp-block-list\"><li>Gustavo Tapia Campos, Presidente Federaci\u00f3n Minera de Chile.<\/li><li>Patricio Elgueta Jofr\u00e9, Presidente Federaci\u00f3n de Trabajadores del Cobre.<\/li><li>Miguel Fern\u00e1ndez, Presidente Federaci\u00f3n de Supervisores de la Miner\u00eda Privada.<\/li><li>Manuel Ahumada, Presidente Confederaci\u00f3n de Trabajadores del Cobre.<\/li><li>Hugo P\u00e1ez, Presidente Confederaci\u00f3n Minera de Chile.<\/li><li>Ricardo Calder\u00f3n, Presidente Federaci\u00f3n de Supervisores del Cobre.<\/li><li>Celso Pardo, Presidente Federaci\u00f3n de Sindicatos Antofagasta Minerals.<\/li><\/ul>\n\n\n\n<figure class=\"wp-block-image\"><img loading=\"lazy\" decoding=\"async\" width=\"792\" height=\"1024\" src=\"http:\/\/www.confederaciondelcobre.cl\/wp-content\/uploads\/2020\/07\/CartaPag1-792x1024.png\" alt=\"\" class=\"wp-image-1278\" srcset=\"https:\/\/www.confederaciondelcobre.cl\/wp-content\/uploads\/2020\/07\/CartaPag1-792x1024.png 792w, https:\/\/www.confederaciondelcobre.cl\/wp-content\/uploads\/2020\/07\/CartaPag1-232x300.png 232w, https:\/\/www.confederaciondelcobre.cl\/wp-content\/uploads\/2020\/07\/CartaPag1-768x994.png 768w, https:\/\/www.confederaciondelcobre.cl\/wp-content\/uploads\/2020\/07\/CartaPag1.png 1583w\" sizes=\"auto, (max-width: 792px) 100vw, 792px\" \/><\/figure>\n\n\n\n<figure class=\"wp-block-image\"><img loading=\"lazy\" decoding=\"async\" width=\"792\" height=\"1024\" src=\"http:\/\/www.confederaciondelcobre.cl\/wp-content\/uploads\/2020\/07\/CartaPag2-792x1024.png\" alt=\"\" class=\"wp-image-1279\" srcset=\"https:\/\/www.confederaciondelcobre.cl\/wp-content\/uploads\/2020\/07\/CartaPag2-792x1024.png 792w, https:\/\/www.confederaciondelcobre.cl\/wp-content\/uploads\/2020\/07\/CartaPag2-232x300.png 232w, https:\/\/www.confederaciondelcobre.cl\/wp-content\/uploads\/2020\/07\/CartaPag2-768x994.png 768w, https:\/\/www.confederaciondelcobre.cl\/wp-content\/uploads\/2020\/07\/CartaPag2.png 1583w\" sizes=\"auto, (max-width: 792px) 100vw, 792px\" \/><\/figure>\n","protected":false},"excerpt":{"rendered":"<p>01 de julio, 2020 Ministro Ministro de Miner\u00eda, Baldo Prokurica: Nos dirigimos a usted como la m\u00e1xima autoridad minera del momento y porque debido a los \u00faltimos acontecimientos ocurridos en &hellip; <\/p>\n","protected":false},"author":2,"featured_media":1263,"comment_status":"closed","ping_status":"closed","sticky":false,"template":"","format":"standard","meta":{"jetpack_post_was_ever_published":false,"_jetpack_newsletter_access":"","_jetpack_dont_email_post_to_subs":false,"_jetpack_newsletter_tier_id":0,"_jetpack_memberships_contains_paywalled_content":false,"_jetpack_memberships_contains_paid_content":false,"footnotes":"","jetpack_publicize_message":"","jetpack_publicize_feature_enabled":true,"jetpack_social_post_already_shared":false,"jetpack_social_options":{"image_generator_settings":{"template":"highway","default_image_id":0,"enabled":false},"version":2}},"categories":[8,9,11,19],"tags":[],"class_list":["post-1262","post","type-post","status-publish","format-standard","has-post-thumbnail","hentry","category-comunicado","category-confederacion","category-ctmin","category-trabajadores"],"jetpack_publicize_connections":[],"jetpack_featured_media_url":"https:\/\/www.confederaciondelcobre.cl\/wp-content\/uploads\/2020\/07\/PortadaCartaCTMIN.jpg","jetpack_sharing_enabled":true,"post_mailing_queue_ids":[],"_links":{"self":[{"href":"https:\/\/www.confederaciondelcobre.cl\/index.php\/wp-json\/wp\/v2\/posts\/1262","targetHints":{"allow":["GET"]}}],"collection":[{"href":"https:\/\/www.confederaciondelcobre.cl\/index.php\/wp-json\/wp\/v2\/posts"}],"about":[{"href":"https:\/\/www.confederaciondelcobre.cl\/index.php\/wp-json\/wp\/v2\/types\/post"}],"author":[{"embeddable":true,"href":"https:\/\/www.confederaciondelcobre.cl\/index.php\/wp-json\/wp\/v2\/users\/2"}],"replies":[{"embeddable":true,"href":"https:\/\/www.confederaciondelcobre.cl\/index.php\/wp-json\/wp\/v2\/comments?post=1262"}],"version-history":[{"count":5,"href":"https:\/\/www.confederaciondelcobre.cl\/index.php\/wp-json\/wp\/v2\/posts\/1262\/revisions"}],"predecessor-version":[{"id":1280,"href":"https:\/\/www.confederaciondelcobre.cl\/index.php\/wp-json\/wp\/v2\/posts\/1262\/revisions\/1280"}],"wp:featuredmedia":[{"embeddable":true,"href":"https:\/\/www.confederaciondelcobre.cl\/index.php\/wp-json\/wp\/v2\/media\/1263"}],"wp:attachment":[{"href":"https:\/\/www.confederaciondelcobre.cl\/index.php\/wp-json\/wp\/v2\/media?parent=1262"}],"wp:term":[{"taxonomy":"category","embeddable":true,"href":"https:\/\/www.confederaciondelcobre.cl\/index.php\/wp-json\/wp\/v2\/categories?post=1262"},{"taxonomy":"post_tag","embeddable":true,"href":"https:\/\/www.confederaciondelcobre.cl\/index.php\/wp-json\/wp\/v2\/tags?post=1262"}],"curies":[{"name":"wp","href":"https:\/\/api.w.org\/{rel}","templated":true}]}}