{"id":1268,"date":"2020-07-03T16:20:16","date_gmt":"2020-07-03T16:20:16","guid":{"rendered":"http:\/\/www.confederaciondelcobre.cl\/?p=1268"},"modified":"2020-07-03T16:20:16","modified_gmt":"2020-07-03T16:20:16","slug":"resultados-preliminares-y-periodo-de-apelacion-para-becas-acuerdo-marco-ctc-codelco","status":"publish","type":"post","link":"https:\/\/www.confederaciondelcobre.cl\/index.php\/2020\/07\/03\/resultados-preliminares-y-periodo-de-apelacion-para-becas-acuerdo-marco-ctc-codelco\/","title":{"rendered":"Resultados preliminares y per\u00edodo de apelaci\u00f3n para Becas Acuerdo Marco CTC-Codelco"},"content":{"rendered":"\n<p>Compa\u00f1eras y Compa\u00f1eros, comunicamos que\u00a0<strong>a partir de hoy viernes 03 de julio ya est\u00e1n disponibles los resultados preliminares de las postulaciones a las Becas de Excelencia Acad\u00e9mica de Educaci\u00f3n Superior, para este a\u00f1o 2020, que corresponden al vigente Acuerdo Marco entre la Confederaci\u00f3n de Trabajadores del Cobre (CTC), Agema y Codelco.<\/strong>\u00a0<\/p>\n\n\n\n<ul class=\"wp-block-list\"><li>Las becas, conquistadas gracias al Acuerdo Marco firmado entre la Confederaci\u00f3n de Trabajadores del Cobre (CTC), Agema y Codelco el a\u00f1o 2007,\u00a0<strong>establecen una cantidad de 2.800 cupos\u00a0<\/strong>por un total de $786.000 brutos c\/u por cada beneficiario y est\u00e1n destinadas a\u00a0<strong>los hijos, c\u00f3nyuges o convivientes -independiente de su orientaci\u00f3n sexual- de las y los trabajadores contratistas y subcontratistas, o los propios compa\u00f1eros que prestan sus servicios de manera permanente, continua y exclusiva a las Empresas Contratistas, en los recintos industriales o establecimientos productivos, o administrativos de las Divisiones productivas y Casa Matriz de Codelco Chile, por un per\u00edodo m\u00ednimo de un mes calendario.<\/strong><\/li><\/ul>\n\n\n\n<blockquote class=\"wp-block-quote is-layout-flow wp-block-quote-is-layout-flow\"><p>Cabe se\u00f1alar que, junto con los resultados preliminares, <strong>tambi\u00e9n inicia a partir de hoy mismo (03 de julio) el per\u00edodo de apelaci\u00f3n cuyo plazo ser\u00e1 hasta el domingo 19 de julio<\/strong>. Es durante este plazo de apelaci\u00f3n que las y los compa\u00f1eros que hicieron sus postulaciones, y que hayan recibido observaciones por la falta de requisitos, podr\u00e1n corregir o ingresar los antecedentes faltantes. Este proceso, como es habitual, podr\u00e1 hacerse ingresando al sitio de la OTIC de la C\u00e1mara Chilena de la Construcci\u00f3n <strong><a rel=\"noreferrer noopener\" aria-label=\" (abrir en una nueva pesta\u00f1a)\" href=\"http:\/\/www.oticdelaconstruccion.cl\/fondos2020\" target=\"_blank\">(haciendo click aqu\u00ed)<\/a>\u00a0<\/strong>y seleccionar la opci\u00f3n \u201cBecas de Educaci\u00f3n Superior\u201d. Una vez all\u00ed, en el bot\u00f3n \u201cingresar\u201d, el trabajador debe ingresar su rut, para ver los resultados preliminares o apelar a los mismos.<\/p><\/blockquote>\n\n\n\n<p><strong>Nota<\/strong>: para mayores antecedentes respecto de las bases o requisitos, tambi\u00e9n se encuentra, en el mismo sitio se\u00f1alado, ya en la secci\u00f3n Becas, el ingreso a dicha informaci\u00f3n.<\/p>\n\n\n\n<p><strong>Las y los trabajadores agrupados y organizados en la Confederaci\u00f3n de Trabajadores del Cobre, a partir de la conquista y firma del Acuerdo Marco con Codelco Chile el a\u00f1o 2007, han logrado una serie de derechos y beneficios, entre ellos el acceso a Becas de Educaci\u00f3n Superior, por lo que reiteramos el llamado a revisar los resultados preliminares de sus postulaciones y difundir la continuaci\u00f3n de este proceso entre sus compa\u00f1eras y compa\u00f1eros.<\/strong><\/p>\n\n\n\n<p>A continuaci\u00f3n, para su consideraci\u00f3n, dejamos el proceso completo con sus fechas:<\/p>\n\n\n\n<figure class=\"wp-block-image\"><img loading=\"lazy\" decoding=\"async\" width=\"720\" height=\"720\" src=\"http:\/\/www.confederaciondelcobre.cl\/wp-content\/uploads\/2020\/07\/Becas-ESup-Acuerdo-Marco-CTC-Codelco-2020.png\" alt=\"\" class=\"wp-image-1274\" srcset=\"https:\/\/www.confederaciondelcobre.cl\/wp-content\/uploads\/2020\/07\/Becas-ESup-Acuerdo-Marco-CTC-Codelco-2020.png 720w, https:\/\/www.confederaciondelcobre.cl\/wp-content\/uploads\/2020\/07\/Becas-ESup-Acuerdo-Marco-CTC-Codelco-2020-150x150.png 150w, https:\/\/www.confederaciondelcobre.cl\/wp-content\/uploads\/2020\/07\/Becas-ESup-Acuerdo-Marco-CTC-Codelco-2020-300x300.png 300w\" sizes=\"auto, (max-width: 720px) 100vw, 720px\" \/><\/figure>\n","protected":false},"excerpt":{"rendered":"<p>Compa\u00f1eras y Compa\u00f1eros, comunicamos que\u00a0a partir de hoy viernes 03 de julio ya est\u00e1n disponibles los resultados preliminares de las postulaciones a las Becas de Excelencia Acad\u00e9mica de Educaci\u00f3n Superior, &hellip; <\/p>\n","protected":false},"author":2,"featured_media":1275,"comment_status":"closed","ping_status":"closed","sticky":false,"template":"","format":"standard","meta":{"jetpack_post_was_ever_published":false,"_jetpack_newsletter_access":"","_jetpack_dont_email_post_to_subs":false,"_jetpack_newsletter_tier_id":0,"_jetpack_memberships_contains_paywalled_content":false,"_jetpack_memberships_contains_paid_content":false,"footnotes":"","jetpack_publicize_message":"","jetpack_publicize_feature_enabled":true,"jetpack_social_post_already_shared":false,"jetpack_social_options":{"image_generator_settings":{"template":"highway","default_image_id":0,"enabled":false},"version":2}},"categories":[5,23,9,21,22,28,26,25,29,31],"tags":[],"class_list":["post-1268","post","type-post","status-publish","format-standard","has-post-thumbnail","hentry","category-acuerdo-marco","category-acuerdo-marco-codelco","category-confederacion","category-federaciones","category-feminort","category-fesal","category-fesamab","category-fesamav","category-fetramac","category-fetratec"],"jetpack_publicize_connections":[],"jetpack_featured_media_url":"https:\/\/www.confederaciondelcobre.cl\/wp-content\/uploads\/2020\/07\/PortadaResBecasAMCTC-Codelco.jpg","jetpack_sharing_enabled":true,"post_mailing_queue_ids":[],"_links":{"self":[{"href":"https:\/\/www.confederaciondelcobre.cl\/index.php\/wp-json\/wp\/v2\/posts\/1268","targetHints":{"allow":["GET"]}}],"collection":[{"href":"https:\/\/www.confederaciondelcobre.cl\/index.php\/wp-json\/wp\/v2\/posts"}],"about":[{"href":"https:\/\/www.confederaciondelcobre.cl\/index.php\/wp-json\/wp\/v2\/types\/post"}],"author":[{"embeddable":true,"href":"https:\/\/www.confederaciondelcobre.cl\/index.php\/wp-json\/wp\/v2\/users\/2"}],"replies":[{"embeddable":true,"href":"https:\/\/www.confederaciondelcobre.cl\/index.php\/wp-json\/wp\/v2\/comments?post=1268"}],"version-history":[{"count":7,"href":"https:\/\/www.confederaciondelcobre.cl\/index.php\/wp-json\/wp\/v2\/posts\/1268\/revisions"}],"predecessor-version":[{"id":1277,"href":"https:\/\/www.confederaciondelcobre.cl\/index.php\/wp-json\/wp\/v2\/posts\/1268\/revisions\/1277"}],"wp:featuredmedia":[{"embeddable":true,"href":"https:\/\/www.confederaciondelcobre.cl\/index.php\/wp-json\/wp\/v2\/media\/1275"}],"wp:attachment":[{"href":"https:\/\/www.confederaciondelcobre.cl\/index.php\/wp-json\/wp\/v2\/media?parent=1268"}],"wp:term":[{"taxonomy":"category","embeddable":true,"href":"https:\/\/www.confederaciondelcobre.cl\/index.php\/wp-json\/wp\/v2\/categories?post=1268"},{"taxonomy":"post_tag","embeddable":true,"href":"https:\/\/www.confederaciondelcobre.cl\/index.php\/wp-json\/wp\/v2\/tags?post=1268"}],"curies":[{"name":"wp","href":"https:\/\/api.w.org\/{rel}","templated":true}]}}