{"id":1283,"date":"2020-07-13T20:09:34","date_gmt":"2020-07-13T20:09:34","guid":{"rendered":"http:\/\/www.confederaciondelcobre.cl\/?p=1283"},"modified":"2020-07-13T20:09:35","modified_gmt":"2020-07-13T20:09:35","slug":"comunicadoctmin-ctmin-y-gobierno-acuerdan-mesa-de-trabajo","status":"publish","type":"post","link":"https:\/\/www.confederaciondelcobre.cl\/index.php\/2020\/07\/13\/comunicadoctmin-ctmin-y-gobierno-acuerdan-mesa-de-trabajo\/","title":{"rendered":"#ComunicadoCTMIN: CTMIN y Gobierno acuerdan mesa de trabajo."},"content":{"rendered":"\n<p style=\"text-align:right\"> <em>13 de julio 2020 <\/em><\/p>\n\n\n\n<p style=\"text-align:center\"><strong>CTMIN y GOBIERNO ACUERDAN MESA DE TRABAJO\n<\/strong><\/p>\n\n\n\n<p>Durante meses las organizaciones de trabajadores agrupadas en CTMIN, pidieron al\nGobierno y a las Compa\u00f1\u00edas Mineras una mesa de Trabajo en donde los trabajadores\npudieran presentar su visi\u00f3n y experiencia en terreno, para enfrentar de mejor forma la\nemergencia sanitaria.\n<\/p>\n\n\n\n<p>Luego de diferentes reuniones con entes del Estado, el pasado mi\u00e9rcoles, los presidentes\nde las Federaciones de CTMIN, sostuvieron una reuni\u00f3n con el Subsecretario de Miner\u00eda,\nRicardo Irarr\u00e1zabal, y al Director Nacional de Sernageomin, Alfonso Domeyko. En dicha\nreuni\u00f3n, pudieron explicar su postura, y se acord\u00f3 establecer reuniones peri\u00f3dicas con el\nfin de dialogar sobre sus visiones ante la pandemia.\n<\/p>\n\n\n\n<p>Respecto a la agenda, los trabajadores proponen:<\/p>\n\n\n\n<p> 1.- Datos, fuentes de informaci\u00f3n, y su transparencia.<\/p>\n\n\n\n<p> 2.- Protocolos y criterios b\u00e1sicos comunes y transversales.<\/p>\n\n\n\n<p> 3.- Situaci\u00f3n ciudades mineras cr\u00edticas: Calama, Antofagasta, Iquique, Rancagua. <\/p>\n\n\n\n<p>4.- Trabajadores de actividades declaradas esenciales (como salud, aseo, seguridad,\nenerg\u00eda, agua, miner\u00eda) y que est\u00e9n obligados a realizar trabajo presencial para cumplir sus\nfunciones, en caso de contagio \u00e9ste sea considerado como de origen laboral, y lo cubra la\n16.744. A menos que se demuestre lo contrario, seg\u00fan criterios de trazabilidad.\n<\/p>\n\n\n\n<p>5.- Jornadas de Trabajo.\n<\/p>\n\n\n\n<p>Respecto a la canalizaci\u00f3n de los temas, cada organizaci\u00f3n sindical superior de CTMIN\ncon sus bases y equipos de trabajo canalizaran los temas, despu\u00e9s de forma transversal\nse realizar\u00e1 como organizaci\u00f3n unida.\n<\/p>\n\n\n\n<p>Ante ello, desde la Fesumin, su presidente, Miguel Fern\u00e1ndez, se\u00f1al\u00f3: &#8220;Como CTMIN hemos solicitado hace meses el poder participar de una mesa de trabajo tripartita, en donde se pueda establecer un protocolo universal y transversal asociado al COVID-19, para los trabajadores de la miner\u00eda&#8221;. <\/p>\n\n\n\n<p>&#8220;El pasado mi\u00e9rcoles pudimos tener una reuni\u00f3n en donde escucharon nuestra petici\u00f3n y\nse acuerda una mesa, la cual tendr\u00e1 la primera reuni\u00f3n esta semana para acordar la\nestructura, c\u00f3mo vamos a trabajar, y cu\u00e1l ser\u00e1 la agenda tem\u00e1tica&#8221;, agrega.\n<\/p>\n\n\n\n<p>El Presidente de Fesumin aclara que: &#8220;Por su parte, el subsecretario qued\u00f3 con la tarea de\nconversar con el Consejo Minero y ver la factibilidad de su participaci\u00f3n, as\u00ed como de\nobtener las cifras de los contagios actuales en la industria minera, lo cual ser\u00eda conversado\ny analizado con la informaci\u00f3n que tenemos como organizaciones de trabajadores, para\npoder comenzar a trabajar de forma inmediata en esta mesa como industria minera&#8221;.\n<\/p>\n\n\n\n<p>&#8220;Queremos que esto funcione, que exista el di\u00e1logo, y es imposible avanzar en miner\u00eda y\nen temas de protocolos de seguridad si no existe el di\u00e1logo. As\u00ed que estamos conformes\ncon este acuerdo y esperamos poder avanzar pronto en concretar nuestros objetivos\nprotegiendo a nuestras y nuestros trabajadores&#8221;, finaliza Fern\u00e1ndez.\n<\/p>\n\n\n\n<p>En la misma l\u00ednea, el presidente de la Federaci\u00f3n de Trabajadores del Cobre, Patricio\nElgueta, calific\u00f3 la reuni\u00f3n como \u201cmuy provechosa\u201d y explic\u00f3 que \u201cel compromiso es hacer\nuna agenda de trabajo, en donde podamos presentar las problem\u00e1ticas que se tienen,\npidi\u00e9ndoles datos de los trabajadores que han muerto, los que est\u00e1n contagiados, porque\nel problema es que tambi\u00e9n esta pandemia afecta a quienes prestan labores de apoyo en\nel sector\u201d.\n<\/p>\n\n\n\n<p>Gustavo Tapia, Presidente de la Federaci\u00f3n Minera, asegur\u00f3 que &#8220;Pusimos sobre la mesa\nnuestro descontento sobre el trabajo que ha hecho el Gobierno y las empresas, respecto a\nla prevenci\u00f3n para evitar los contagios. Porque tenemos muchas discrepancias, y\nentregamos los antecedentes que manejamos como sindicatos, como lo dispersos que\nson los protocolos y la falta de ellos en algunos casos&#8221;.\n<\/p>\n\n\n\n<p>&#8220;Nuestro principal logro fue acordar reuniones peri\u00f3dicas, y que en lo posible se\ntransforme en una mesa Tripartita con la participaci\u00f3n del Consejo Minero, que es lo que\nfalta hasta ahora. As\u00ed que fue bastante provechosa y beneficioso este acercamiento. Sin\nduda, siempre existir\u00e1n miradas distintas, pero trat\u00e1ndose de la vida y seguridad de los\ntrabajadores, no puede haber doble mirada, as\u00ed que en ese sentido tambi\u00e9n lo dejamos\nclaro&#8221;, finaliza.\n<\/p>\n\n\n\n<p>Durante esta semana se deber\u00eda llevar a cabo la primera reuni\u00f3n de esta mesa de di\u00e1logo, y comenzar a trabajar en las directrices que se llevar\u00e1n a cabo para poder lograr mejores avances y mayor protecci\u00f3n de los trabajadores y trabajadoras de la miner\u00eda. <\/p>\n\n\n\n<figure class=\"wp-block-image\"><img loading=\"lazy\" decoding=\"async\" width=\"773\" height=\"1000\" src=\"http:\/\/www.confederaciondelcobre.cl\/wp-content\/uploads\/2020\/07\/ComCTMINpag1.jpg\" alt=\"\" class=\"wp-image-1285\" srcset=\"https:\/\/www.confederaciondelcobre.cl\/wp-content\/uploads\/2020\/07\/ComCTMINpag1.jpg 773w, https:\/\/www.confederaciondelcobre.cl\/wp-content\/uploads\/2020\/07\/ComCTMINpag1-232x300.jpg 232w, https:\/\/www.confederaciondelcobre.cl\/wp-content\/uploads\/2020\/07\/ComCTMINpag1-768x994.jpg 768w\" sizes=\"auto, (max-width: 773px) 100vw, 773px\" \/><\/figure>\n\n\n\n<figure class=\"wp-block-image\"><img loading=\"lazy\" decoding=\"async\" width=\"773\" height=\"1000\" src=\"http:\/\/www.confederaciondelcobre.cl\/wp-content\/uploads\/2020\/07\/ComCTMINpag2.jpg\" alt=\"\" class=\"wp-image-1286\" srcset=\"https:\/\/www.confederaciondelcobre.cl\/wp-content\/uploads\/2020\/07\/ComCTMINpag2.jpg 773w, https:\/\/www.confederaciondelcobre.cl\/wp-content\/uploads\/2020\/07\/ComCTMINpag2-232x300.jpg 232w, https:\/\/www.confederaciondelcobre.cl\/wp-content\/uploads\/2020\/07\/ComCTMINpag2-768x994.jpg 768w\" sizes=\"auto, (max-width: 773px) 100vw, 773px\" \/><\/figure>\n","protected":false},"excerpt":{"rendered":"<p>13 de julio 2020 CTMIN y GOBIERNO ACUERDAN MESA DE TRABAJO Durante meses las organizaciones de trabajadores agrupadas en CTMIN, pidieron al Gobierno y a las Compa\u00f1\u00edas Mineras una mesa &hellip; <\/p>\n","protected":false},"author":2,"featured_media":1284,"comment_status":"closed","ping_status":"closed","sticky":false,"template":"","format":"standard","meta":{"jetpack_post_was_ever_published":false,"_jetpack_newsletter_access":"","_jetpack_dont_email_post_to_subs":false,"_jetpack_newsletter_tier_id":0,"_jetpack_memberships_contains_paywalled_content":false,"_jetpack_memberships_contains_paid_content":false,"footnotes":"","jetpack_publicize_message":"","jetpack_publicize_feature_enabled":true,"jetpack_social_post_already_shared":false,"jetpack_social_options":{"image_generator_settings":{"template":"highway","default_image_id":0,"enabled":false},"version":2}},"categories":[8,9,11,19],"tags":[],"class_list":["post-1283","post","type-post","status-publish","format-standard","has-post-thumbnail","hentry","category-comunicado","category-confederacion","category-ctmin","category-trabajadores"],"jetpack_publicize_connections":[],"jetpack_featured_media_url":"https:\/\/www.confederaciondelcobre.cl\/wp-content\/uploads\/2020\/07\/PortComCTMIN.jpg","jetpack_sharing_enabled":true,"post_mailing_queue_ids":[],"_links":{"self":[{"href":"https:\/\/www.confederaciondelcobre.cl\/index.php\/wp-json\/wp\/v2\/posts\/1283","targetHints":{"allow":["GET"]}}],"collection":[{"href":"https:\/\/www.confederaciondelcobre.cl\/index.php\/wp-json\/wp\/v2\/posts"}],"about":[{"href":"https:\/\/www.confederaciondelcobre.cl\/index.php\/wp-json\/wp\/v2\/types\/post"}],"author":[{"embeddable":true,"href":"https:\/\/www.confederaciondelcobre.cl\/index.php\/wp-json\/wp\/v2\/users\/2"}],"replies":[{"embeddable":true,"href":"https:\/\/www.confederaciondelcobre.cl\/index.php\/wp-json\/wp\/v2\/comments?post=1283"}],"version-history":[{"count":6,"href":"https:\/\/www.confederaciondelcobre.cl\/index.php\/wp-json\/wp\/v2\/posts\/1283\/revisions"}],"predecessor-version":[{"id":1292,"href":"https:\/\/www.confederaciondelcobre.cl\/index.php\/wp-json\/wp\/v2\/posts\/1283\/revisions\/1292"}],"wp:featuredmedia":[{"embeddable":true,"href":"https:\/\/www.confederaciondelcobre.cl\/index.php\/wp-json\/wp\/v2\/media\/1284"}],"wp:attachment":[{"href":"https:\/\/www.confederaciondelcobre.cl\/index.php\/wp-json\/wp\/v2\/media?parent=1283"}],"wp:term":[{"taxonomy":"category","embeddable":true,"href":"https:\/\/www.confederaciondelcobre.cl\/index.php\/wp-json\/wp\/v2\/categories?post=1283"},{"taxonomy":"post_tag","embeddable":true,"href":"https:\/\/www.confederaciondelcobre.cl\/index.php\/wp-json\/wp\/v2\/tags?post=1283"}],"curies":[{"name":"wp","href":"https:\/\/api.w.org\/{rel}","templated":true}]}}