{"id":1294,"date":"2020-07-21T18:21:48","date_gmt":"2020-07-21T18:21:48","guid":{"rendered":"http:\/\/www.confederaciondelcobre.cl\/?p=1294"},"modified":"2020-07-21T18:21:48","modified_gmt":"2020-07-21T18:21:48","slug":"comunicadoctc-sobre-el-retiro-del-10-de-los-fondos-previsionales-de-las-afp","status":"publish","type":"post","link":"https:\/\/www.confederaciondelcobre.cl\/index.php\/2020\/07\/21\/comunicadoctc-sobre-el-retiro-del-10-de-los-fondos-previsionales-de-las-afp\/","title":{"rendered":"#ComunicadoCTC: SOBRE EL RETIRO DEL 10% DE LOS FONDOS PREVISIONALES DE LAS AFP."},"content":{"rendered":"\n<p style=\"text-align:center\"><strong>DECLARACI\u00d3N P\u00daBLICA <\/strong><\/p>\n\n\n\n<p>La reciente aprobaci\u00f3n de\nla C\u00e1mara de Diputados del proyecto que permite a las y los afiliados de las\nAFP retirar hasta el 10% de sus fondos previsionales responde, sin duda alguna,\na la imperiosa necesidad de sobrevivencia de millones de trabajadores y sus\nfamilias en el ca\u00f3tico escenario que fue generado en parte por la pandemia del\nCovid19, pero que tiene sus ra\u00edces m\u00e1s profundas en un modelo de pa\u00eds y\nsociedad en que los m\u00e1s esenciales Derechos Humanos est\u00e1n entregados al lucro\nde los grandes y poderosos grupos econ\u00f3micos privados. Una necesidad que ha\nsido expresada con tal clara y leg\u00edtima insistencia, y con tal peso y autoridad\nmoral que no pudo, en \u00faltima instancia, ser deso\u00edda siquiera por algunos\nparlamentarios del propio gobierno. Un gobierno que, adem\u00e1s, ha recurrido a\ncuantos subterfugios y maniobras ha podido utilizar para eludir el clamor\npopular y continuar protegiendo, de manera contumaz, los intereses de los\ngrandes poderes econ\u00f3micos que lo sustentan, y que, en definitiva, han sido y\nson los verdaderos e hist\u00f3ricos responsables de las condiciones precarias en\nque el pueblo ha tenido que enfrentar la crisis, que ya nos es s\u00f3lo sanitaria,\nsino tambi\u00e9n profundamente econ\u00f3mica, social y pol\u00edtica. <\/p>\n\n\n\n<p>El estallido social de\noctubre de 2019, en ese sentido, dio cuenta de una sociedad que viene sufriendo\npor m\u00e1s de cuatro d\u00e9cadas las injustas desigualdades sociales que impone el\nmodelo capitalista neoliberal instalado de facto, de manera violenta, ilegal e\nileg\u00edtima. Tal realidad social y pol\u00edtica, oficialmente invisibilizada,\nsilenciada o maquillada por los sucesivos gobiernos, no pod\u00eda menos que hacerse\nbrutalmente evidente en el escenario de la pandemia. El Covid19 termin\u00f3 por\nquitar el velo que ocultaba, o al menos disimulaba, una realidad insostenible\nque el pueblo trabajador, ya despierto y consciente, no est\u00e1 dispuesto a seguir\ntolerando. Es en estas condiciones, dado el estruendoso fracaso del modelo\necon\u00f3mico, y dada la incapacidad del gobierno para abordar la crisis de manera\nrazonable y eficiente, y habi\u00e9ndose negado a la alternativa de un impuesto\nrazonable a los s\u00faper ricos, el retiro del 10% de los fondos previsionales\nviene a ser una inyecci\u00f3n de aire fresco en medio de tanta necesidad.<\/p>\n\n\n\n<p>Las\ny los trabajadores subcontratados del cobre, por la propia naturaleza de\nnuestras condiciones laborales, sabemos de precariedades. Por tal raz\u00f3n,\nexigimos a las y los Senadores de la Rep\u00fablica a no poner obst\u00e1culos ni cortapisas de ninguna \u00edndole a la\naprobaci\u00f3n final y definitiva del proyecto. Esa es, si no quieren ser\nrepudiados por el pueblo y condenados por la historia, la \u00fanica opci\u00f3n \u00e9tica\nposible. Es la opci\u00f3n que abre paso, adem\u00e1s, para avanzar en la restauraci\u00f3n de\nun verdadero sistema de Seguridad Social, que responda a los principios\nfundamentales de Universalidad, Solidaridad y Suficiencia para cumplir con un\ndeber esencial del Estado, como es entregar una soluci\u00f3n colectiva mediante un\nseguro social general y p\u00fablico. Ese es, justamente, y junto con la\nrenacionalizaci\u00f3n de los recursos naturales en general y del cobre en\nparticular, uno de los m\u00e1s grandes desaf\u00edos de una nueva Constituci\u00f3n para\nChile. <\/p>\n\n\n\n<p style=\"text-align:center\"><strong>CONFEDERACI\u00d3N DE TRABAJADORES DEL COBRE<\/strong><\/p>\n\n\n\n<p style=\"text-align:right\">Chile, 21 de julio de 2020.<\/p>\n\n\n\n<figure class=\"wp-block-image\"><img loading=\"lazy\" decoding=\"async\" width=\"627\" height=\"1024\" src=\"http:\/\/www.confederaciondelcobre.cl\/wp-content\/uploads\/2020\/07\/COMCTC10AFPrrss-627x1024.jpg\" alt=\"\" class=\"wp-image-1295\" srcset=\"https:\/\/www.confederaciondelcobre.cl\/wp-content\/uploads\/2020\/07\/COMCTC10AFPrrss-627x1024.jpg 627w, https:\/\/www.confederaciondelcobre.cl\/wp-content\/uploads\/2020\/07\/COMCTC10AFPrrss-184x300.jpg 184w, https:\/\/www.confederaciondelcobre.cl\/wp-content\/uploads\/2020\/07\/COMCTC10AFPrrss-768x1254.jpg 768w, https:\/\/www.confederaciondelcobre.cl\/wp-content\/uploads\/2020\/07\/COMCTC10AFPrrss.jpg 1254w\" sizes=\"auto, (max-width: 627px) 100vw, 627px\" \/><\/figure>\n","protected":false},"excerpt":{"rendered":"<p>DECLARACI\u00d3N P\u00daBLICA La reciente aprobaci\u00f3n de la C\u00e1mara de Diputados del proyecto que permite a las y los afiliados de las AFP retirar hasta el 10% de sus fondos previsionales &hellip; <\/p>\n","protected":false},"author":2,"featured_media":1296,"comment_status":"closed","ping_status":"closed","sticky":false,"template":"","format":"standard","meta":{"jetpack_post_was_ever_published":false,"_jetpack_newsletter_access":"","_jetpack_dont_email_post_to_subs":false,"_jetpack_newsletter_tier_id":0,"_jetpack_memberships_contains_paywalled_content":false,"_jetpack_memberships_contains_paid_content":false,"footnotes":"","jetpack_publicize_message":"","jetpack_publicize_feature_enabled":true,"jetpack_social_post_already_shared":false,"jetpack_social_options":{"image_generator_settings":{"template":"highway","default_image_id":0,"enabled":false},"version":2}},"categories":[8,9,14,19],"tags":[],"class_list":["post-1294","post","type-post","status-publish","format-standard","has-post-thumbnail","hentry","category-comunicado","category-confederacion","category-movimientos-sociales","category-trabajadores"],"jetpack_publicize_connections":[],"jetpack_featured_media_url":"https:\/\/www.confederaciondelcobre.cl\/wp-content\/uploads\/2020\/07\/Portada-webcom10afp.jpg","jetpack_sharing_enabled":true,"post_mailing_queue_ids":[],"_links":{"self":[{"href":"https:\/\/www.confederaciondelcobre.cl\/index.php\/wp-json\/wp\/v2\/posts\/1294","targetHints":{"allow":["GET"]}}],"collection":[{"href":"https:\/\/www.confederaciondelcobre.cl\/index.php\/wp-json\/wp\/v2\/posts"}],"about":[{"href":"https:\/\/www.confederaciondelcobre.cl\/index.php\/wp-json\/wp\/v2\/types\/post"}],"author":[{"embeddable":true,"href":"https:\/\/www.confederaciondelcobre.cl\/index.php\/wp-json\/wp\/v2\/users\/2"}],"replies":[{"embeddable":true,"href":"https:\/\/www.confederaciondelcobre.cl\/index.php\/wp-json\/wp\/v2\/comments?post=1294"}],"version-history":[{"count":1,"href":"https:\/\/www.confederaciondelcobre.cl\/index.php\/wp-json\/wp\/v2\/posts\/1294\/revisions"}],"predecessor-version":[{"id":1297,"href":"https:\/\/www.confederaciondelcobre.cl\/index.php\/wp-json\/wp\/v2\/posts\/1294\/revisions\/1297"}],"wp:featuredmedia":[{"embeddable":true,"href":"https:\/\/www.confederaciondelcobre.cl\/index.php\/wp-json\/wp\/v2\/media\/1296"}],"wp:attachment":[{"href":"https:\/\/www.confederaciondelcobre.cl\/index.php\/wp-json\/wp\/v2\/media?parent=1294"}],"wp:term":[{"taxonomy":"category","embeddable":true,"href":"https:\/\/www.confederaciondelcobre.cl\/index.php\/wp-json\/wp\/v2\/categories?post=1294"},{"taxonomy":"post_tag","embeddable":true,"href":"https:\/\/www.confederaciondelcobre.cl\/index.php\/wp-json\/wp\/v2\/tags?post=1294"}],"curies":[{"name":"wp","href":"https:\/\/api.w.org\/{rel}","templated":true}]}}