{"id":1299,"date":"2020-07-30T21:05:48","date_gmt":"2020-07-30T21:05:48","guid":{"rendered":"http:\/\/www.confederaciondelcobre.cl\/?p=1299"},"modified":"2020-07-30T21:05:48","modified_gmt":"2020-07-30T21:05:48","slug":"declaracionctc-por-la-total-recuperacion-de-la-soberania-sobre-los-recursos-naturales","status":"publish","type":"post","link":"https:\/\/www.confederaciondelcobre.cl\/index.php\/2020\/07\/30\/declaracionctc-por-la-total-recuperacion-de-la-soberania-sobre-los-recursos-naturales\/","title":{"rendered":"#Declaraci\u00f3nCTC: POR LA TOTAL RECUPERACI\u00d3N DE LA SOBERAN\u00cdA SOBRE LOS RECURSOS NATURALES."},"content":{"rendered":"\n<p style=\"text-align:center\"><strong>DECLARACI\u00d3N P\u00daBLICA<\/strong><\/p>\n\n\n\n<p>En medio de una pandemia que ya ha cobrado la vida de sobre nueve mil personas en nuestro pa\u00eds, y con un gobierno incapaz de manejar la actual crisis pol\u00edtica, sanitaria y econ\u00f3mica, la UDI, principal partido de gobierno, ha tenido por iniciativa la intenci\u00f3n de implementar un paquete de medidas en que, entre otras, se plantea nada menos que la privatizaci\u00f3n de Codelco y la venta de Televisi\u00f3n Nacional. Es ante aquello que como Confederaci\u00f3n de Trabajadores del Cobre, organizaci\u00f3n nacional que agrupa y representa a las y los trabajadores subcontratados de la miner\u00eda nacional, comunicamos lo siguiente:<\/p>\n\n\n\n<p>1- Repudiamos, a la vez que nos oponemos categ\u00f3ricamente a la descarada propuesta del partido de gobierno. La miner\u00eda nacional, particularmente el cobre, nacionalizado hace 49 a\u00f1os por el gobierno popular y que luego sufriera un proceso de sistem\u00e1tica desnacionalizaci\u00f3n bajo los sucesivos gobiernos, partiendo por la dictadura c\u00edvico militar, al d\u00eda de hoy, solo un tercio de su totalidad se encuentra en manos del Estado. Con todo, y a\u00fan as\u00ed, Codelco sigue siendo \u201cEl Sueldo de Chile\u201d, como lo llamara el Presidente Salvador Allende. La minera estatal aporta al erario nacional, con ese <em>precario <\/em>tercio, tres veces m\u00e1s que el conjunto de las mineras privadas. No es casual,\u00a0 entonces, que Codelco sea una presa largamente codiciada por los voraces \u201cinversionistas\u201d privados nacionales y transnacionales, que tienen en la UDI, el principal partido de gobierno, el m\u00e1s claro exponente y operador de sus intereses. Privatizar Codelco significar\u00eda, lisa y llanamente, firmar la p\u00e9rdida total de nuestra Soberan\u00eda Nacional. La certera sentencia de Radomiro Tomic donde se\u00f1ala \u201cQuien controla el cobre controla Chile\u201d cobra especial relevancia.<\/p>\n\n\n\n<p>2.- La demanda social, expresada en gigantescas movilizaciones desde el estallido social, exige cambios estructurales que van en direcci\u00f3n diametralmente opuesta al proyecto de los sectores que actualmente gobiernan. Exige educaci\u00f3n y salud p\u00fablica, gratuitas y de calidad; trabajo y vivienda decentes; el fin del abuso y represi\u00f3n policial y militar; la restituci\u00f3n de tierras a los pueblos originarios; la renacionalizaci\u00f3n del agua, el cobre y el litio, entre otros recursos, servicios y derechos con los que hoy lucran los m\u00e1s grandes consorcios y grupos econ\u00f3micos privados. Exige, adem\u00e1s, para enfrentar con seguridad y dignidad la pandemia y confinamiento, un aporte sustantivo de los s\u00faper ricos, porque el bolsillo del pueblo ya est\u00e1 m\u00e1s que agotado y no resiste m\u00e1s sacrificios.<\/p>\n\n\n\n<p>3.- La movilizaci\u00f3n social logr\u00f3 conquistas in\u00e9ditas, como el derecho del pueblo a iniciar un proceso constituyente y a retirar el 10% de sus fondos acumulados en las AFP. Ahora, ante la imp\u00fadica arremetida de los fan\u00e1ticos del neoliberalismo, es el momento en que todas las organizaciones sindicales que agrupan a las y los trabajadores del cobre, de planta y subcontratados, de Codelco y de las mineras privadas, nos propongamos luchar y movilizarnos unidos, por la defensa de la \u00fanica empresa minera estatal que como pa\u00eds nos queda, y por la recuperaci\u00f3n de las que fueron entregadas a las transnacionales. El pueblo exige terminar con el actual modelo de desarrollo impuesto ileg\u00edtimamente y comenzar la construcci\u00f3n de una sociedad justa y verdaderamente democr\u00e1tica, en un proceso que pasa, necesaria e ineludiblemente, por el cambio total de la Constituci\u00f3n Pol\u00edtica a trav\u00e9s del proceso participativo que deber\u00e1 iniciarse con el plebiscito del 25 de octubre pr\u00f3ximo. Las y los trabajadores del cobre seremos parte de esa decisiva batalla. <\/p>\n\n\n\n<p style=\"text-align:center\"><strong>CONFEDERACI\u00d3N DE TRABAJADORES DEL COBRE<\/strong><\/p>\n\n\n\n<p style=\"text-align:right\">Chile, 30 de julio de 2020.<\/p>\n\n\n\n<figure class=\"wp-block-image\"><img loading=\"lazy\" decoding=\"async\" width=\"627\" height=\"1024\" src=\"http:\/\/www.confederaciondelcobre.cl\/wp-content\/uploads\/2020\/07\/Hacia-la-recuperacion-627x1024.png\" alt=\"\" class=\"wp-image-1303\" srcset=\"https:\/\/www.confederaciondelcobre.cl\/wp-content\/uploads\/2020\/07\/Hacia-la-recuperacion-627x1024.png 627w, https:\/\/www.confederaciondelcobre.cl\/wp-content\/uploads\/2020\/07\/Hacia-la-recuperacion-184x300.png 184w, https:\/\/www.confederaciondelcobre.cl\/wp-content\/uploads\/2020\/07\/Hacia-la-recuperacion-768x1255.png 768w, https:\/\/www.confederaciondelcobre.cl\/wp-content\/uploads\/2020\/07\/Hacia-la-recuperacion.png 1239w\" sizes=\"auto, (max-width: 627px) 100vw, 627px\" \/><\/figure>\n","protected":false},"excerpt":{"rendered":"<p>DECLARACI\u00d3N P\u00daBLICA En medio de una pandemia que ya ha cobrado la vida de sobre nueve mil personas en nuestro pa\u00eds, y con un gobierno incapaz de manejar la actual &hellip; <\/p>\n","protected":false},"author":2,"featured_media":1300,"comment_status":"closed","ping_status":"closed","sticky":false,"template":"","format":"standard","meta":{"jetpack_post_was_ever_published":false,"_jetpack_newsletter_access":"","_jetpack_dont_email_post_to_subs":false,"_jetpack_newsletter_tier_id":0,"_jetpack_memberships_contains_paywalled_content":false,"_jetpack_memberships_contains_paid_content":false,"footnotes":"","jetpack_publicize_message":"","jetpack_publicize_feature_enabled":true,"jetpack_social_post_already_shared":false,"jetpack_social_options":{"image_generator_settings":{"template":"highway","default_image_id":0,"enabled":false},"version":2}},"categories":[8,9,15],"tags":[],"class_list":["post-1299","post","type-post","status-publish","format-standard","has-post-thumbnail","hentry","category-comunicado","category-confederacion","category-nacional"],"jetpack_publicize_connections":[],"jetpack_featured_media_url":"https:\/\/www.confederaciondelcobre.cl\/wp-content\/uploads\/2020\/07\/Portrrnn.jpg","jetpack_sharing_enabled":true,"post_mailing_queue_ids":[],"_links":{"self":[{"href":"https:\/\/www.confederaciondelcobre.cl\/index.php\/wp-json\/wp\/v2\/posts\/1299","targetHints":{"allow":["GET"]}}],"collection":[{"href":"https:\/\/www.confederaciondelcobre.cl\/index.php\/wp-json\/wp\/v2\/posts"}],"about":[{"href":"https:\/\/www.confederaciondelcobre.cl\/index.php\/wp-json\/wp\/v2\/types\/post"}],"author":[{"embeddable":true,"href":"https:\/\/www.confederaciondelcobre.cl\/index.php\/wp-json\/wp\/v2\/users\/2"}],"replies":[{"embeddable":true,"href":"https:\/\/www.confederaciondelcobre.cl\/index.php\/wp-json\/wp\/v2\/comments?post=1299"}],"version-history":[{"count":3,"href":"https:\/\/www.confederaciondelcobre.cl\/index.php\/wp-json\/wp\/v2\/posts\/1299\/revisions"}],"predecessor-version":[{"id":1304,"href":"https:\/\/www.confederaciondelcobre.cl\/index.php\/wp-json\/wp\/v2\/posts\/1299\/revisions\/1304"}],"wp:featuredmedia":[{"embeddable":true,"href":"https:\/\/www.confederaciondelcobre.cl\/index.php\/wp-json\/wp\/v2\/media\/1300"}],"wp:attachment":[{"href":"https:\/\/www.confederaciondelcobre.cl\/index.php\/wp-json\/wp\/v2\/media?parent=1299"}],"wp:term":[{"taxonomy":"category","embeddable":true,"href":"https:\/\/www.confederaciondelcobre.cl\/index.php\/wp-json\/wp\/v2\/categories?post=1299"},{"taxonomy":"post_tag","embeddable":true,"href":"https:\/\/www.confederaciondelcobre.cl\/index.php\/wp-json\/wp\/v2\/tags?post=1299"}],"curies":[{"name":"wp","href":"https:\/\/api.w.org\/{rel}","templated":true}]}}