{"id":1305,"date":"2020-07-31T17:59:42","date_gmt":"2020-07-31T17:59:42","guid":{"rendered":"http:\/\/www.confederaciondelcobre.cl\/?p=1305"},"modified":"2020-07-31T17:59:43","modified_gmt":"2020-07-31T17:59:43","slug":"fesamav-firmo-convenio-de-salud-digital-orientado-a-la-salud-mental-de-las-y-los-trabajadores","status":"publish","type":"post","link":"https:\/\/www.confederaciondelcobre.cl\/index.php\/2020\/07\/31\/fesamav-firmo-convenio-de-salud-digital-orientado-a-la-salud-mental-de-las-y-los-trabajadores\/","title":{"rendered":"FESAMAV firm\u00f3 convenio de salud digital orientado a la salud mental de las y los trabajadores."},"content":{"rendered":"\n<p>El 23 de julio la <a href=\"https:\/\/www.facebook.com\/Federaci%C3%B3n-de-trabajadores-contratistas-mantoverde-589760431210682\/\" target=\"_blank\" rel=\"noreferrer noopener\" aria-label=\"Federaci\u00f3n de Trabajadores Contratistas Divisi\u00f3n MantoVerde (abrir en una nueva pesta\u00f1a)\">Federaci\u00f3n de Trabajadores Contratistas Divisi\u00f3n MantoVerde<\/a> (FESAMAV) ha firmado un convenio de salud con &#8220;Saluta&#8221;, un centro de salud digital con un sistema de telemedicina enfocada hacia la salud mental\u00a0de\u00a0las\u00a0personas. Y es que la salud, sobre todo en estos tiempos y a prop\u00f3sito de la crisis sanitaria producto del Covid19, debe ser abordada de forma integral poniendo especial atenci\u00f3n en las diversas afecciones psicol\u00f3gicas de las y los trabajadores.<\/p>\n\n\n\n<p><strong>El servicio, que se implementa de forma remota, y que permite a las y los trabajadores acceder desde sus propias casas, implica atenci\u00f3n en medicina general, neurolog\u00eda, psicolog\u00eda y psiquiatr\u00eda. Todo a precios m\u00e1s bajos, siendo adem\u00e1s compatible con el Seguro Complementario de Salud Metlife conquistado e incluido en el actual y vigente Acuerdo Marco con Mantos Copper.<\/strong><\/p>\n\n\n\n<ul class=\"wp-block-list\"><li>Este convenio beneficia directamente a las y los socios, tambi\u00e9n a sus padres y madres, hijas e hijos, c\u00f3nyuges o convivientes independiente de su orientaci\u00f3n sexual.<\/li><\/ul>\n\n\n\n<p><strong>Stephanie Gonz\u00e1lez Ch\u00e1vez<\/strong>, Presidenta de la Federaci\u00f3n de Trabajadores Contratistas Divisi\u00f3n MantoVerde, y Directora Nacional Encargada de G\u00e9nero e Inclusi\u00f3n de la Confederaci\u00f3n de Trabajadores del Cobre, <strong>destac\u00f3 la preocupaci\u00f3n que como organizaci\u00f3n tenemos por la salud mental de las y los trabajadores<\/strong>, indicando que &#8220;hoy, en medio de esta pandemia, <strong>los trabajadores estamos viviendo duros procesos donde, por ejemplo, la implementaci\u00f3n de turnos altamente desgastantes tienen una directa afectaci\u00f3n no solo en lo f\u00edsico sino tambi\u00e9n en lo psicol\u00f3gico, sum\u00e1ndose adem\u00e1s la incertidumbre por inestabilidad laboral<\/strong>. Es por eso que, y dada la poca preocupaci\u00f3n por parte de las empresas, como organizaci\u00f3n <strong>reafirmamos nuestro compromiso con la salud de los trabajadores y sus familias<\/strong>&#8220;, agregando que &#8220;en ese sentido <strong>este convenio nos permite ir avanzando en mejorar nuestra calidad de vida<\/strong>&#8220;. Finalmente salud\u00f3 el esfuerzo que d\u00eda a d\u00eda hacen las y los trabajadores, en las faenas y en sus distintos puestos de trabajo, <strong>llam\u00e1ndolos a hacer uso de este convenio con el centro de salud Saluta, y a informarse de su mecanismo de funcionamiento en sus Sindicatos o con la propia Federaci\u00f3n de Trabajadores Contratistas Divisi\u00f3n MantoVerde<\/strong>.<\/p>\n","protected":false},"excerpt":{"rendered":"<p>El 23 de julio la Federaci\u00f3n de Trabajadores Contratistas Divisi\u00f3n MantoVerde (FESAMAV) ha firmado un convenio de salud con &#8220;Saluta&#8221;, un centro de salud digital con un sistema de telemedicina &hellip; <\/p>\n","protected":false},"author":2,"featured_media":1311,"comment_status":"closed","ping_status":"closed","sticky":false,"template":"","format":"standard","meta":{"jetpack_post_was_ever_published":false,"_jetpack_newsletter_access":"","_jetpack_dont_email_post_to_subs":false,"_jetpack_newsletter_tier_id":0,"_jetpack_memberships_contains_paywalled_content":false,"_jetpack_memberships_contains_paid_content":false,"footnotes":"","jetpack_publicize_message":"","jetpack_publicize_feature_enabled":true,"jetpack_social_post_already_shared":false,"jetpack_social_options":{"image_generator_settings":{"template":"highway","default_image_id":0,"enabled":false},"version":2}},"categories":[9,21,25,19],"tags":[],"class_list":["post-1305","post","type-post","status-publish","format-standard","has-post-thumbnail","hentry","category-confederacion","category-federaciones","category-fesamav","category-trabajadores"],"jetpack_publicize_connections":[],"jetpack_featured_media_url":"https:\/\/www.confederaciondelcobre.cl\/wp-content\/uploads\/2020\/07\/PortFESAMAV.jpg","jetpack_sharing_enabled":true,"post_mailing_queue_ids":[],"_links":{"self":[{"href":"https:\/\/www.confederaciondelcobre.cl\/index.php\/wp-json\/wp\/v2\/posts\/1305","targetHints":{"allow":["GET"]}}],"collection":[{"href":"https:\/\/www.confederaciondelcobre.cl\/index.php\/wp-json\/wp\/v2\/posts"}],"about":[{"href":"https:\/\/www.confederaciondelcobre.cl\/index.php\/wp-json\/wp\/v2\/types\/post"}],"author":[{"embeddable":true,"href":"https:\/\/www.confederaciondelcobre.cl\/index.php\/wp-json\/wp\/v2\/users\/2"}],"replies":[{"embeddable":true,"href":"https:\/\/www.confederaciondelcobre.cl\/index.php\/wp-json\/wp\/v2\/comments?post=1305"}],"version-history":[{"count":6,"href":"https:\/\/www.confederaciondelcobre.cl\/index.php\/wp-json\/wp\/v2\/posts\/1305\/revisions"}],"predecessor-version":[{"id":1312,"href":"https:\/\/www.confederaciondelcobre.cl\/index.php\/wp-json\/wp\/v2\/posts\/1305\/revisions\/1312"}],"wp:featuredmedia":[{"embeddable":true,"href":"https:\/\/www.confederaciondelcobre.cl\/index.php\/wp-json\/wp\/v2\/media\/1311"}],"wp:attachment":[{"href":"https:\/\/www.confederaciondelcobre.cl\/index.php\/wp-json\/wp\/v2\/media?parent=1305"}],"wp:term":[{"taxonomy":"category","embeddable":true,"href":"https:\/\/www.confederaciondelcobre.cl\/index.php\/wp-json\/wp\/v2\/categories?post=1305"},{"taxonomy":"post_tag","embeddable":true,"href":"https:\/\/www.confederaciondelcobre.cl\/index.php\/wp-json\/wp\/v2\/tags?post=1305"}],"curies":[{"name":"wp","href":"https:\/\/api.w.org\/{rel}","templated":true}]}}