{"id":1337,"date":"2020-08-03T20:27:43","date_gmt":"2020-08-03T20:27:43","guid":{"rendered":"http:\/\/www.confederaciondelcobre.cl\/?p=1337"},"modified":"2020-08-03T20:27:44","modified_gmt":"2020-08-03T20:27:44","slug":"solidaridad-con-el-pueblo-mapuche-declaracion-organizaciones-por-el-pliego-popular","status":"publish","type":"post","link":"https:\/\/www.confederaciondelcobre.cl\/index.php\/2020\/08\/03\/solidaridad-con-el-pueblo-mapuche-declaracion-organizaciones-por-el-pliego-popular\/","title":{"rendered":"Solidaridad con el Pueblo Mapuche: Declaraci\u00f3n Organizaciones por el Pliego Popular."},"content":{"rendered":"\n<p style=\"text-align:right\">03 de agosto de 2020.<\/p>\n\n\n\n<p style=\"text-align:center\"><strong>Declaraci\u00f3n Organizaciones Sociales por el Pliego Popular<\/strong><\/p>\n\n\n\n<p>Ante la extendida huelga de hambre del machi Celestino C\u00f3rdova y otros prisioneros pol\u00edticos\nmapuches, las tomas en solidaridad de edificios municipales en Curacaut\u00edn, Ercilla, Traigu\u00e9n y\nVictoria, y los violentos desalojos de estos por parte de grupos de civiles racistas, desde la\narticulaci\u00f3n de Organizaciones Sociales por el Pliego Popular, nos pronunciamos en los siguientes\nt\u00e9rminos:\n<\/p>\n\n\n\n<p>&#8211; Rechazamos el actuar de los grupos de ultra derecha y paramilitares, que con expresiones racistas\ncometieron hechos violentos en contra del pueblo mapuche durante la noche de ayer.\n<\/p>\n\n\n\n<p>&#8211; Llamamos al Poder Judicial a investigar por qu\u00e9 una autoridad municipal le habr\u00eda entregado a\ngrupos de civiles particulares la funci\u00f3n de desalojar un edificio.\n<\/p>\n\n\n\n<p>&#8211; Exigimos que el gobierno explique por qu\u00e9 el Ej\u00e9rcito y Carabineros no detuvieron a las personas\nque se encontraban violando el toque de queda.\n<\/p>\n\n\n\n<p>&#8211; Esperamos que el Senado acelere la tramitaci\u00f3n del mecanismo de esca\u00f1os reservados para\npueblos originarios en el proceso constituyente, de manera de que sean sus propios actores pol\u00edticos\nlos que representen el sentir de los pueblos originarios en la Nueva Constituci\u00f3n.\n<\/p>\n\n\n\n<p>&#8211; Recalcamos que un factor estructural en el conflicto mapuche radica en un modelo de desarrollo\nextractivista que privatiza la propiedad de la tierra, despojando de sus derechos a los pueblos\noriginarios. Esta situaci\u00f3n es particularmente grave en el caso de las forestales, quienes adem\u00e1s se\napoderan de la propiedad del agua, un bien com\u00fan fundamental para la vida.\n<\/p>\n\n\n\n<p>&#8211; Hacemos un llamado urgente a un di\u00e1logo social y pol\u00edtico al m\u00e1s alto nivel que permita escuchar\nlas demandas de los comuneros en huelga, encontrar caminos de salida atendiendo a los tratados\nde derechos humanos en materia de pueblos originarios y enfrentar como un problema de Estado\nla relaci\u00f3n vejatoria que se ha perpetuado por siglos con el pueblo mapuche.\n<\/p>\n\n\n\n<p>&#8211; Si los civiles y la polic\u00eda siguen actuando bajo los mismos est\u00e1ndares de la dictadura militar, si la\nautoridad pol\u00edtica nada hace para detener los abusos y los cr\u00edmenes de instituciones que\nparadojalmente tiene como misi\u00f3n velar por el cuidado de los ciudadanos, es que estamos viviendo\nuna crisis de nuestra democracia, ya que no se puede naturalizar en ella el abuso y la represi\u00f3n.\n<\/p>\n\n\n\n<p>&#8211; En Chile, parece creerse que se es un r\u00e9gimen democr\u00e1tico por la existencia de elecciones limpias\ny peri\u00f3dicas, cuesti\u00f3n que siendo de suma importancia, no trae necesariamente como resultado la\ndisminuci\u00f3n de las violaciones de los derechos fundamentales, si no se efect\u00faan cambios\nestructurales que transformen a la sociedad y a las instituciones, para que cese la represi\u00f3n y las\nviolaciones de parte del Estado. Las democracias sustanciales requieren, forzosamente un apego a\nlos derechos humanos, no s\u00f3lo civiles y pol\u00edticos, sino tambi\u00e9n a los derechos econ\u00f3micos, sociales,\nculturales y ambientales.\n<\/p>\n\n\n\n<p>&#8211; La violaci\u00f3n a los derechos humanos de la que el pueblo mapuche lleva siendo v\u00edctima\nhist\u00f3ricamente, es un quiebre a la democracia, que no puede existir sin un respeto irrestricto a los\nDDHH.\n<\/p>\n\n\n\n<p>Porque en el Chile que construimos, la dignidad ser\u00e1 costumbre para todos y todas sin excepci\u00f3n, expresamos hoy toda nuestra solidaridad con el pueblo mapuche. <\/p>\n\n\n\n<figure class=\"wp-block-image\"><img loading=\"lazy\" decoding=\"async\" width=\"753\" height=\"1024\" src=\"http:\/\/www.confederaciondelcobre.cl\/wp-content\/uploads\/2020\/08\/dec1-753x1024.jpg\" alt=\"\" class=\"wp-image-1339\" srcset=\"https:\/\/www.confederaciondelcobre.cl\/wp-content\/uploads\/2020\/08\/dec1-753x1024.jpg 753w, https:\/\/www.confederaciondelcobre.cl\/wp-content\/uploads\/2020\/08\/dec1-221x300.jpg 221w, https:\/\/www.confederaciondelcobre.cl\/wp-content\/uploads\/2020\/08\/dec1-768x1044.jpg 768w, https:\/\/www.confederaciondelcobre.cl\/wp-content\/uploads\/2020\/08\/dec1.jpg 1506w\" sizes=\"auto, (max-width: 753px) 100vw, 753px\" \/><\/figure>\n\n\n\n<figure class=\"wp-block-image\"><img loading=\"lazy\" decoding=\"async\" width=\"753\" height=\"1024\" src=\"http:\/\/www.confederaciondelcobre.cl\/wp-content\/uploads\/2020\/08\/dec2-753x1024.jpg\" alt=\"\" class=\"wp-image-1340\" srcset=\"https:\/\/www.confederaciondelcobre.cl\/wp-content\/uploads\/2020\/08\/dec2-753x1024.jpg 753w, https:\/\/www.confederaciondelcobre.cl\/wp-content\/uploads\/2020\/08\/dec2-221x300.jpg 221w, https:\/\/www.confederaciondelcobre.cl\/wp-content\/uploads\/2020\/08\/dec2-768x1044.jpg 768w, https:\/\/www.confederaciondelcobre.cl\/wp-content\/uploads\/2020\/08\/dec2.jpg 1506w\" sizes=\"auto, (max-width: 753px) 100vw, 753px\" \/><\/figure>\n","protected":false},"excerpt":{"rendered":"<p>03 de agosto de 2020. Declaraci\u00f3n Organizaciones Sociales por el Pliego Popular Ante la extendida huelga de hambre del machi Celestino C\u00f3rdova y otros prisioneros pol\u00edticos mapuches, las tomas en &hellip; <\/p>\n","protected":false},"author":2,"featured_media":1338,"comment_status":"closed","ping_status":"closed","sticky":false,"template":"","format":"standard","meta":{"jetpack_post_was_ever_published":false,"_jetpack_newsletter_access":"","_jetpack_dont_email_post_to_subs":false,"_jetpack_newsletter_tier_id":0,"_jetpack_memberships_contains_paywalled_content":false,"_jetpack_memberships_contains_paid_content":false,"footnotes":"","jetpack_publicize_message":"","jetpack_publicize_feature_enabled":true,"jetpack_social_post_already_shared":false,"jetpack_social_options":{"image_generator_settings":{"template":"highway","default_image_id":0,"enabled":false},"version":2}},"categories":[8,9,14,15,19],"tags":[],"class_list":["post-1337","post","type-post","status-publish","format-standard","has-post-thumbnail","hentry","category-comunicado","category-confederacion","category-movimientos-sociales","category-nacional","category-trabajadores"],"jetpack_publicize_connections":[],"jetpack_featured_media_url":"https:\/\/www.confederaciondelcobre.cl\/wp-content\/uploads\/2020\/08\/DECportweb.jpg","jetpack_sharing_enabled":true,"post_mailing_queue_ids":[],"_links":{"self":[{"href":"https:\/\/www.confederaciondelcobre.cl\/index.php\/wp-json\/wp\/v2\/posts\/1337","targetHints":{"allow":["GET"]}}],"collection":[{"href":"https:\/\/www.confederaciondelcobre.cl\/index.php\/wp-json\/wp\/v2\/posts"}],"about":[{"href":"https:\/\/www.confederaciondelcobre.cl\/index.php\/wp-json\/wp\/v2\/types\/post"}],"author":[{"embeddable":true,"href":"https:\/\/www.confederaciondelcobre.cl\/index.php\/wp-json\/wp\/v2\/users\/2"}],"replies":[{"embeddable":true,"href":"https:\/\/www.confederaciondelcobre.cl\/index.php\/wp-json\/wp\/v2\/comments?post=1337"}],"version-history":[{"count":4,"href":"https:\/\/www.confederaciondelcobre.cl\/index.php\/wp-json\/wp\/v2\/posts\/1337\/revisions"}],"predecessor-version":[{"id":1344,"href":"https:\/\/www.confederaciondelcobre.cl\/index.php\/wp-json\/wp\/v2\/posts\/1337\/revisions\/1344"}],"wp:featuredmedia":[{"embeddable":true,"href":"https:\/\/www.confederaciondelcobre.cl\/index.php\/wp-json\/wp\/v2\/media\/1338"}],"wp:attachment":[{"href":"https:\/\/www.confederaciondelcobre.cl\/index.php\/wp-json\/wp\/v2\/media?parent=1337"}],"wp:term":[{"taxonomy":"category","embeddable":true,"href":"https:\/\/www.confederaciondelcobre.cl\/index.php\/wp-json\/wp\/v2\/categories?post=1337"},{"taxonomy":"post_tag","embeddable":true,"href":"https:\/\/www.confederaciondelcobre.cl\/index.php\/wp-json\/wp\/v2\/tags?post=1337"}],"curies":[{"name":"wp","href":"https:\/\/api.w.org\/{rel}","templated":true}]}}