{"id":1345,"date":"2020-08-05T19:00:22","date_gmt":"2020-08-05T19:00:22","guid":{"rendered":"http:\/\/www.confederaciondelcobre.cl\/?p=1345"},"modified":"2020-08-06T16:56:56","modified_gmt":"2020-08-06T16:56:56","slug":"por-representante-de-los-trabajadores-ftc-en-directorio-de-codelco-carta-ctmin-al-pdte-de-la-republica","status":"publish","type":"post","link":"https:\/\/www.confederaciondelcobre.cl\/index.php\/2020\/08\/05\/por-representante-de-los-trabajadores-ftc-en-directorio-de-codelco-carta-ctmin-al-pdte-de-la-republica\/","title":{"rendered":"Por representante de los trabajadores FTC en Directorio de Codelco: Carta CTMIN al Pdte. de la Rep\u00fablica."},"content":{"rendered":"\n<p style=\"text-align:right\">Santiago, 05 de agosto de 2020 <\/p>\n\n\n\n<p>Excelent\u00edsimo Se\u00f1or:<br>Sebasti\u00e1n Pi\u00f1era Echenique<br>Presidente de la Rep\u00fablica<br>PRESENTE <\/p>\n\n\n\n<p>Junto con saludarlo, como Coordinadora de Trabajadores de la Miner\u00eda, CTMIN,\ntenemos el deber de dirigirnos a usted para exponer lo siguiente:\n<\/p>\n\n\n\n<p>Como ya est\u00e1 en antecedente, la Federaci\u00f3n de Trabajadores del Cobre hizo\nllegar oportunamente a usted la n\u00f3mina con los cinco integrantes de dicha\norganizaci\u00f3n que componen la quina para determinar \u00e9l o la representante\nlaboral en el Directorio de Codelco, conforme a lo establecido en la Ley 20.392.\n<\/p>\n\n\n\n<p>Sabemos el importante rol de la Corporaci\u00f3n del Cobre, para aportar recursos al\nEstado de Chile, que hoy m\u00e1s que nunca, son necesarios para enfrentar las\nsecuelas sociales que est\u00e1 generando la pandemia Covid &#8211; 19. Y los\ntrabajadores, representados por esta Federaci\u00f3n, desde siempre han dado\nmuestras de compromiso con esta empresa del estado, con Chile y su gente,\nlegado hist\u00f3rico e imperativo \u00e9tico intransable para esta emblem\u00e1tica\norganizaci\u00f3n sindical.\n<\/p>\n\n\n\n<p>Como usted bien sabe, la Federaci\u00f3n de Trabajadores del Cobre ha realizado el proceso de definici\u00f3n de candidatos, de manera seria, responsable y con apego estricto a su normativa interna y respetando lo dispuesto en la Ley. <\/p>\n\n\n\n<p>Por lo tanto, no comprendemos y nos genera profunda inquietud la dilataci\u00f3n sin\nprecedentes, de una decisi\u00f3n de la mayor urgencia y relevancia, no s\u00f3lo para el\npresente y futuro de Codelco, sino tambi\u00e9n para la reputaci\u00f3n e imagen de la\nempresa m\u00e1s importante del Estado de Chile.\n<\/p>\n\n\n\n<p>Por todo lo expuesto, solicitamos a usted realizar al m\u00e1s breve plazo, el\nnombramiento del representante de la Federaci\u00f3n de Trabajadores del Cobre en\nel Directorio de Codelco, respetando as\u00ed la institucionalidad de la FTC, quien\nhist\u00f3ricamente ha sido un actor relevante para seguir aportando como leg\u00edtimos\nrepresentantes de los trabajadores, a la sustentabilidad y desarrollo de esta gran\nempresa del Estado, en beneficio de las chilenas y chilenos que m\u00e1s lo\nnecesitan.\n<\/p>\n\n\n\n<p>Sin otro particular, saludan Atentamente a Usted,\n<\/p>\n\n\n\n<ul class=\"wp-block-list\"><li><strong>Miguel Fern\u00e1ndez, Presidente Federaci\u00f3n de Supervisores de la Miner\u00eda Privada<\/strong>.<\/li><li><strong>Gustavo Tapia, Presidente Federaci\u00f3n Minera de Chile<\/strong>.<\/li><li><strong> Patricio Elgueta, Presidente Federaci\u00f3n de Trabajadores del Cobre<\/strong>.<\/li><li><strong> Manuel Ahumada, Presidente Confederaci\u00f3n de Trabajadores del Cobre.<\/strong><\/li><li><strong>Hugo P\u00e1ez, Presidente Confederaci\u00f3n Minera de Chile<\/strong>.<\/li><li><strong> Ricardo Calder\u00f3n, Presidente Federaci\u00f3n de Supervisores del Cobre<\/strong>.<\/li><li><strong> Celso Pardo, Presidente Federaci\u00f3n de Sindicatos de Antofagasta Minerals. <\/strong><\/li><\/ul>\n\n\n\n<figure class=\"wp-block-image\"><img loading=\"lazy\" decoding=\"async\" width=\"792\" height=\"1024\" src=\"http:\/\/www.confederaciondelcobre.cl\/wp-content\/uploads\/2020\/08\/Pag1-792x1024.jpg\" alt=\"\" class=\"wp-image-1346\" srcset=\"https:\/\/www.confederaciondelcobre.cl\/wp-content\/uploads\/2020\/08\/Pag1-792x1024.jpg 792w, https:\/\/www.confederaciondelcobre.cl\/wp-content\/uploads\/2020\/08\/Pag1-232x300.jpg 232w, https:\/\/www.confederaciondelcobre.cl\/wp-content\/uploads\/2020\/08\/Pag1-768x994.jpg 768w, https:\/\/www.confederaciondelcobre.cl\/wp-content\/uploads\/2020\/08\/Pag1.jpg 1583w\" sizes=\"auto, (max-width: 792px) 100vw, 792px\" \/><\/figure>\n\n\n\n<figure class=\"wp-block-image\"><img loading=\"lazy\" decoding=\"async\" width=\"792\" height=\"1024\" src=\"http:\/\/www.confederaciondelcobre.cl\/wp-content\/uploads\/2020\/08\/Pag2-792x1024.jpg\" alt=\"\" class=\"wp-image-1348\" srcset=\"https:\/\/www.confederaciondelcobre.cl\/wp-content\/uploads\/2020\/08\/Pag2-792x1024.jpg 792w, https:\/\/www.confederaciondelcobre.cl\/wp-content\/uploads\/2020\/08\/Pag2-232x300.jpg 232w, https:\/\/www.confederaciondelcobre.cl\/wp-content\/uploads\/2020\/08\/Pag2-768x994.jpg 768w, https:\/\/www.confederaciondelcobre.cl\/wp-content\/uploads\/2020\/08\/Pag2.jpg 1583w\" sizes=\"auto, (max-width: 792px) 100vw, 792px\" \/><\/figure>\n","protected":false},"excerpt":{"rendered":"<p>Santiago, 05 de agosto de 2020 Excelent\u00edsimo Se\u00f1or:Sebasti\u00e1n Pi\u00f1era EcheniquePresidente de la Rep\u00fablicaPRESENTE Junto con saludarlo, como Coordinadora de Trabajadores de la Miner\u00eda, CTMIN, tenemos el deber de dirigirnos a &hellip; <\/p>\n","protected":false},"author":2,"featured_media":1349,"comment_status":"closed","ping_status":"closed","sticky":false,"template":"","format":"standard","meta":{"jetpack_post_was_ever_published":false,"_jetpack_newsletter_access":"","_jetpack_dont_email_post_to_subs":false,"_jetpack_newsletter_tier_id":0,"_jetpack_memberships_contains_paywalled_content":false,"_jetpack_memberships_contains_paid_content":false,"footnotes":"","jetpack_publicize_message":"","jetpack_publicize_feature_enabled":true,"jetpack_social_post_already_shared":false,"jetpack_social_options":{"image_generator_settings":{"template":"highway","default_image_id":0,"enabled":false},"version":2}},"categories":[8,9,11,15,19],"tags":[],"class_list":["post-1345","post","type-post","status-publish","format-standard","has-post-thumbnail","hentry","category-comunicado","category-confederacion","category-ctmin","category-nacional","category-trabajadores"],"jetpack_publicize_connections":[],"jetpack_featured_media_url":"https:\/\/www.confederaciondelcobre.cl\/wp-content\/uploads\/2020\/08\/Port.jpg","jetpack_sharing_enabled":true,"post_mailing_queue_ids":[],"_links":{"self":[{"href":"https:\/\/www.confederaciondelcobre.cl\/index.php\/wp-json\/wp\/v2\/posts\/1345","targetHints":{"allow":["GET"]}}],"collection":[{"href":"https:\/\/www.confederaciondelcobre.cl\/index.php\/wp-json\/wp\/v2\/posts"}],"about":[{"href":"https:\/\/www.confederaciondelcobre.cl\/index.php\/wp-json\/wp\/v2\/types\/post"}],"author":[{"embeddable":true,"href":"https:\/\/www.confederaciondelcobre.cl\/index.php\/wp-json\/wp\/v2\/users\/2"}],"replies":[{"embeddable":true,"href":"https:\/\/www.confederaciondelcobre.cl\/index.php\/wp-json\/wp\/v2\/comments?post=1345"}],"version-history":[{"count":5,"href":"https:\/\/www.confederaciondelcobre.cl\/index.php\/wp-json\/wp\/v2\/posts\/1345\/revisions"}],"predecessor-version":[{"id":1353,"href":"https:\/\/www.confederaciondelcobre.cl\/index.php\/wp-json\/wp\/v2\/posts\/1345\/revisions\/1353"}],"wp:featuredmedia":[{"embeddable":true,"href":"https:\/\/www.confederaciondelcobre.cl\/index.php\/wp-json\/wp\/v2\/media\/1349"}],"wp:attachment":[{"href":"https:\/\/www.confederaciondelcobre.cl\/index.php\/wp-json\/wp\/v2\/media?parent=1345"}],"wp:term":[{"taxonomy":"category","embeddable":true,"href":"https:\/\/www.confederaciondelcobre.cl\/index.php\/wp-json\/wp\/v2\/categories?post=1345"},{"taxonomy":"post_tag","embeddable":true,"href":"https:\/\/www.confederaciondelcobre.cl\/index.php\/wp-json\/wp\/v2\/tags?post=1345"}],"curies":[{"name":"wp","href":"https:\/\/api.w.org\/{rel}","templated":true}]}}