{"id":1355,"date":"2020-08-07T16:08:43","date_gmt":"2020-08-07T16:08:43","guid":{"rendered":"http:\/\/www.confederaciondelcobre.cl\/?p=1355"},"modified":"2020-08-07T16:17:45","modified_gmt":"2020-08-07T16:17:45","slug":"comunicado-ctmin-a-10-anos-de-los-33-mineros-persisten-las-muertes-por-falencias-en-seguridad","status":"publish","type":"post","link":"https:\/\/www.confederaciondelcobre.cl\/index.php\/2020\/08\/07\/comunicado-ctmin-a-10-anos-de-los-33-mineros-persisten-las-muertes-por-falencias-en-seguridad\/","title":{"rendered":"Comunicado CTMIN: a 10 a\u00f1os de \u201clos 33 mineros\u201d persisten las muertes por falencias en Seguridad."},"content":{"rendered":"\n<p>Fueron 69 d\u00edas de un pa\u00eds y el mundo entero expectantes por el resultado del\nrescate de 33 mineros que quedaron atrapados a 750 metros de profundidad por\nel derrumbe de la Mina San Jos\u00e9.\n<\/p>\n\n\n\n<p>El minero 33 en salir, Luis Urz\u00faa, el jefe de turno cuando ocurri\u00f3 el derrumbe,\npronunci\u00f3 una frase que supon\u00eda marcar un antes y un despu\u00e9s en miner\u00eda:\n\u201cEspero que esto nunca m\u00e1s vuelva a ocurrir, por el bien del pa\u00eds\u201d.\n<\/p>\n\n\n\n<p>Y hasta hoy, agosto del 2020, a 10 a\u00f1os de este hito, seg\u00fan las cifras del Sernageomin son 229 los mineros fallecidos hasta el 2019, sin contar los accidentes de trayecto que tambi\u00e9n deber\u00edan ser considerados muertes en el rubro. M\u00e1s de 229 mineros no han corrido la misma suerte que los 33 rescatados y lamentablemente, han perdido la vida en su lugar de trabajo. Desprendimiento de material, ca\u00eddas en altura, accidentes de trayecto y muchas formas m\u00e1s, son las causas m\u00e1s comunes, por las cuales nuestros compa\u00f1eros han perdido la vida. <\/p>\n\n\n\n<p>A una d\u00e9cada del \u201cEspero que esto nunca m\u00e1s vuelva a ocurrir\u201d, no podemos afirmar que as\u00ed ha sido, y menos podemos decir que hemos avanzado en seguridad, ya que han sido las organizaciones sindicales quienes han promovido con mayor fuerza una miner\u00eda m\u00e1s segura. <\/p>\n\n\n\n<p>En Chile no tenemos una pol\u00edtica nacional minera, siendo que nuestro rubro es el que m\u00e1s aporta al desarrollo de la econom\u00eda, y somos miles los trabajadores que corremos el riesgo de muerte en cada subida a faena.<\/p>\n\n\n\n<p>Como Coordinadora de Trabajadores de la Miner\u00eda, CTMIN, hemos entregado\ndos cartas al Presidente Pi\u00f1era para pedirle la ratificaci\u00f3n del Convenio 176 de\nla OIT, que establece ciertos par\u00e1metros y elementos que el Estado debe\ngarantizar para el correcto y seguro desarrollo de este rubro en el pa\u00eds.\n<\/p>\n\n\n\n<p>Hasta ahora, no hay respuesta. Hasta ahora, los mineros muertos suman\ncientos. Hasta ahora, la p\u00e9rdida para cientos de familias es irreparable. Hasta\nahora, corremos el riesgo de muerte en cada turno minero.\n<\/p>\n\n\n\n<p>Como organizaci\u00f3n que agrupa a cerca del 80% de los trabajadores de la\nminer\u00eda del pa\u00eds, volvemos a expresar nuestra NECESIDAD IMPERIOSA de\npoder tener seguridad en el desarrollo de nuestra labor.\n<\/p>\n\n\n\n<p>La miner\u00eda mueve al pa\u00eds; las trabajadoras y trabajadores mineros movemos al\npa\u00eds pero muchos m\u00e1s de 229 han muerto y esto no parece ser una\npreocupaci\u00f3n para el Gobierno y el Estado de Chile.\n<\/p>\n\n\n\n<p>Como CTMIN, exigimos la ratificaci\u00f3n del Convenio 176 de la OIT y exigimos la\ncreaci\u00f3n de una Pol\u00edtica Nacional Minera, en donde los trabajadores mineros\npuedan tener participaci\u00f3n.\n<\/p>\n\n\n\n<p>A 10 a\u00f1os del terrible accidente de los 33 colegas, no es posible que sigamos\npidiendo lo mismo: una miner\u00eda m\u00e1s segura.\n<\/p>\n\n\n\n<ul class=\"wp-block-list\"><li><strong>Miguel Fern\u00e1ndez, Presidente Federaci\u00f3n de Supervisores de la Miner\u00eda Privada.<\/strong><\/li><li><strong>Gustavo Tapia, Presidente Federaci\u00f3n Minera de Chile<\/strong>.<\/li><li><strong> Patricio Elgueta, Presidente Federaci\u00f3n de Trabajadores del Cobre<\/strong>.<\/li><li><strong> Manuel Ahumada, Presidente Confederaci\u00f3n de Trabajadores del Cobre.<\/strong><\/li><li><strong>Hugo P\u00e1ez, Presidente Confederaci\u00f3n Minera de Chile<\/strong>.<\/li><li><strong> Ricardo Calder\u00f3n, Presidente Federaci\u00f3n de Supervisores del Cobre<\/strong>.<\/li><li><strong> Celso Pardo, Presidente Federaci\u00f3n de Sindicatos de Antofagasta Minerals.<\/strong><\/li><\/ul>\n\n\n\n<figure class=\"wp-block-image\"><img loading=\"lazy\" decoding=\"async\" width=\"791\" height=\"1024\" src=\"http:\/\/www.confederaciondelcobre.cl\/wp-content\/uploads\/2020\/08\/Pag1-791x1024.png\" alt=\"\" class=\"wp-image-1357\" srcset=\"https:\/\/www.confederaciondelcobre.cl\/wp-content\/uploads\/2020\/08\/Pag1.png 791w, https:\/\/www.confederaciondelcobre.cl\/wp-content\/uploads\/2020\/08\/Pag1-232x300.png 232w, https:\/\/www.confederaciondelcobre.cl\/wp-content\/uploads\/2020\/08\/Pag1-768x994.png 768w\" sizes=\"auto, (max-width: 791px) 100vw, 791px\" \/><\/figure>\n\n\n\n<figure class=\"wp-block-image\"><img loading=\"lazy\" decoding=\"async\" width=\"791\" height=\"1024\" src=\"http:\/\/www.confederaciondelcobre.cl\/wp-content\/uploads\/2020\/08\/Pag2-791x1024.png\" alt=\"\" class=\"wp-image-1358\" srcset=\"https:\/\/www.confederaciondelcobre.cl\/wp-content\/uploads\/2020\/08\/Pag2.png 791w, https:\/\/www.confederaciondelcobre.cl\/wp-content\/uploads\/2020\/08\/Pag2-232x300.png 232w, https:\/\/www.confederaciondelcobre.cl\/wp-content\/uploads\/2020\/08\/Pag2-768x994.png 768w\" sizes=\"auto, (max-width: 791px) 100vw, 791px\" \/><\/figure>\n","protected":false},"excerpt":{"rendered":"<p>Fueron 69 d\u00edas de un pa\u00eds y el mundo entero expectantes por el resultado del rescate de 33 mineros que quedaron atrapados a 750 metros de profundidad por el derrumbe &hellip; <\/p>\n","protected":false},"author":2,"featured_media":1356,"comment_status":"closed","ping_status":"closed","sticky":false,"template":"","format":"standard","meta":{"jetpack_post_was_ever_published":false,"_jetpack_newsletter_access":"","_jetpack_dont_email_post_to_subs":false,"_jetpack_newsletter_tier_id":0,"_jetpack_memberships_contains_paywalled_content":false,"_jetpack_memberships_contains_paid_content":false,"footnotes":"","jetpack_publicize_message":"","jetpack_publicize_feature_enabled":true,"jetpack_social_post_already_shared":false,"jetpack_social_options":{"image_generator_settings":{"template":"highway","default_image_id":0,"enabled":false},"version":2}},"categories":[8,9,11,15,19],"tags":[],"class_list":["post-1355","post","type-post","status-publish","format-standard","has-post-thumbnail","hentry","category-comunicado","category-confederacion","category-ctmin","category-nacional","category-trabajadores"],"jetpack_publicize_connections":[],"jetpack_featured_media_url":"https:\/\/www.confederaciondelcobre.cl\/wp-content\/uploads\/2020\/08\/Port-1.jpg","jetpack_sharing_enabled":true,"post_mailing_queue_ids":[],"_links":{"self":[{"href":"https:\/\/www.confederaciondelcobre.cl\/index.php\/wp-json\/wp\/v2\/posts\/1355","targetHints":{"allow":["GET"]}}],"collection":[{"href":"https:\/\/www.confederaciondelcobre.cl\/index.php\/wp-json\/wp\/v2\/posts"}],"about":[{"href":"https:\/\/www.confederaciondelcobre.cl\/index.php\/wp-json\/wp\/v2\/types\/post"}],"author":[{"embeddable":true,"href":"https:\/\/www.confederaciondelcobre.cl\/index.php\/wp-json\/wp\/v2\/users\/2"}],"replies":[{"embeddable":true,"href":"https:\/\/www.confederaciondelcobre.cl\/index.php\/wp-json\/wp\/v2\/comments?post=1355"}],"version-history":[{"count":4,"href":"https:\/\/www.confederaciondelcobre.cl\/index.php\/wp-json\/wp\/v2\/posts\/1355\/revisions"}],"predecessor-version":[{"id":1362,"href":"https:\/\/www.confederaciondelcobre.cl\/index.php\/wp-json\/wp\/v2\/posts\/1355\/revisions\/1362"}],"wp:featuredmedia":[{"embeddable":true,"href":"https:\/\/www.confederaciondelcobre.cl\/index.php\/wp-json\/wp\/v2\/media\/1356"}],"wp:attachment":[{"href":"https:\/\/www.confederaciondelcobre.cl\/index.php\/wp-json\/wp\/v2\/media?parent=1355"}],"wp:term":[{"taxonomy":"category","embeddable":true,"href":"https:\/\/www.confederaciondelcobre.cl\/index.php\/wp-json\/wp\/v2\/categories?post=1355"},{"taxonomy":"post_tag","embeddable":true,"href":"https:\/\/www.confederaciondelcobre.cl\/index.php\/wp-json\/wp\/v2\/tags?post=1355"}],"curies":[{"name":"wp","href":"https:\/\/api.w.org\/{rel}","templated":true}]}}