{"id":1434,"date":"2020-09-24T19:14:10","date_gmt":"2020-09-24T19:14:10","guid":{"rendered":"http:\/\/www.confederaciondelcobre.cl\/?p=1434"},"modified":"2020-09-24T19:14:12","modified_gmt":"2020-09-24T19:14:12","slug":"sindicato-de-trabajadores-de-empresa-minera-don-alberto-llega-a-acuerdo-y-finaliza-exitosa-negociacion-colectiva","status":"publish","type":"post","link":"https:\/\/www.confederaciondelcobre.cl\/index.php\/2020\/09\/24\/sindicato-de-trabajadores-de-empresa-minera-don-alberto-llega-a-acuerdo-y-finaliza-exitosa-negociacion-colectiva\/","title":{"rendered":"Sindicato de Trabajadores de Empresa Minera Don Alberto llega a acuerdo y finaliza exitosa Negociaci\u00f3n Colectiva."},"content":{"rendered":"\n<p>Transcurridos casi tres meses desde que el Sindicato de Trabajadores de Empresa Minera Don Alberto presentara su proyecto de Negociaci\u00f3n Colectiva, finalmente, <strong>ayer mi\u00e9rcoles 24 de septiembre<\/strong>, las tratativas entre el Sindicato y la Empresa -ratificadas el jueves 17 por la asamblea- llegaron a buen puerto. Y es que el proceso no fue f\u00e1cil, las peticiones de las y los trabajadores, conscientes de la actual crisis sanitaria, social y econ\u00f3mica que vive nuestro pa\u00eds, a ratos parec\u00edan dificultarse debido a las normales diferencias con la Empresa. Pero finalmente, con la voluntad de ambas partes (trabajadores y empresa), la Negociaci\u00f3n Colectiva que corresponde para este nuevo per\u00edodo concluy\u00f3 de manera satisfactoria.<\/p>\n\n\n\n<ul class=\"wp-block-list\"><li><strong>El nuevo Contrato Colectivo, que regir\u00e1 las relaciones laborales entre la Empresa Minera Don Alberto y su Sindicato para el per\u00edodo 2020-2023, no solo mantiene derechos y beneficios alcanzados en procesos anteriores<\/strong>, como aquellos relativos a capacitaciones, bono de escolaridad, ex\u00e1menes m\u00e9dicos, natalidad, matrimonio, bono por t\u00edtulo, llamados de emergencia y permanencias para el caso de los trabajadores de mantenci\u00f3n, <strong>sino que adem\u00e1s incluye un aumento del<\/strong>\u00a0<strong>Sueldo Base, la obtenci\u00f3n de un importante porcentaje del Seguro de Cesant\u00eda que no ser\u00e1 descontado del finiquito en caso de despido, la ampliaci\u00f3n del Seguro Complementario de Salud, se ampli\u00f3 tambi\u00e9n el alcance de la Cuota Mortuoria que hoy pasa a ser un seguro para el grupo familiar, y un Bono de T\u00e9rmino de Negociaci\u00f3n m\u00e1s alto que el del proceso anterior, entre otros.<\/strong> Para el Sindicato y sus socios, cabe se\u00f1alar, se trata en general de derechos y beneficios con un car\u00e1cter m\u00e1s permanente, pues esa era la pretensi\u00f3n principal.<\/li><\/ul>\n\n\n\n<div class=\"wp-block-image\"><figure class=\"aligncenter\"><img loading=\"lazy\" decoding=\"async\" width=\"400\" height=\"300\" src=\"http:\/\/www.confederaciondelcobre.cl\/wp-content\/uploads\/2020\/09\/doc.jpg\" alt=\"\" class=\"wp-image-1464\" srcset=\"https:\/\/www.confederaciondelcobre.cl\/wp-content\/uploads\/2020\/09\/doc.jpg 400w, https:\/\/www.confederaciondelcobre.cl\/wp-content\/uploads\/2020\/09\/doc-300x225.jpg 300w\" sizes=\"auto, (max-width: 400px) 100vw, 400px\" \/><\/figure><\/div>\n\n\n\n<p><strong>Marcelo Rojas, Secretario del Sindicato de Empresa Minera Don Alberto, <\/strong>refiri\u00e9ndose a este proceso de Negociaci\u00f3n Colectiva, se\u00f1al\u00f3 que &#8220;logramos terminar de buena forma la firma del contrato, sobre todo en un per\u00edodo donde la situaci\u00f3n laboral en general no es de las mejores, pero que con la disposici\u00f3n de la empresa y el sindicato llegamos a buen puerto&#8221;. Tambi\u00e9n dej\u00f3 un saludo y palabras para &#8220;nuestras bases, socias y socios del Sindicato, y a la Confederaci\u00f3n de Trabajadores del Cobre (CTC) ya que son el sustento de nuestras labores como dirigentes&#8221;. En tanto<strong> <\/strong>el<strong> Presidente del Sindicato de Empresa Minera Don Alberto<\/strong>, <strong>Dantes Rojas<\/strong>, junto con valorar y agradecer la unidad de las y los socios en torno al Sindicato, que tuvieron una activa participaci\u00f3n en este largo proceso de Negociaci\u00f3n Colectiva, envi\u00f3 tambi\u00e9n un mensaje de agradecimiento por el permanente apoyo de parte de la Confederaci\u00f3n de Trabajadores del Cobre, destacando &#8220;su importante asesor\u00eda legal y colaboraci\u00f3n comunicacional, especialmente el apoyo del Vicepresidente de la CTC, Miguel Santana, en las reuniones de la Comisi\u00f3n Negociadora&#8221;.  Para finalizar, el Presidente del Sindicato de Empresa Minera Don Alberto reiter\u00f3 su gratitud hacia &#8220;todas y todos quienes contribuyeron, de una u otra forma, para que este proceso de Negociaci\u00f3n Colectiva, con todas sus dificultades, llegara por fin a buen t\u00e9rmino&#8221;.<\/p>\n\n\n\n<p><\/p>\n","protected":false},"excerpt":{"rendered":"<p>Transcurridos casi tres meses desde que el Sindicato de Trabajadores de Empresa Minera Don Alberto presentara su proyecto de Negociaci\u00f3n Colectiva, finalmente, ayer mi\u00e9rcoles 24 de septiembre, las tratativas entre &hellip; <\/p>\n","protected":false},"author":2,"featured_media":1463,"comment_status":"closed","ping_status":"closed","sticky":false,"template":"","format":"standard","meta":{"jetpack_post_was_ever_published":false,"_jetpack_newsletter_access":"","_jetpack_dont_email_post_to_subs":false,"_jetpack_newsletter_tier_id":0,"_jetpack_memberships_contains_paywalled_content":false,"_jetpack_memberships_contains_paid_content":false,"footnotes":"","jetpack_publicize_message":"","jetpack_publicize_feature_enabled":true,"jetpack_social_post_already_shared":false,"jetpack_social_options":{"image_generator_settings":{"template":"highway","default_image_id":0,"enabled":false},"version":2}},"categories":[9,21,29,20,19],"tags":[],"class_list":["post-1434","post","type-post","status-publish","format-standard","has-post-thumbnail","hentry","category-confederacion","category-federaciones","category-fetramac","category-negociacion-colectiva","category-trabajadores"],"jetpack_publicize_connections":[],"jetpack_featured_media_url":"https:\/\/www.confederaciondelcobre.cl\/wp-content\/uploads\/2020\/09\/PortNCMDA.jpg","jetpack_sharing_enabled":true,"post_mailing_queue_ids":[],"_links":{"self":[{"href":"https:\/\/www.confederaciondelcobre.cl\/index.php\/wp-json\/wp\/v2\/posts\/1434","targetHints":{"allow":["GET"]}}],"collection":[{"href":"https:\/\/www.confederaciondelcobre.cl\/index.php\/wp-json\/wp\/v2\/posts"}],"about":[{"href":"https:\/\/www.confederaciondelcobre.cl\/index.php\/wp-json\/wp\/v2\/types\/post"}],"author":[{"embeddable":true,"href":"https:\/\/www.confederaciondelcobre.cl\/index.php\/wp-json\/wp\/v2\/users\/2"}],"replies":[{"embeddable":true,"href":"https:\/\/www.confederaciondelcobre.cl\/index.php\/wp-json\/wp\/v2\/comments?post=1434"}],"version-history":[{"count":35,"href":"https:\/\/www.confederaciondelcobre.cl\/index.php\/wp-json\/wp\/v2\/posts\/1434\/revisions"}],"predecessor-version":[{"id":1471,"href":"https:\/\/www.confederaciondelcobre.cl\/index.php\/wp-json\/wp\/v2\/posts\/1434\/revisions\/1471"}],"wp:featuredmedia":[{"embeddable":true,"href":"https:\/\/www.confederaciondelcobre.cl\/index.php\/wp-json\/wp\/v2\/media\/1463"}],"wp:attachment":[{"href":"https:\/\/www.confederaciondelcobre.cl\/index.php\/wp-json\/wp\/v2\/media?parent=1434"}],"wp:term":[{"taxonomy":"category","embeddable":true,"href":"https:\/\/www.confederaciondelcobre.cl\/index.php\/wp-json\/wp\/v2\/categories?post=1434"},{"taxonomy":"post_tag","embeddable":true,"href":"https:\/\/www.confederaciondelcobre.cl\/index.php\/wp-json\/wp\/v2\/tags?post=1434"}],"curies":[{"name":"wp","href":"https:\/\/api.w.org\/{rel}","templated":true}]}}