{"id":1492,"date":"2020-10-08T21:52:00","date_gmt":"2020-10-08T21:52:00","guid":{"rendered":"http:\/\/www.confederaciondelcobre.cl\/?p=1492"},"modified":"2020-10-08T21:52:00","modified_gmt":"2020-10-08T21:52:00","slug":"comunicadoctmin-sobre-proceso-de-votaciones-de-este-25-de-octubre","status":"publish","type":"post","link":"https:\/\/www.confederaciondelcobre.cl\/index.php\/2020\/10\/08\/comunicadoctmin-sobre-proceso-de-votaciones-de-este-25-de-octubre\/","title":{"rendered":"#ComunicadoCTMIN sobre proceso de votaciones de este 25 de octubre."},"content":{"rendered":"\n<p>8 de octubre\n<\/p>\n\n\n\n<p style=\"text-align:center\"><strong>Comunicado <\/strong><\/p>\n\n\n\n<p>Frente a la pr\u00f3xima fecha de votaci\u00f3n el 25 de octubre, la Coordinadora de\nTrabajadores de la Miner\u00eda, CTMIN, se\u00f1ala lo siguiente:\n<\/p>\n\n\n\n<p>1.- Esperamos que todos los trabajadores conozcan el derecho que otorga la Ley\n18.700 en su art\u00edculo Art\u00edculo 165: \u201cNinguna autoridad o empleador podr\u00e1 exigir\nservicio o trabajo alguno que impida votar a los electores. En aquellas actividades que\ndeban necesariamente realizarse el d\u00eda en que se celebrare una elecci\u00f3n o plebiscito,\nlos trabajadores podr\u00e1n ausentarse durante dos horas, a fin de que puedan sufragar,\nsin descuento de sus remuneraciones\u201d.\n<\/p>\n\n\n\n<p>2.- Ante ello, como CTMIN, y al igual que se realiz\u00f3 en la temporada m\u00e1s \u00e1lgida de la\npandemia, esperamos que las Compa\u00f1\u00edas mineras puedan facilitar y realizar los\nmayores esfuerzos en movilizaci\u00f3n y transporte para que los mineros puedan ejercer\nsu derecho a voto.\n<\/p>\n\n\n\n<p>3.- Promovemos que las empresas no ejerzan ning\u00fan tipo de presi\u00f3n sobre los\ntrabajadores y sean conscientes de que este proceso es muy importante para el pa\u00eds y\nque cada voto cuenta. Por ello, es importante tambi\u00e9n que tomen las medidas\nnecesarias de forma previa, para que no se altere la continuidad operacional.\n<\/p>\n\n\n\n<p>4.- En caso de quienes est\u00e9n inscritos en otras ciudades, y en caso de que su ciclo\nde turnos coincida con el d\u00eda de ella votaci\u00f3n, confiamos en que se permita\nintercambiar con trabajadores que residan en la ciudad, permitiendo as\u00ed el ejercicio del\nderecho a sufragio de la mayor cantidad posible de trabajadores y trabajadoras de la\nminer\u00eda y actividades en que se den situaciones similares.\n<\/p>\n\n\n\n<p>5.- Que estos mismos criterios se apliquen a las siguientes procesos de votaci\u00f3n que\nse realizar\u00e1n en nuestro pa\u00eds.\n<\/p>\n\n\n\n<p>6.- Cabe recordar tambi\u00e9n, que el Art\u00edculo 166 de la misma ley citada con anterioridad,\nse\u00f1ala: \u201cLos empleadores deber\u00e1n conceder los permisos necesarios, sin descuento\nde remuneraciones, a los trabajadores que sean designados vocales de mesas\nreceptoras de sufragios, miembros de colegios escrutadores o delegado de la junta\nelectoral\u201d.\n<\/p>\n","protected":false},"excerpt":{"rendered":"<p>8 de octubre Comunicado Frente a la pr\u00f3xima fecha de votaci\u00f3n el 25 de octubre, la Coordinadora de Trabajadores de la Miner\u00eda, CTMIN, se\u00f1ala lo siguiente: 1.- Esperamos que todos &hellip; <\/p>\n","protected":false},"author":2,"featured_media":1493,"comment_status":"closed","ping_status":"closed","sticky":false,"template":"","format":"standard","meta":{"jetpack_post_was_ever_published":false,"_jetpack_newsletter_access":"","_jetpack_dont_email_post_to_subs":false,"_jetpack_newsletter_tier_id":0,"_jetpack_memberships_contains_paywalled_content":false,"_jetpack_memberships_contains_paid_content":false,"footnotes":"","jetpack_publicize_message":"","jetpack_publicize_feature_enabled":true,"jetpack_social_post_already_shared":false,"jetpack_social_options":{"image_generator_settings":{"template":"highway","default_image_id":0,"enabled":false},"version":2}},"categories":[8,9,11,15,19],"tags":[],"class_list":["post-1492","post","type-post","status-publish","format-standard","has-post-thumbnail","hentry","category-comunicado","category-confederacion","category-ctmin","category-nacional","category-trabajadores"],"jetpack_publicize_connections":[],"jetpack_featured_media_url":"https:\/\/www.confederaciondelcobre.cl\/wp-content\/uploads\/2020\/10\/CTMIN25oct.jpg","jetpack_sharing_enabled":true,"post_mailing_queue_ids":[],"_links":{"self":[{"href":"https:\/\/www.confederaciondelcobre.cl\/index.php\/wp-json\/wp\/v2\/posts\/1492","targetHints":{"allow":["GET"]}}],"collection":[{"href":"https:\/\/www.confederaciondelcobre.cl\/index.php\/wp-json\/wp\/v2\/posts"}],"about":[{"href":"https:\/\/www.confederaciondelcobre.cl\/index.php\/wp-json\/wp\/v2\/types\/post"}],"author":[{"embeddable":true,"href":"https:\/\/www.confederaciondelcobre.cl\/index.php\/wp-json\/wp\/v2\/users\/2"}],"replies":[{"embeddable":true,"href":"https:\/\/www.confederaciondelcobre.cl\/index.php\/wp-json\/wp\/v2\/comments?post=1492"}],"version-history":[{"count":1,"href":"https:\/\/www.confederaciondelcobre.cl\/index.php\/wp-json\/wp\/v2\/posts\/1492\/revisions"}],"predecessor-version":[{"id":1494,"href":"https:\/\/www.confederaciondelcobre.cl\/index.php\/wp-json\/wp\/v2\/posts\/1492\/revisions\/1494"}],"wp:featuredmedia":[{"embeddable":true,"href":"https:\/\/www.confederaciondelcobre.cl\/index.php\/wp-json\/wp\/v2\/media\/1493"}],"wp:attachment":[{"href":"https:\/\/www.confederaciondelcobre.cl\/index.php\/wp-json\/wp\/v2\/media?parent=1492"}],"wp:term":[{"taxonomy":"category","embeddable":true,"href":"https:\/\/www.confederaciondelcobre.cl\/index.php\/wp-json\/wp\/v2\/categories?post=1492"},{"taxonomy":"post_tag","embeddable":true,"href":"https:\/\/www.confederaciondelcobre.cl\/index.php\/wp-json\/wp\/v2\/tags?post=1492"}],"curies":[{"name":"wp","href":"https:\/\/api.w.org\/{rel}","templated":true}]}}