{"id":1495,"date":"2020-10-09T19:56:07","date_gmt":"2020-10-09T19:56:07","guid":{"rendered":"http:\/\/www.confederaciondelcobre.cl\/?p=1495"},"modified":"2020-10-10T18:52:32","modified_gmt":"2020-10-10T18:52:32","slug":"negociacion-colectiva-en-momentos-cruciales-sindicato-de-empresa-pullman-san-luis-se-prepara-para-la-huelga","status":"publish","type":"post","link":"https:\/\/www.confederaciondelcobre.cl\/index.php\/2020\/10\/09\/negociacion-colectiva-en-momentos-cruciales-sindicato-de-empresa-pullman-san-luis-se-prepara-para-la-huelga\/","title":{"rendered":"Negociaci\u00f3n Colectiva en momentos cruciales: Sindicato de Empresa Pullman San Luis se prepara para la huelga."},"content":{"rendered":"\n<p>Transcurridos m\u00e1s de dos meses desde que el mi\u00e9rcoles 05 de agosto el Sindicato de Empresa Pullman San Luis (en Iquique) presentara su proyecto de Negociaci\u00f3n Colectiva, y luego de que el viernes 02 de octubre se votara la huelga ante la \u00faltima oferta de la empresa, el proceso, al d\u00eda de hoy, se encuentra en momentos cruciales: o se resuelve con la voluntad de las partes, donde las y los trabajadores han sido un ejemplo, o contin\u00faa con la paralizaci\u00f3n de actividades.<\/p>\n\n\n\n<p>Y es que luego de aprobarse la huelga por amplia mayor\u00eda, ha comenzado el plazo de mediaci\u00f3n obligada que es un per\u00edodo en el que trabajadores o empresa pueden solicitar dicha instancia ante la Inspecci\u00f3n del Trabajo, pudiendo as\u00ed retomar las conversaciones y eventualmente llegar un acuerdo.<\/p>\n\n\n\n<div class=\"wp-block-image\"><figure class=\"aligncenter\"><img loading=\"lazy\" decoding=\"async\" width=\"614\" height=\"400\" src=\"http:\/\/www.confederaciondelcobre.cl\/wp-content\/uploads\/2020\/10\/DIRSind.jpg\" alt=\"\" class=\"wp-image-1514\" srcset=\"https:\/\/www.confederaciondelcobre.cl\/wp-content\/uploads\/2020\/10\/DIRSind.jpg 614w, https:\/\/www.confederaciondelcobre.cl\/wp-content\/uploads\/2020\/10\/DIRSind-300x195.jpg 300w\" sizes=\"auto, (max-width: 614px) 100vw, 614px\" \/><figcaption>En la foto, de izquierda a derecha: Alejandra Iribarren, Secretaria; Ana Mart\u00ednez, Presidenta; y Jorge Abello, Tesorero.<\/figcaption><\/figure><\/div>\n\n\n\n<ul class=\"wp-block-list\"><li><strong>El proyecto de Negociaci\u00f3n Colectiva presentado por el Sindicato de Empresa Pullman San Luis, en lo sustantivo, apunta al reajuste de remuneraciones (sueldo base) y algunos beneficios sociales, como bonos de escolaridad y de vacaciones; capacitaciones y crecimiento laboral, entre otros.<\/strong><\/li><\/ul>\n\n\n\n<p>Para las y los trabajadores del Sindicato de Empresa Pullman San Luis este proceso no ha sido f\u00e1cil, pues la empresa no ha dado muchas se\u00f1ales de disposici\u00f3n para avanzar en el mejoramiento de las condiciones de quienes trabajan en ella. Recordemos que ya en abril de este a\u00f1o el sindicato <a rel=\"noreferrer noopener\" aria-label=\"denunciaba pr\u00e1cticas abusivas, chantajes para &quot;aceptar&quot; desvinculaciones de mutuo acuerdo, y una serie de faltas e irregularidades en los protocolos de seguridad y salud (abrir en una nueva pesta\u00f1a)\" href=\"http:\/\/www.confederaciondelcobre.cl\/index.php\/2020\/04\/24\/sindicato-pullman-san-luis-logra-compromiso-de-empresa-solucion-a-sus-demandas-fin-a-injusta-politica-de-despidos\/\" target=\"_blank\">denunciaba pr\u00e1cticas abusivas, chantajes para &#8220;aceptar&#8221; desvinculaciones de <\/a><em><a rel=\"noreferrer noopener\" aria-label=\"denunciaba pr\u00e1cticas abusivas, chantajes para &quot;aceptar&quot; desvinculaciones de mutuo acuerdo, y una serie de faltas e irregularidades en los protocolos de seguridad y salud (abrir en una nueva pesta\u00f1a)\" href=\"http:\/\/www.confederaciondelcobre.cl\/index.php\/2020\/04\/24\/sindicato-pullman-san-luis-logra-compromiso-de-empresa-solucion-a-sus-demandas-fin-a-injusta-politica-de-despidos\/\" target=\"_blank\">mutuo acuerdo<\/a><\/em><a rel=\"noreferrer noopener\" aria-label=\"denunciaba pr\u00e1cticas abusivas, chantajes para &quot;aceptar&quot; desvinculaciones de mutuo acuerdo, y una serie de faltas e irregularidades en los protocolos de seguridad y salud (abrir en una nueva pesta\u00f1a)\" href=\"http:\/\/www.confederaciondelcobre.cl\/index.php\/2020\/04\/24\/sindicato-pullman-san-luis-logra-compromiso-de-empresa-solucion-a-sus-demandas-fin-a-injusta-politica-de-despidos\/\" target=\"_blank\">, y una serie de faltas e irregularidades en los protocolos de seguridad y salud<\/a>. Todo, por cierto, ya en tiempos de pandemia.<\/p>\n\n\n\n<p><strong>Las negativas seg\u00fan la empresa<\/strong> en el actual proceso de Negociaci\u00f3n Colectiva, por un lado, <strong>se deben a la complicada situaci\u00f3n producto de la crisis sanitaria y econ\u00f3mica, y del incierto futuro que esto pudiera tener; pero por otro lado la misma empresa Pullman San Luis \u2014en este tan complicado per\u00edodo\u2014 no solo no ha detenido sus labores ni ha disminuido sus servicios sino que incluso los ha aumentado<\/strong>, por lo que una soluci\u00f3n favorable para ambas partes (trabajadores y empresa) no pasa necesariamente por un asunto econ\u00f3mico sino que de voluntades de parte del empleador.<\/p>\n\n\n\n<p>Finalmente, mientras los plazos se cumplen, y a la espera de un acercamiento real de parte de la empresa para llegar a buen puerto, el Sindicato de Empresa Pullman San Luis se prepara para la huelga.<\/p>\n","protected":false},"excerpt":{"rendered":"<p>Transcurridos m\u00e1s de dos meses desde que el mi\u00e9rcoles 05 de agosto el Sindicato de Empresa Pullman San Luis (en Iquique) presentara su proyecto de Negociaci\u00f3n Colectiva, y luego de &hellip; <\/p>\n","protected":false},"author":2,"featured_media":1509,"comment_status":"closed","ping_status":"closed","sticky":false,"template":"","format":"standard","meta":{"jetpack_post_was_ever_published":false,"_jetpack_newsletter_access":"","_jetpack_dont_email_post_to_subs":false,"_jetpack_newsletter_tier_id":0,"_jetpack_memberships_contains_paywalled_content":false,"_jetpack_memberships_contains_paid_content":false,"footnotes":"","jetpack_publicize_message":"","jetpack_publicize_feature_enabled":true,"jetpack_social_post_already_shared":false,"jetpack_social_options":{"image_generator_settings":{"template":"highway","default_image_id":0,"enabled":false},"version":2}},"categories":[9,21,22,20,19],"tags":[],"class_list":["post-1495","post","type-post","status-publish","format-standard","has-post-thumbnail","hentry","category-confederacion","category-federaciones","category-feminort","category-negociacion-colectiva","category-trabajadores"],"jetpack_publicize_connections":[],"jetpack_featured_media_url":"https:\/\/www.confederaciondelcobre.cl\/wp-content\/uploads\/2020\/10\/PSL.jpg","jetpack_sharing_enabled":true,"post_mailing_queue_ids":[],"_links":{"self":[{"href":"https:\/\/www.confederaciondelcobre.cl\/index.php\/wp-json\/wp\/v2\/posts\/1495","targetHints":{"allow":["GET"]}}],"collection":[{"href":"https:\/\/www.confederaciondelcobre.cl\/index.php\/wp-json\/wp\/v2\/posts"}],"about":[{"href":"https:\/\/www.confederaciondelcobre.cl\/index.php\/wp-json\/wp\/v2\/types\/post"}],"author":[{"embeddable":true,"href":"https:\/\/www.confederaciondelcobre.cl\/index.php\/wp-json\/wp\/v2\/users\/2"}],"replies":[{"embeddable":true,"href":"https:\/\/www.confederaciondelcobre.cl\/index.php\/wp-json\/wp\/v2\/comments?post=1495"}],"version-history":[{"count":23,"href":"https:\/\/www.confederaciondelcobre.cl\/index.php\/wp-json\/wp\/v2\/posts\/1495\/revisions"}],"predecessor-version":[{"id":1526,"href":"https:\/\/www.confederaciondelcobre.cl\/index.php\/wp-json\/wp\/v2\/posts\/1495\/revisions\/1526"}],"wp:featuredmedia":[{"embeddable":true,"href":"https:\/\/www.confederaciondelcobre.cl\/index.php\/wp-json\/wp\/v2\/media\/1509"}],"wp:attachment":[{"href":"https:\/\/www.confederaciondelcobre.cl\/index.php\/wp-json\/wp\/v2\/media?parent=1495"}],"wp:term":[{"taxonomy":"category","embeddable":true,"href":"https:\/\/www.confederaciondelcobre.cl\/index.php\/wp-json\/wp\/v2\/categories?post=1495"},{"taxonomy":"post_tag","embeddable":true,"href":"https:\/\/www.confederaciondelcobre.cl\/index.php\/wp-json\/wp\/v2\/tags?post=1495"}],"curies":[{"name":"wp","href":"https:\/\/api.w.org\/{rel}","templated":true}]}}