{"id":1503,"date":"2020-10-16T15:16:25","date_gmt":"2020-10-16T15:16:25","guid":{"rendered":"http:\/\/www.confederaciondelcobre.cl\/?p=1503"},"modified":"2020-10-23T17:29:04","modified_gmt":"2020-10-23T17:29:04","slug":"resultados-preliminares-fondo-unico-de-vivienda-concursable-2020","status":"publish","type":"post","link":"https:\/\/www.confederaciondelcobre.cl\/index.php\/2020\/10\/16\/resultados-preliminares-fondo-unico-de-vivienda-concursable-2020\/","title":{"rendered":"Resultados Preliminares Fondo \u00danico de Vivienda Concursable 2020"},"content":{"rendered":"\n<p>Compa\u00f1eras y compa\u00f1eros, comunicamos que<strong>&nbsp;a partir de hoy viernes 16 de octubre, y hasta el viernes 30 de octubre, ya est\u00e1n disponibles los resultados preliminares de las postulaciones al Fondo \u00danico de Vivienda Concursable<\/strong>&nbsp;<strong>a\u00f1o 2020<\/strong>. Un derecho y beneficio para&nbsp;trabajadores&nbsp;<strong>Contratistas y Subcontratistas que prestan sus servicios a Codelco, quedando excluidos aquellos que prestan sus servicios para la Vicepresidencia de Proyectos (VP)<\/strong>, y que corresponde al Acuerdo Marco vigente entre la Confederaci\u00f3n de Trabajadores del Cobre (CTC), Agema y Codelco. <strong>Cabe se\u00f1alar que en el per\u00edodo se\u00f1alado (16 de octubre &#8211; 30 de octubre) tambi\u00e9n se podr\u00e1n ingresar apelaciones<\/strong>. Dichas apelaciones son ante la eventualidad de haber sido rechazada alguna postulaci\u00f3n, sea por falta de documentaci\u00f3n o antecedentes.<\/p>\n\n\n\n<ul class=\"wp-block-list\"><li>El Fondo \u00danico de Vivienda Concursable consiste en un&nbsp;<strong>aporte \u00fanico<\/strong>&nbsp;<strong>para<\/strong>&nbsp;<strong>la compra, construcci\u00f3n o prepago de cr\u00e9ditos hipotecarios&nbsp;de la primera vivienda<\/strong>.<\/li><\/ul>\n\n\n\n<blockquote class=\"wp-block-quote is-layout-flow wp-block-quote-is-layout-flow\"><p><strong>Desde el a\u00f1o 2007 las y los trabajadores contratistas y subcontratistas de Codelco, adem\u00e1s de sus familias<\/strong>, tienen acceso a una variedad de beneficios y derechos laborales y sociales que establece el&nbsp;<strong>Acuerdo Marco firmado entre la Confederaci\u00f3n de Trabajadores del Cobre (CTC), las empresas contratistas y Codelco<\/strong>. Esta conquista de la Clase Trabajadora, cabe recordar, ha sido \u00fanicamente gracias a la&nbsp;<strong>Unidad, Organizaci\u00f3n y Lucha<\/strong>&nbsp;de todas y todos quienes, agrupados en la CTC, lograron el Acuerdo Marco con la cupr\u00edfera estatal.<\/p><\/blockquote>\n\n\n\n<p><strong>Para este a\u00f1o 2020<\/strong>&nbsp;<strong>se han dispuesto 1.000 (mil) cupos por un monto de UF20<\/strong>&nbsp;<strong>(veinte Unidades de Fomento) cada uno, que ser\u00e1n pagados el d\u00eda mi\u00e9rcoles 25 de noviembre<\/strong>, mediante vale vista que podr\u00e1 ser cobrado en cualquier sucursal del Banco de Chile.&nbsp;<strong>Este documento ser\u00e1 emitido a nombre del beneficiario y podr\u00e1 ser retirado a partir de la fecha indicada, por el titular junto a su C\u00e9dula de Identidad, en un plazo de 6 meses<\/strong>. Posterior a dicho plazo (seis meses) el documento quedar\u00e1 sin efecto.<\/p>\n\n\n\n<p>Recordamos que este beneficio&nbsp;<strong>es exclusivo y \u00fanico para la primera vivienda<\/strong>&nbsp;del trabajador,&nbsp;<strong>por lo que toda compa\u00f1era o compa\u00f1ero que se haya adjudicado el fondo en alg\u00fan proceso anterior no podr\u00e1 ser considerado<\/strong>.<\/p>\n\n\n\n<blockquote class=\"wp-block-quote is-layout-flow wp-block-quote-is-layout-flow\"><p><strong>Para consultar los resultados preliminares, o eventualmente ingresar alguna apelaci\u00f3n<\/strong>, <strong>puedes hacerlo en el sitio web de la OTIC de la C\u00e1mara Chilena de la Construcci\u00f3n<\/strong>\u00a0(<a rel=\"noreferrer noopener\" href=\"http:\/\/www.oticdelaconstruccion.cl\/fondos2020\" target=\"_blank\">haciendo click aqu\u00ed<\/a>). All\u00ed encontrar\u00e1s la secci\u00f3n \u201cFondos para la Primera Vivienda\u201d, donde se solicitar\u00e1 ingresar el RUT del trabajador o trabajadora que postula. Una vez all\u00ed, tambi\u00e9n encontrar\u00e1s informaci\u00f3n sobre las Bases y Documentaci\u00f3n requerida.<\/p><p><\/p><cite><strong>NOTA IMPORTANTE: recomendamos hacer dicho proceso, de consulta y\/\u00f3 apelaciones, a trav\u00e9s de un computador (sea port\u00e1til o de escritorio), pues la plataforma, en su versi\u00f3n para dispositivos m\u00f3viles (tel\u00e9fono) presenta incompatibilidades e informaci\u00f3n desactualizada.<\/strong><\/cite><\/blockquote>\n\n\n\n<p><strong>Los<\/strong>\u00a0<strong>beneficios y derechos conquistados gracias a la unidad, organizaci\u00f3n y lucha de las y los trabajadores agrupados en la CTC<\/strong>\u00a0tienen por objetivo\u00a0<strong>mejorar nuestras condiciones laborales, sociales y de calidad de vida<\/strong>, por lo que llamamos a todas y todos\u00a0<strong>a difundir esta informaci\u00f3n entre sus compa\u00f1eras y compa\u00f1eros<\/strong>.<\/p>\n","protected":false},"excerpt":{"rendered":"<p>Compa\u00f1eras y compa\u00f1eros, comunicamos que&nbsp;a partir de hoy viernes 16 de octubre, y hasta el viernes 30 de octubre, ya est\u00e1n disponibles los resultados preliminares de las postulaciones al Fondo &hellip; <\/p>\n","protected":false},"author":2,"featured_media":1538,"comment_status":"closed","ping_status":"closed","sticky":false,"template":"","format":"standard","meta":{"jetpack_post_was_ever_published":false,"_jetpack_newsletter_access":"","_jetpack_dont_email_post_to_subs":false,"_jetpack_newsletter_tier_id":0,"_jetpack_memberships_contains_paywalled_content":false,"_jetpack_memberships_contains_paid_content":false,"footnotes":"","jetpack_publicize_message":"","jetpack_publicize_feature_enabled":true,"jetpack_social_post_already_shared":false,"jetpack_social_options":{"image_generator_settings":{"template":"highway","default_image_id":0,"enabled":false},"version":2}},"categories":[5,23,9,21,22,28,26,25,29,31,19],"tags":[],"class_list":["post-1503","post","type-post","status-publish","format-standard","has-post-thumbnail","hentry","category-acuerdo-marco","category-acuerdo-marco-codelco","category-confederacion","category-federaciones","category-feminort","category-fesal","category-fesamab","category-fesamav","category-fetramac","category-fetratec","category-trabajadores"],"jetpack_publicize_connections":[],"jetpack_featured_media_url":"https:\/\/www.confederaciondelcobre.cl\/wp-content\/uploads\/2020\/10\/FFUVC2020-copia.jpg","jetpack_sharing_enabled":true,"post_mailing_queue_ids":[],"_links":{"self":[{"href":"https:\/\/www.confederaciondelcobre.cl\/index.php\/wp-json\/wp\/v2\/posts\/1503","targetHints":{"allow":["GET"]}}],"collection":[{"href":"https:\/\/www.confederaciondelcobre.cl\/index.php\/wp-json\/wp\/v2\/posts"}],"about":[{"href":"https:\/\/www.confederaciondelcobre.cl\/index.php\/wp-json\/wp\/v2\/types\/post"}],"author":[{"embeddable":true,"href":"https:\/\/www.confederaciondelcobre.cl\/index.php\/wp-json\/wp\/v2\/users\/2"}],"replies":[{"embeddable":true,"href":"https:\/\/www.confederaciondelcobre.cl\/index.php\/wp-json\/wp\/v2\/comments?post=1503"}],"version-history":[{"count":7,"href":"https:\/\/www.confederaciondelcobre.cl\/index.php\/wp-json\/wp\/v2\/posts\/1503\/revisions"}],"predecessor-version":[{"id":1567,"href":"https:\/\/www.confederaciondelcobre.cl\/index.php\/wp-json\/wp\/v2\/posts\/1503\/revisions\/1567"}],"wp:featuredmedia":[{"embeddable":true,"href":"https:\/\/www.confederaciondelcobre.cl\/index.php\/wp-json\/wp\/v2\/media\/1538"}],"wp:attachment":[{"href":"https:\/\/www.confederaciondelcobre.cl\/index.php\/wp-json\/wp\/v2\/media?parent=1503"}],"wp:term":[{"taxonomy":"category","embeddable":true,"href":"https:\/\/www.confederaciondelcobre.cl\/index.php\/wp-json\/wp\/v2\/categories?post=1503"},{"taxonomy":"post_tag","embeddable":true,"href":"https:\/\/www.confederaciondelcobre.cl\/index.php\/wp-json\/wp\/v2\/tags?post=1503"}],"curies":[{"name":"wp","href":"https:\/\/api.w.org\/{rel}","templated":true}]}}