{"id":154,"date":"2019-04-12T16:07:23","date_gmt":"2019-04-12T16:07:23","guid":{"rendered":"http:\/\/www.ctc2018.cl\/?p=154"},"modified":"2020-04-27T00:29:33","modified_gmt":"2020-04-27T00:29:33","slug":"40horas-seminario-por-la-reduccion-de-la-jornada-laboral","status":"publish","type":"post","link":"https:\/\/www.confederaciondelcobre.cl\/index.php\/2019\/04\/12\/40horas-seminario-por-la-reduccion-de-la-jornada-laboral\/","title":{"rendered":"#40horas: seminario por la reducci\u00f3n de la jornada laboral"},"content":{"rendered":"\n<p>El d\u00eda viernes 29 de marzo y en el Hotel Principado de Asturias, en la ciudad de Santiago, se realiz\u00f3 un seminario con el prop\u00f3sito de conocer y profundizar en el proyecto de ley que busca&nbsp;la reducci\u00f3n de la jornada laboral de 45 a 40 horas semanales.<\/p>\n\n\n\n<p>El seminario parti\u00f3 con una&nbsp;<strong>exposici\u00f3n&nbsp;a cargo de la diputada de la rep\u00fablica Camila Vallejo, quien es autora y promotora&nbsp;de la iniciativa legal<\/strong>, refiri\u00e9ndose a las razones que fundamentan este proyecto, sus implicancias y beneficios para los trabajadores y el pa\u00eds en general.&nbsp;<strong>Cabe se\u00f1alar que a la jornada asistieron los diputados Karol Cariola y Boris Barrera, adem\u00e1s de variadas organizaciones y dirigentes sindicales, entre los cuales, y en representaci\u00f3n de la Confederaci\u00f3n de Trabajadores del Cobre (CTC), se encontraban Manuel Ahumada L, presidente; Ana Lamas A, secretaria general; Jedry Velis P, tesorero; Patricio Roco B, director nacional encargado de organizaci\u00f3n y;&nbsp;Sergio Silva O, del sindicato Contitech Chile<\/strong>.<\/p>\n\n\n\n<figure class=\"wp-block-image\"><a href=\"http:\/\/www.confederaciondelcobre.cl\/erbocefnoc\/40horas-seminario-por-la-reduccion-de-la-jornada-laboral\/img_2264\/\"><img decoding=\"async\" src=\"http:\/\/www.confederaciondelcobre.cl\/erbocefnoc\/wp-content\/uploads\/2019\/04\/IMG_2264.jpg\" alt=\"IMG_2264\" class=\"wp-image-10837\"\/><\/a><\/figure>\n\n\n\n<p>El evento cont\u00f3 con la participaci\u00f3n de dos paneles de expertos e invitados con la finalidad de entregar datos y elementos de an\u00e1lisis, sobre la situaci\u00f3n actual en el plano laboral y como este proyecto afectar\u00eda positivamente sobre la salud y calidad de vida de los trabajadores.<\/p>\n\n\n\n<p>Se\u00f1alaron, entre otras cosas, que el proyecto de Ley que propone reducir la jornada laboral de 45 a 40 horas semanales busca atender y hacerse cargo de uno de los tantos e importantes factores que definen&nbsp;al&nbsp;<strong>empleo precario, pues<\/strong>&nbsp;<strong>la precariedad laboral no solo implica&nbsp;bajos salarios, bajas condiciones de seguridad y la incertidumbre de mantener el empleo debido la constante amenaza o miedo a perder el trabajo, sino adem\u00e1s&nbsp;consiste en la excesiva carga horaria. Lo anterior&nbsp;<\/strong><strong>afecta no solo f\u00edsica y psicol\u00f3gicamente al trabajador sino tambi\u00e9n&nbsp;a su n\u00facleo familiar, la sociedad en general e incluso a la productividad.<\/strong><\/p>\n\n\n\n<p>Como organizaci\u00f3n, entonces, insistimos en el llamado al mundo social y especialmente al sindical a seguir sum\u00e1ndose, a construir un gran movimiento que respalde esta iniciativa, donde los trabajadores y sus organizaciones estamos llamados a ser protagonistas en la b\u00fasqueda y definici\u00f3n de mejores condiciones.<\/p>\n\n\n\n<ul class=\"wp-block-gallery columns-3 is-cropped wp-block-gallery-1 is-layout-flex wp-block-gallery-is-layout-flex\"><li class=\"blocks-gallery-item\"><figure><img loading=\"lazy\" decoding=\"async\" width=\"800\" height=\"533\" src=\"http:\/\/www.ctc2018.cl\/wp-content\/uploads\/2019\/04\/IMG_2264-1.jpg\" alt=\"\" data-id=\"161\" data-link=\"http:\/\/www.ctc2018.cl\/index.php\/2019\/04\/12\/40horas-seminario-por-la-reduccion-de-la-jornada-laboral\/img_2264-1\/\" class=\"wp-image-161\" srcset=\"https:\/\/www.confederaciondelcobre.cl\/wp-content\/uploads\/2019\/04\/IMG_2264-1.jpg 800w, https:\/\/www.confederaciondelcobre.cl\/wp-content\/uploads\/2019\/04\/IMG_2264-1-300x200.jpg 300w, https:\/\/www.confederaciondelcobre.cl\/wp-content\/uploads\/2019\/04\/IMG_2264-1-768x512.jpg 768w\" sizes=\"auto, (max-width: 800px) 100vw, 800px\" \/><\/figure><\/li><li class=\"blocks-gallery-item\"><figure><img loading=\"lazy\" decoding=\"async\" width=\"800\" height=\"533\" src=\"http:\/\/www.ctc2018.cl\/wp-content\/uploads\/2019\/04\/IMG_2264.jpg\" alt=\"\" data-id=\"162\" data-link=\"http:\/\/www.ctc2018.cl\/index.php\/2019\/04\/12\/40horas-seminario-por-la-reduccion-de-la-jornada-laboral\/img_2264\/\" class=\"wp-image-162\" srcset=\"https:\/\/www.confederaciondelcobre.cl\/wp-content\/uploads\/2019\/04\/IMG_2264.jpg 800w, https:\/\/www.confederaciondelcobre.cl\/wp-content\/uploads\/2019\/04\/IMG_2264-300x200.jpg 300w, https:\/\/www.confederaciondelcobre.cl\/wp-content\/uploads\/2019\/04\/IMG_2264-768x512.jpg 768w\" sizes=\"auto, (max-width: 800px) 100vw, 800px\" \/><\/figure><\/li><li class=\"blocks-gallery-item\"><figure><img loading=\"lazy\" decoding=\"async\" width=\"800\" height=\"533\" src=\"http:\/\/www.ctc2018.cl\/wp-content\/uploads\/2019\/04\/IMG_2270.jpg\" alt=\"\" data-id=\"163\" data-link=\"http:\/\/www.ctc2018.cl\/index.php\/2019\/04\/12\/40horas-seminario-por-la-reduccion-de-la-jornada-laboral\/img_2270\/\" class=\"wp-image-163\" srcset=\"https:\/\/www.confederaciondelcobre.cl\/wp-content\/uploads\/2019\/04\/IMG_2270.jpg 800w, https:\/\/www.confederaciondelcobre.cl\/wp-content\/uploads\/2019\/04\/IMG_2270-300x200.jpg 300w, https:\/\/www.confederaciondelcobre.cl\/wp-content\/uploads\/2019\/04\/IMG_2270-768x512.jpg 768w\" sizes=\"auto, (max-width: 800px) 100vw, 800px\" \/><\/figure><\/li><li class=\"blocks-gallery-item\"><figure><img loading=\"lazy\" decoding=\"async\" width=\"800\" height=\"533\" src=\"http:\/\/www.ctc2018.cl\/wp-content\/uploads\/2019\/04\/IMG_2272.jpg\" alt=\"\" data-id=\"164\" data-link=\"http:\/\/www.ctc2018.cl\/index.php\/2019\/04\/12\/40horas-seminario-por-la-reduccion-de-la-jornada-laboral\/img_2272\/\" class=\"wp-image-164\" srcset=\"https:\/\/www.confederaciondelcobre.cl\/wp-content\/uploads\/2019\/04\/IMG_2272.jpg 800w, https:\/\/www.confederaciondelcobre.cl\/wp-content\/uploads\/2019\/04\/IMG_2272-300x200.jpg 300w, https:\/\/www.confederaciondelcobre.cl\/wp-content\/uploads\/2019\/04\/IMG_2272-768x512.jpg 768w\" sizes=\"auto, (max-width: 800px) 100vw, 800px\" \/><\/figure><\/li><li class=\"blocks-gallery-item\"><figure><img loading=\"lazy\" decoding=\"async\" width=\"800\" height=\"533\" src=\"http:\/\/www.ctc2018.cl\/wp-content\/uploads\/2019\/04\/IMG_2279.jpg\" alt=\"\" data-id=\"166\" data-link=\"http:\/\/www.ctc2018.cl\/index.php\/2019\/04\/12\/40horas-seminario-por-la-reduccion-de-la-jornada-laboral\/img_2279\/\" class=\"wp-image-166\" srcset=\"https:\/\/www.confederaciondelcobre.cl\/wp-content\/uploads\/2019\/04\/IMG_2279.jpg 800w, https:\/\/www.confederaciondelcobre.cl\/wp-content\/uploads\/2019\/04\/IMG_2279-300x200.jpg 300w, https:\/\/www.confederaciondelcobre.cl\/wp-content\/uploads\/2019\/04\/IMG_2279-768x512.jpg 768w\" sizes=\"auto, (max-width: 800px) 100vw, 800px\" \/><\/figure><\/li><li class=\"blocks-gallery-item\"><figure><img loading=\"lazy\" decoding=\"async\" width=\"800\" height=\"533\" src=\"http:\/\/www.ctc2018.cl\/wp-content\/uploads\/2019\/04\/IMG_2282.jpg\" alt=\"\" data-id=\"167\" data-link=\"http:\/\/www.ctc2018.cl\/index.php\/2019\/04\/12\/40horas-seminario-por-la-reduccion-de-la-jornada-laboral\/img_2282\/\" class=\"wp-image-167\" srcset=\"https:\/\/www.confederaciondelcobre.cl\/wp-content\/uploads\/2019\/04\/IMG_2282.jpg 800w, https:\/\/www.confederaciondelcobre.cl\/wp-content\/uploads\/2019\/04\/IMG_2282-300x200.jpg 300w, https:\/\/www.confederaciondelcobre.cl\/wp-content\/uploads\/2019\/04\/IMG_2282-768x512.jpg 768w\" sizes=\"auto, (max-width: 800px) 100vw, 800px\" \/><\/figure><\/li><li class=\"blocks-gallery-item\"><figure><img loading=\"lazy\" decoding=\"async\" width=\"800\" height=\"533\" src=\"http:\/\/www.ctc2018.cl\/wp-content\/uploads\/2019\/04\/IMG_2286.jpg\" alt=\"\" data-id=\"168\" data-link=\"http:\/\/www.ctc2018.cl\/index.php\/2019\/04\/12\/40horas-seminario-por-la-reduccion-de-la-jornada-laboral\/img_2286\/\" class=\"wp-image-168\" srcset=\"https:\/\/www.confederaciondelcobre.cl\/wp-content\/uploads\/2019\/04\/IMG_2286.jpg 800w, https:\/\/www.confederaciondelcobre.cl\/wp-content\/uploads\/2019\/04\/IMG_2286-300x200.jpg 300w, https:\/\/www.confederaciondelcobre.cl\/wp-content\/uploads\/2019\/04\/IMG_2286-768x512.jpg 768w\" sizes=\"auto, (max-width: 800px) 100vw, 800px\" \/><\/figure><\/li><li class=\"blocks-gallery-item\"><figure><img loading=\"lazy\" decoding=\"async\" width=\"800\" height=\"533\" src=\"http:\/\/www.ctc2018.cl\/wp-content\/uploads\/2019\/04\/IMG_2293.jpg\" alt=\"\" data-id=\"169\" data-link=\"http:\/\/www.ctc2018.cl\/index.php\/2019\/04\/12\/40horas-seminario-por-la-reduccion-de-la-jornada-laboral\/img_2293\/\" class=\"wp-image-169\" srcset=\"https:\/\/www.confederaciondelcobre.cl\/wp-content\/uploads\/2019\/04\/IMG_2293.jpg 800w, https:\/\/www.confederaciondelcobre.cl\/wp-content\/uploads\/2019\/04\/IMG_2293-300x200.jpg 300w, https:\/\/www.confederaciondelcobre.cl\/wp-content\/uploads\/2019\/04\/IMG_2293-768x512.jpg 768w\" sizes=\"auto, (max-width: 800px) 100vw, 800px\" \/><\/figure><\/li><li class=\"blocks-gallery-item\"><figure><img loading=\"lazy\" decoding=\"async\" width=\"800\" height=\"533\" src=\"http:\/\/www.ctc2018.cl\/wp-content\/uploads\/2019\/04\/IMG_2302.jpg\" alt=\"\" data-id=\"170\" data-link=\"http:\/\/www.ctc2018.cl\/index.php\/2019\/04\/12\/40horas-seminario-por-la-reduccion-de-la-jornada-laboral\/img_2302\/\" class=\"wp-image-170\" srcset=\"https:\/\/www.confederaciondelcobre.cl\/wp-content\/uploads\/2019\/04\/IMG_2302.jpg 800w, https:\/\/www.confederaciondelcobre.cl\/wp-content\/uploads\/2019\/04\/IMG_2302-300x200.jpg 300w, https:\/\/www.confederaciondelcobre.cl\/wp-content\/uploads\/2019\/04\/IMG_2302-768x512.jpg 768w\" sizes=\"auto, (max-width: 800px) 100vw, 800px\" \/><\/figure><\/li><li class=\"blocks-gallery-item\"><figure><img loading=\"lazy\" decoding=\"async\" width=\"800\" height=\"533\" src=\"http:\/\/www.ctc2018.cl\/wp-content\/uploads\/2019\/04\/IMG_2307-1.jpg\" alt=\"\" data-id=\"171\" data-link=\"http:\/\/www.ctc2018.cl\/index.php\/2019\/04\/12\/40horas-seminario-por-la-reduccion-de-la-jornada-laboral\/img_2307-1\/\" class=\"wp-image-171\" srcset=\"https:\/\/www.confederaciondelcobre.cl\/wp-content\/uploads\/2019\/04\/IMG_2307-1.jpg 800w, https:\/\/www.confederaciondelcobre.cl\/wp-content\/uploads\/2019\/04\/IMG_2307-1-300x200.jpg 300w, https:\/\/www.confederaciondelcobre.cl\/wp-content\/uploads\/2019\/04\/IMG_2307-1-768x512.jpg 768w\" sizes=\"auto, (max-width: 800px) 100vw, 800px\" \/><\/figure><\/li><li class=\"blocks-gallery-item\"><figure><img loading=\"lazy\" decoding=\"async\" width=\"800\" height=\"533\" src=\"http:\/\/www.ctc2018.cl\/wp-content\/uploads\/2019\/04\/IMG_2316-1.jpg\" alt=\"\" data-id=\"172\" data-link=\"http:\/\/www.ctc2018.cl\/index.php\/2019\/04\/12\/40horas-seminario-por-la-reduccion-de-la-jornada-laboral\/img_2316-1\/\" class=\"wp-image-172\" srcset=\"https:\/\/www.confederaciondelcobre.cl\/wp-content\/uploads\/2019\/04\/IMG_2316-1.jpg 800w, https:\/\/www.confederaciondelcobre.cl\/wp-content\/uploads\/2019\/04\/IMG_2316-1-300x200.jpg 300w, https:\/\/www.confederaciondelcobre.cl\/wp-content\/uploads\/2019\/04\/IMG_2316-1-768x512.jpg 768w\" sizes=\"auto, (max-width: 800px) 100vw, 800px\" \/><\/figure><\/li><li class=\"blocks-gallery-item\"><figure><img loading=\"lazy\" decoding=\"async\" width=\"800\" height=\"533\" src=\"http:\/\/www.ctc2018.cl\/wp-content\/uploads\/2019\/04\/IMG_2324.jpg\" alt=\"\" data-id=\"173\" data-link=\"http:\/\/www.ctc2018.cl\/index.php\/2019\/04\/12\/40horas-seminario-por-la-reduccion-de-la-jornada-laboral\/img_2324\/\" class=\"wp-image-173\" srcset=\"https:\/\/www.confederaciondelcobre.cl\/wp-content\/uploads\/2019\/04\/IMG_2324.jpg 800w, https:\/\/www.confederaciondelcobre.cl\/wp-content\/uploads\/2019\/04\/IMG_2324-300x200.jpg 300w, https:\/\/www.confederaciondelcobre.cl\/wp-content\/uploads\/2019\/04\/IMG_2324-768x512.jpg 768w\" sizes=\"auto, (max-width: 800px) 100vw, 800px\" \/><\/figure><\/li><\/ul>\n","protected":false},"excerpt":{"rendered":"<p>El d\u00eda viernes 29 de marzo y en el Hotel Principado de Asturias, en la ciudad de Santiago, se realiz\u00f3 un seminario con el prop\u00f3sito de conocer y profundizar en &hellip; <\/p>\n","protected":false},"author":2,"featured_media":158,"comment_status":"open","ping_status":"open","sticky":false,"template":"","format":"standard","meta":{"jetpack_post_was_ever_published":false,"_jetpack_newsletter_access":"","_jetpack_dont_email_post_to_subs":false,"_jetpack_newsletter_tier_id":0,"_jetpack_memberships_contains_paywalled_content":false,"_jetpack_memberships_contains_paid_content":false,"footnotes":"","jetpack_publicize_message":"","jetpack_publicize_feature_enabled":true,"jetpack_social_post_already_shared":false,"jetpack_social_options":{"image_generator_settings":{"template":"highway","default_image_id":0,"enabled":false},"version":2}},"categories":[9,14,15,19],"tags":[],"class_list":["post-154","post","type-post","status-publish","format-standard","has-post-thumbnail","hentry","category-confederacion","category-movimientos-sociales","category-nacional","category-trabajadores"],"jetpack_publicize_connections":[],"jetpack_featured_media_url":"https:\/\/www.confederaciondelcobre.cl\/wp-content\/uploads\/2019\/04\/WebCTC-768x384.jpg","jetpack_sharing_enabled":true,"post_mailing_queue_ids":[],"_links":{"self":[{"href":"https:\/\/www.confederaciondelcobre.cl\/index.php\/wp-json\/wp\/v2\/posts\/154","targetHints":{"allow":["GET"]}}],"collection":[{"href":"https:\/\/www.confederaciondelcobre.cl\/index.php\/wp-json\/wp\/v2\/posts"}],"about":[{"href":"https:\/\/www.confederaciondelcobre.cl\/index.php\/wp-json\/wp\/v2\/types\/post"}],"author":[{"embeddable":true,"href":"https:\/\/www.confederaciondelcobre.cl\/index.php\/wp-json\/wp\/v2\/users\/2"}],"replies":[{"embeddable":true,"href":"https:\/\/www.confederaciondelcobre.cl\/index.php\/wp-json\/wp\/v2\/comments?post=154"}],"version-history":[{"count":2,"href":"https:\/\/www.confederaciondelcobre.cl\/index.php\/wp-json\/wp\/v2\/posts\/154\/revisions"}],"predecessor-version":[{"id":174,"href":"https:\/\/www.confederaciondelcobre.cl\/index.php\/wp-json\/wp\/v2\/posts\/154\/revisions\/174"}],"wp:featuredmedia":[{"embeddable":true,"href":"https:\/\/www.confederaciondelcobre.cl\/index.php\/wp-json\/wp\/v2\/media\/158"}],"wp:attachment":[{"href":"https:\/\/www.confederaciondelcobre.cl\/index.php\/wp-json\/wp\/v2\/media?parent=154"}],"wp:term":[{"taxonomy":"category","embeddable":true,"href":"https:\/\/www.confederaciondelcobre.cl\/index.php\/wp-json\/wp\/v2\/categories?post=154"},{"taxonomy":"post_tag","embeddable":true,"href":"https:\/\/www.confederaciondelcobre.cl\/index.php\/wp-json\/wp\/v2\/tags?post=154"}],"curies":[{"name":"wp","href":"https:\/\/api.w.org\/{rel}","templated":true}]}}