{"id":1572,"date":"2020-10-24T15:23:05","date_gmt":"2020-10-24T15:23:05","guid":{"rendered":"http:\/\/www.confederaciondelcobre.cl\/?p=1572"},"modified":"2020-10-24T15:23:06","modified_gmt":"2020-10-24T15:23:06","slug":"sindicato-de-trabajadores-de-empresa-ameco-finaliza-con-exito-su-primera-negociacion-colectiva","status":"publish","type":"post","link":"https:\/\/www.confederaciondelcobre.cl\/index.php\/2020\/10\/24\/sindicato-de-trabajadores-de-empresa-ameco-finaliza-con-exito-su-primera-negociacion-colectiva\/","title":{"rendered":"Sindicato de Trabajadores de Empresa AMECO finaliza con \u00e9xito su primera Negociaci\u00f3n Colectiva"},"content":{"rendered":"\n<p>El d\u00eda de ayer viernes 23 de octubre, y luego de cuatro d\u00edas de huelga efectiva, el Sindicato de Trabajadores de Empresa AMECO (en Iquique, faena K+S) y su empleador llegaron a un acuerdo, dando as\u00ed por finalizada la que ha sido su primera Negociaci\u00f3n Colectiva.<\/p>\n\n\n\n<p>El proceso, que no estuvo exento de dificultades, debido <a rel=\"noreferrer noopener\" aria-label=\"principalmente a las negativas de la empresa (abrir en una nueva pesta\u00f1a)\" href=\"http:\/\/www.confederaciondelcobre.cl\/index.php\/2020\/10\/20\/tras-negativa-de-empresa-sindicato-de-trabajadores-de-empresa-ameco-hace-efectiva-la-huelga\/\" target=\"_blank\">principalmente a las negativas de la empresa<\/a>, fue particularmente complejo. Pero a pesar de todo, para <strong>Mauricio Mu\u00f1oz, Presidente del Sindicato de Trabajadores de Empresa AMECO, se mostr\u00f3 uni\u00f3n, compromiso y convicci\u00f3n de parte de las y los trabajadores, pues se\u00f1al\u00f3 que en estos d\u00edas de huelga &#8220;pudimos demostrar a la empresa que no est\u00e1bamos jugando y que quer\u00edamos mejoras&#8221;.<\/strong> Sobre el resultado obtenido en esta Negociaci\u00f3n Colectiva el Presidente del Sindicato indic\u00f3 que <strong>&#8220;estamos conformes pero no contentos, porque sabemos que hay mucho por mejorar a\u00fan&#8221;<\/strong>, a\u00f1adiendo que <strong>&#8220;nuestra conformidad y tranquilidad est\u00e1 tambi\u00e9n en haber demostrado que queremos hacer las cosas bien, que queremos mejorar, que nuestra intenci\u00f3n no era hacer problemas sino que generar y buscar el beneficio tanto para la empresa como para los trabajadores, y que esto adem\u00e1s se vea reflejado en nuestras liquidaciones&#8221;<\/strong>. Es ante aquello entonces que <strong>Mauricio Mu\u00f1oz hizo un llamado a que esto vaya mejorando d\u00eda a d\u00eda, recalcando que &#8220;trabajadores y empresa s\u00ed podemos trabajar en conjunto pero en un contexto de equidad, no solamente cuando la ganancia se la est\u00e1 llevando un solo sector&#8221;<\/strong>.<\/p>\n\n\n\n<blockquote class=\"wp-block-quote is-layout-flow wp-block-quote-is-layout-flow\"><p>El acuerdo conseguido para esta Negociaci\u00f3n Colectiva, entre otros puntos, incluye <em>un bono por concepto de asistencia y seguridad<\/em>; <em>un pr\u00e9stamo blando<\/em>; un bono de t\u00e9rmino de negociaci\u00f3n y, adem\u00e1s, el mejoramiento en las condiciones de trabajo, como tambi\u00e9n otros beneficios sociales y salariales. Todos ellos, cabe se\u00f1alar, derechos y beneficios que son exclusivamente para las y los socios del Sindicato.<\/p><\/blockquote>\n\n\n\n<p>Para finalizar, Mauricio Mu\u00f1oz, Presidente del Sindicato de Trabajadores de Empresa AMECO, dej\u00f3 un mensaje de agradecimiento para todas las y los compa\u00f1eros socios del Sindicato; tambi\u00e9n por la colaboraci\u00f3n de parte de la CUT de Iquique, de la Federaci\u00f3n Minera del Norte (FEMINORT, que es brazo org\u00e1nico de la Confederaci\u00f3n de Trabajadores del Cobre &#8211; CTC) y a Francisco Cabezas, Director Nacional de la CTC y Presidente de la FEMINORT.<\/p>\n","protected":false},"excerpt":{"rendered":"<p>El d\u00eda de ayer viernes 23 de octubre, y luego de cuatro d\u00edas de huelga efectiva, el Sindicato de Trabajadores de Empresa AMECO (en Iquique, faena K+S) y su empleador &hellip; <\/p>\n","protected":false},"author":2,"featured_media":1589,"comment_status":"closed","ping_status":"closed","sticky":false,"template":"","format":"standard","meta":{"jetpack_post_was_ever_published":false,"_jetpack_newsletter_access":"","_jetpack_dont_email_post_to_subs":false,"_jetpack_newsletter_tier_id":0,"_jetpack_memberships_contains_paywalled_content":false,"_jetpack_memberships_contains_paid_content":false,"footnotes":"","jetpack_publicize_message":"","jetpack_publicize_feature_enabled":true,"jetpack_social_post_already_shared":false,"jetpack_social_options":{"image_generator_settings":{"template":"highway","default_image_id":0,"enabled":false},"version":2}},"categories":[9,21,22,20,19],"tags":[],"class_list":["post-1572","post","type-post","status-publish","format-standard","has-post-thumbnail","hentry","category-confederacion","category-federaciones","category-feminort","category-negociacion-colectiva","category-trabajadores"],"jetpack_publicize_connections":[],"jetpack_featured_media_url":"https:\/\/www.confederaciondelcobre.cl\/wp-content\/uploads\/2020\/10\/TNCSindAMECO.jpg","jetpack_sharing_enabled":true,"post_mailing_queue_ids":[],"_links":{"self":[{"href":"https:\/\/www.confederaciondelcobre.cl\/index.php\/wp-json\/wp\/v2\/posts\/1572","targetHints":{"allow":["GET"]}}],"collection":[{"href":"https:\/\/www.confederaciondelcobre.cl\/index.php\/wp-json\/wp\/v2\/posts"}],"about":[{"href":"https:\/\/www.confederaciondelcobre.cl\/index.php\/wp-json\/wp\/v2\/types\/post"}],"author":[{"embeddable":true,"href":"https:\/\/www.confederaciondelcobre.cl\/index.php\/wp-json\/wp\/v2\/users\/2"}],"replies":[{"embeddable":true,"href":"https:\/\/www.confederaciondelcobre.cl\/index.php\/wp-json\/wp\/v2\/comments?post=1572"}],"version-history":[{"count":19,"href":"https:\/\/www.confederaciondelcobre.cl\/index.php\/wp-json\/wp\/v2\/posts\/1572\/revisions"}],"predecessor-version":[{"id":1592,"href":"https:\/\/www.confederaciondelcobre.cl\/index.php\/wp-json\/wp\/v2\/posts\/1572\/revisions\/1592"}],"wp:featuredmedia":[{"embeddable":true,"href":"https:\/\/www.confederaciondelcobre.cl\/index.php\/wp-json\/wp\/v2\/media\/1589"}],"wp:attachment":[{"href":"https:\/\/www.confederaciondelcobre.cl\/index.php\/wp-json\/wp\/v2\/media?parent=1572"}],"wp:term":[{"taxonomy":"category","embeddable":true,"href":"https:\/\/www.confederaciondelcobre.cl\/index.php\/wp-json\/wp\/v2\/categories?post=1572"},{"taxonomy":"post_tag","embeddable":true,"href":"https:\/\/www.confederaciondelcobre.cl\/index.php\/wp-json\/wp\/v2\/tags?post=1572"}],"curies":[{"name":"wp","href":"https:\/\/api.w.org\/{rel}","templated":true}]}}