{"id":1605,"date":"2020-11-18T20:26:02","date_gmt":"2020-11-18T20:26:02","guid":{"rendered":"http:\/\/www.confederaciondelcobre.cl\/?p=1605"},"modified":"2020-11-18T22:16:13","modified_gmt":"2020-11-18T22:16:13","slug":"trabajadores-de-salfa-s-a-se-movilizan-por-deuda-salarial","status":"publish","type":"post","link":"https:\/\/www.confederaciondelcobre.cl\/index.php\/2020\/11\/18\/trabajadores-de-salfa-s-a-se-movilizan-por-deuda-salarial\/","title":{"rendered":"Trabajadores de Salfa S.A. se movilizan por deuda salarial."},"content":{"rendered":"\n<p>Ante la nula respuesta frente al no pago de una parte de sus remuneraciones del mes de octubre, los trabajadores de Salfa S.A (con contrato en Chuquicamata) decidieron iniciar movilizaciones.<\/p>\n\n\n\n<p>La movilizaci\u00f3n de los trabajadores, que inici\u00f3 alrededor de las 06:00 horas del d\u00eda de hoy, consisti\u00f3 en una acci\u00f3n de retrasar el ingreso a la jornada de trabajo. Esto para llamar la atenci\u00f3n de la empresa y recordarle que desde el d\u00eda 01 de este mes, pese a la insistencia de los trabajadores, no ha habido siquiera una respuesta. Y es que el asunto reclamado por parte de los trabajadores dice relaci\u00f3n con una parte de sus remuneraciones que la empresa Salfa ven\u00eda enterando mes a mes y de forma sistem\u00e1tica, pero que sin embargo, sin previo aviso y de forma unilateral, esta decidi\u00f3 no seguir pagando.<\/p>\n\n\n\n<p>El Sindicato de Trabajadores Chancado Secundario y Terciario Establecimiento Chuquicamata, representado por sus dirigentes, y en apoyo a la necesidad y exigencia de sus socios y los trabajadores en general movilizados, solicit\u00f3 conversar con la empresa para abordar dicha situaci\u00f3n. Fue ante aquello entonces que Matheus Garc\u00eda de Abreu, quien es Gerente de Operaciones y Negocios de la zona norte de la empresa, se present\u00f3 en el lugar en donde se encontraban los trabajadores movilizados. En la oportunidad, adem\u00e1s de no llevar una respuesta concreta, el Gerente tuvo una actitud mas bien soberbia y amenazante para con los trabajadores, advirti\u00e9ndoles que como empresa \u2014y seg\u00fan su propio criterio\u2014 s\u00ed pueden modificar las remuneraciones ya que las condiciones del Convenio Colectivo suscrito con otro Sindicato as\u00ed lo establecen. Condiciones de un Convenio que la empresa, adem\u00e1s, extendi\u00f3 de forma unilateral, sin consulta ni consentimiento de los dem\u00e1s trabajadores.<\/p>\n\n\n\n<p>En tanto, el Presidente del Sindicato de Trabajadores Chancado Secundario y Terciario Establecimiento Chuquicamata, que s\u00ed apoya la movilizaci\u00f3n, se\u00f1al\u00f3 que esta acci\u00f3n (la de hoy en la madrugada), junto con ser un llamado de atenci\u00f3n a la empresa para detener los abusos, es tambi\u00e9n una muestra de disposici\u00f3n, tanto de los trabajadores como del Sindicato, para conversar y llevar esta situaci\u00f3n a buen puerto.<\/p>\n\n\n\n<p>Para finalizar, el Presidente del Sindicato hizo un llamado a Codelco para que, en su calidad de empresa mandante, con responsabilidad solidaria y subsidiaria, se haga cargo en su obligaci\u00f3n de garantizar el cumplimiento de la normativa laboral vigente y que adem\u00e1s ponga fin a este tipo de pr\u00e1cticas llevadas a cabo de forma recurrente por parte de Salfa S.A., pues en su historial dicha empresa acumula ya m\u00faltiples denuncias relativas a la vulneraci\u00f3n de los derechos de las y los trabajadores.<\/p>\n","protected":false},"excerpt":{"rendered":"<p>Ante la nula respuesta frente al no pago de una parte de sus remuneraciones del mes de octubre, los trabajadores de Salfa S.A (con contrato en Chuquicamata) decidieron iniciar movilizaciones. &hellip; <\/p>\n","protected":false},"author":2,"featured_media":1606,"comment_status":"closed","ping_status":"closed","sticky":false,"template":"","format":"standard","meta":{"jetpack_post_was_ever_published":false,"_jetpack_newsletter_access":"","_jetpack_dont_email_post_to_subs":false,"_jetpack_newsletter_tier_id":0,"_jetpack_memberships_contains_paywalled_content":false,"_jetpack_memberships_contains_paid_content":false,"footnotes":"","jetpack_publicize_message":"","jetpack_publicize_feature_enabled":true,"jetpack_social_post_already_shared":false,"jetpack_social_options":{"image_generator_settings":{"template":"highway","default_image_id":0,"enabled":false},"version":2}},"categories":[9,19],"tags":[],"class_list":["post-1605","post","type-post","status-publish","format-standard","has-post-thumbnail","hentry","category-confederacion","category-trabajadores"],"jetpack_publicize_connections":[],"jetpack_featured_media_url":"https:\/\/www.confederaciondelcobre.cl\/wp-content\/uploads\/2020\/11\/SalfaMov.jpg","jetpack_sharing_enabled":true,"post_mailing_queue_ids":[],"_links":{"self":[{"href":"https:\/\/www.confederaciondelcobre.cl\/index.php\/wp-json\/wp\/v2\/posts\/1605","targetHints":{"allow":["GET"]}}],"collection":[{"href":"https:\/\/www.confederaciondelcobre.cl\/index.php\/wp-json\/wp\/v2\/posts"}],"about":[{"href":"https:\/\/www.confederaciondelcobre.cl\/index.php\/wp-json\/wp\/v2\/types\/post"}],"author":[{"embeddable":true,"href":"https:\/\/www.confederaciondelcobre.cl\/index.php\/wp-json\/wp\/v2\/users\/2"}],"replies":[{"embeddable":true,"href":"https:\/\/www.confederaciondelcobre.cl\/index.php\/wp-json\/wp\/v2\/comments?post=1605"}],"version-history":[{"count":11,"href":"https:\/\/www.confederaciondelcobre.cl\/index.php\/wp-json\/wp\/v2\/posts\/1605\/revisions"}],"predecessor-version":[{"id":1617,"href":"https:\/\/www.confederaciondelcobre.cl\/index.php\/wp-json\/wp\/v2\/posts\/1605\/revisions\/1617"}],"wp:featuredmedia":[{"embeddable":true,"href":"https:\/\/www.confederaciondelcobre.cl\/index.php\/wp-json\/wp\/v2\/media\/1606"}],"wp:attachment":[{"href":"https:\/\/www.confederaciondelcobre.cl\/index.php\/wp-json\/wp\/v2\/media?parent=1605"}],"wp:term":[{"taxonomy":"category","embeddable":true,"href":"https:\/\/www.confederaciondelcobre.cl\/index.php\/wp-json\/wp\/v2\/categories?post=1605"},{"taxonomy":"post_tag","embeddable":true,"href":"https:\/\/www.confederaciondelcobre.cl\/index.php\/wp-json\/wp\/v2\/tags?post=1605"}],"curies":[{"name":"wp","href":"https:\/\/api.w.org\/{rel}","templated":true}]}}