{"id":1619,"date":"2020-12-01T18:06:14","date_gmt":"2020-12-01T18:06:14","guid":{"rendered":"http:\/\/www.confederaciondelcobre.cl\/?p=1619"},"modified":"2020-12-01T18:06:59","modified_gmt":"2020-12-01T18:06:59","slug":"1619","status":"publish","type":"post","link":"https:\/\/www.confederaciondelcobre.cl\/index.php\/2020\/12\/01\/1619\/","title":{"rendered":"Por la libertad de las y los presos pol\u00edticos de la revuelta social."},"content":{"rendered":"\n<p>El d\u00eda de hoy, alrededor del medio d\u00eda, se realiz\u00f3 un punto de prensa en la ciudad de Copiap\u00f3 en donde la Coordinadora Nacional de Presos Pol\u00edticos de Chile, junto con la Coordinadora Regional de Grupos de Apoyo, Familiares y Amigos de los Presos Pol\u00edticos de Atacama; adem\u00e1s del Concejal de Copiap\u00f3, Wilson Chinga; y la Confederaci\u00f3n de Trabajadores del Cobre (CTC) representada por su Secretaria General, Ana Lamas Aguirre, y la Directora Nacional Encargada de G\u00e9nero e Inclusi\u00f3n, Stephanie Gonz\u00e1lez Ch\u00e1vez, anunciaron la interposici\u00f3n del primer Recurso de Amparo a cargo de la Defensor\u00eda Jur\u00eddica de los Luchadores Sociales en favor del joven preso pol\u00edtico Luis Castillo Opazo.<\/p>\n\n\n\n<figure class=\"wp-block-image\"><img loading=\"lazy\" decoding=\"async\" width=\"1024\" height=\"768\" src=\"http:\/\/www.confederaciondelcobre.cl\/wp-content\/uploads\/2020\/12\/c2538c0c-17fa-4197-805f-4703fd6c9fd0-1024x768.jpeg\" alt=\"\" class=\"wp-image-1622\" srcset=\"https:\/\/www.confederaciondelcobre.cl\/wp-content\/uploads\/2020\/12\/c2538c0c-17fa-4197-805f-4703fd6c9fd0-1024x768.jpeg 1024w, https:\/\/www.confederaciondelcobre.cl\/wp-content\/uploads\/2020\/12\/c2538c0c-17fa-4197-805f-4703fd6c9fd0-300x225.jpeg 300w, https:\/\/www.confederaciondelcobre.cl\/wp-content\/uploads\/2020\/12\/c2538c0c-17fa-4197-805f-4703fd6c9fd0-768x576.jpeg 768w, https:\/\/www.confederaciondelcobre.cl\/wp-content\/uploads\/2020\/12\/c2538c0c-17fa-4197-805f-4703fd6c9fd0.jpeg 1280w\" sizes=\"auto, (max-width: 1024px) 100vw, 1024px\" \/><\/figure>\n\n\n\n<p>Y es que Luis Castillo Opazo se encuentra encarcelado desde hace ocho meses en el recinto penitenciario de La Serena sin que el Ministerio P\u00fablico ni Tribunales expliquen, por ejemplo, el haberlo tenido los \u00faltimos d\u00edas aislado, bajo amenazas y maltrato, y sin la posibilidad de contacto siquiera con su familia. Tampoco ha habido una explicaci\u00f3n clara o coherente, ni pruebas que justifiquen su prolongada prisi\u00f3n preventiva.  Lo anterior, claramente, reviste una actitud del todo abusiva (acaso inconstitucional) que solo busca prolongar un castigo, cuyo m\u00f3vil se explica y solo entiende como una persecuci\u00f3n pol\u00edtica hacia quienes se movilizaron y manifestaron para impulsar los cambios que ya est\u00e1n en curso en nuestro pa\u00eds.<\/p>\n\n\n\n<p>Es ante aquello que la Confederaci\u00f3n de Trabajadores del Cobre, organizaci\u00f3n nacional que agrupa y organiza a las y los trabajadores contratistas y subcontratistas de la miner\u00eda nacional, y que desde el momento mismo en que comenzaron las protestas generalizadas en Chile (en octubre de 2019) ha participado activamente, en diversas movilizaciones en los territorios en que nos agrupamos, adem\u00e1s de participar en cabildos ciudadanos colaborando as\u00ed en el impulso que desemboc\u00f3 en el actual proceso constituyente, manifestamos  nuestro m\u00e1s irrestricto apoyo a las y los compa\u00f1eros presos pol\u00edticos y sus familiares, quienes han sido v\u00edctimas de la m\u00e1s absoluta represi\u00f3n pol\u00edtica de parte del Estado y de sus agentes.<\/p>\n\n\n\n<p>De la misma manera repudiamos  las pol\u00edticas antipopulares y antidemocr\u00e1ticas del gobierno de Sebasti\u00e1n Pi\u00f1era, quien, por un lado, criminaliza la protesta social pero que por otro protege o hace vista gorda ante los delitos de cuello y corbata. <\/p>\n\n\n\n<figure class=\"wp-block-image\"><img loading=\"lazy\" decoding=\"async\" width=\"1024\" height=\"768\" src=\"http:\/\/www.confederaciondelcobre.cl\/wp-content\/uploads\/2020\/12\/f2f4b77e-9827-4390-b924-31750fa9e234-1024x768.jpeg\" alt=\"\" class=\"wp-image-1624\" srcset=\"https:\/\/www.confederaciondelcobre.cl\/wp-content\/uploads\/2020\/12\/f2f4b77e-9827-4390-b924-31750fa9e234-1024x768.jpeg 1024w, https:\/\/www.confederaciondelcobre.cl\/wp-content\/uploads\/2020\/12\/f2f4b77e-9827-4390-b924-31750fa9e234-300x225.jpeg 300w, https:\/\/www.confederaciondelcobre.cl\/wp-content\/uploads\/2020\/12\/f2f4b77e-9827-4390-b924-31750fa9e234-768x576.jpeg 768w, https:\/\/www.confederaciondelcobre.cl\/wp-content\/uploads\/2020\/12\/f2f4b77e-9827-4390-b924-31750fa9e234.jpeg 1280w\" sizes=\"auto, (max-width: 1024px) 100vw, 1024px\" \/><\/figure>\n\n\n\n<p>Estos j\u00f3venes, luchadores sociales, que hoy se encuentran injustamente encarcelados, son junto a tantas y tantos m\u00e1s los verdaderos h\u00e9roes del pueblo. A ellas y ellos debemos la contundente victoria popular en el plebiscito del 25 de octubre, y es gracias a ellas y ellos, y a todas y todos quienes han luchado toda su vida, que hoy d\u00eda tenemos la posibilidad de eliminar la Constituci\u00f3n de la dictadura y elaborar una nueva Constituci\u00f3n, que emane 100% del pueblo para construir un Chile m\u00e1s democr\u00e1tico, m\u00e1s solidario y con verdadera justicia social. <\/p>\n\n\n\n<p>Finalmente, como Confederaci\u00f3n de Trabajadores del Cobre exigimos la libertad inmediata de las y los presos pol\u00edticos del estallido o revuelta social, y la m\u00e1s dr\u00e1stica condena a las y los culpables de los cr\u00edmenes y mutilaciones oculares perpetrados por las fuerzas represivas del Estado. <\/p>\n\n\n\n<figure class=\"wp-block-image\"><img loading=\"lazy\" decoding=\"async\" width=\"1024\" height=\"768\" src=\"http:\/\/www.confederaciondelcobre.cl\/wp-content\/uploads\/2020\/12\/82ae2a79-fdc6-43b8-96d4-0a50f9e554c1-1024x768.jpeg\" alt=\"\" class=\"wp-image-1625\" srcset=\"https:\/\/www.confederaciondelcobre.cl\/wp-content\/uploads\/2020\/12\/82ae2a79-fdc6-43b8-96d4-0a50f9e554c1-1024x768.jpeg 1024w, https:\/\/www.confederaciondelcobre.cl\/wp-content\/uploads\/2020\/12\/82ae2a79-fdc6-43b8-96d4-0a50f9e554c1-300x225.jpeg 300w, https:\/\/www.confederaciondelcobre.cl\/wp-content\/uploads\/2020\/12\/82ae2a79-fdc6-43b8-96d4-0a50f9e554c1-768x576.jpeg 768w, https:\/\/www.confederaciondelcobre.cl\/wp-content\/uploads\/2020\/12\/82ae2a79-fdc6-43b8-96d4-0a50f9e554c1.jpeg 1280w\" sizes=\"auto, (max-width: 1024px) 100vw, 1024px\" \/><\/figure>\n","protected":false},"excerpt":{"rendered":"<p>El d\u00eda de hoy, alrededor del medio d\u00eda, se realiz\u00f3 un punto de prensa en la ciudad de Copiap\u00f3 en donde la Coordinadora Nacional de Presos Pol\u00edticos de Chile, junto &hellip; <\/p>\n","protected":false},"author":2,"featured_media":1621,"comment_status":"closed","ping_status":"closed","sticky":false,"template":"","format":"standard","meta":{"jetpack_post_was_ever_published":false,"_jetpack_newsletter_access":"","_jetpack_dont_email_post_to_subs":false,"_jetpack_newsletter_tier_id":0,"_jetpack_memberships_contains_paywalled_content":false,"_jetpack_memberships_contains_paid_content":false,"footnotes":"","jetpack_publicize_message":"","jetpack_publicize_feature_enabled":true,"jetpack_social_post_already_shared":false,"jetpack_social_options":{"image_generator_settings":{"template":"highway","default_image_id":0,"enabled":false},"version":2}},"categories":[9,14,15,17],"tags":[],"class_list":["post-1619","post","type-post","status-publish","format-standard","has-post-thumbnail","hentry","category-confederacion","category-movimientos-sociales","category-nacional","category-regiones"],"jetpack_publicize_connections":[],"jetpack_featured_media_url":"https:\/\/www.confederaciondelcobre.cl\/wp-content\/uploads\/2020\/12\/Port_pto_prensa.jpg","jetpack_sharing_enabled":true,"post_mailing_queue_ids":[],"_links":{"self":[{"href":"https:\/\/www.confederaciondelcobre.cl\/index.php\/wp-json\/wp\/v2\/posts\/1619","targetHints":{"allow":["GET"]}}],"collection":[{"href":"https:\/\/www.confederaciondelcobre.cl\/index.php\/wp-json\/wp\/v2\/posts"}],"about":[{"href":"https:\/\/www.confederaciondelcobre.cl\/index.php\/wp-json\/wp\/v2\/types\/post"}],"author":[{"embeddable":true,"href":"https:\/\/www.confederaciondelcobre.cl\/index.php\/wp-json\/wp\/v2\/users\/2"}],"replies":[{"embeddable":true,"href":"https:\/\/www.confederaciondelcobre.cl\/index.php\/wp-json\/wp\/v2\/comments?post=1619"}],"version-history":[{"count":5,"href":"https:\/\/www.confederaciondelcobre.cl\/index.php\/wp-json\/wp\/v2\/posts\/1619\/revisions"}],"predecessor-version":[{"id":1628,"href":"https:\/\/www.confederaciondelcobre.cl\/index.php\/wp-json\/wp\/v2\/posts\/1619\/revisions\/1628"}],"wp:featuredmedia":[{"embeddable":true,"href":"https:\/\/www.confederaciondelcobre.cl\/index.php\/wp-json\/wp\/v2\/media\/1621"}],"wp:attachment":[{"href":"https:\/\/www.confederaciondelcobre.cl\/index.php\/wp-json\/wp\/v2\/media?parent=1619"}],"wp:term":[{"taxonomy":"category","embeddable":true,"href":"https:\/\/www.confederaciondelcobre.cl\/index.php\/wp-json\/wp\/v2\/categories?post=1619"},{"taxonomy":"post_tag","embeddable":true,"href":"https:\/\/www.confederaciondelcobre.cl\/index.php\/wp-json\/wp\/v2\/tags?post=1619"}],"curies":[{"name":"wp","href":"https:\/\/api.w.org\/{rel}","templated":true}]}}