{"id":1629,"date":"2020-12-05T19:21:16","date_gmt":"2020-12-05T19:21:16","guid":{"rendered":"http:\/\/www.confederaciondelcobre.cl\/?p=1629"},"modified":"2020-12-05T22:12:14","modified_gmt":"2020-12-05T22:12:14","slug":"finaliza-exitosa-negociacion-colectiva-del-sindicato-de-trabajadores-empresa-salfa-chancado-2-y-3-establecimiento-chuquicamata","status":"publish","type":"post","link":"https:\/\/www.confederaciondelcobre.cl\/index.php\/2020\/12\/05\/finaliza-exitosa-negociacion-colectiva-del-sindicato-de-trabajadores-empresa-salfa-chancado-2-y-3-establecimiento-chuquicamata\/","title":{"rendered":"Finaliza exitosa Negociaci\u00f3n Colectiva del Sindicato de Trabajadores Empresa Salfa, Chancado 2 y 3 Establecimiento Chuquicamata."},"content":{"rendered":"\n<p>Tras ocho d\u00edas de mediaci\u00f3n obligada, citada por el Departamento de Mediaci\u00f3n de la Inspecci\u00f3n del Trabajo de la Provincia de El Loa de Calama, y luego de un tenso proceso de negociaci\u00f3n, el d\u00eda de ayer 04 de diciembre finalmente el Sindicato de Trabajadores Empresa Salfa, Chancado 2 y 3 Establecimiento Chuquicamata lleg\u00f3 a un acuerdo con la Empresa Salfa S.A.<\/p>\n\n\n\n<p>Y es que el proceso no estuvo exento de dificultades, principalmente debido a que desde un comienzo hubo una absoluta indiferencia por parte de la empresa quien no reconoc\u00eda al Sindicato como interlocutor v\u00e1lido, pues argumentaba que se encontraban con un Convenio Colectivo vigente y que por tanto (la empresa) se acog\u00eda a una <em>objeci\u00f3n de legalidad<\/em> para evitar la negociaci\u00f3n con los trabajadores presentados por el Sindicato. El Sindicato, por su parte, y para hacer frente a las observaciones presentadas por la Empresa, hizo una reclamaci\u00f3n ante la Inspecci\u00f3n Provincial del Trabajo logrando as\u00ed demostrar que m\u00e1s del 70% de los trabajadores presentados para la Negociaci\u00f3n s\u00ed estaban habilitados y que por ende tambi\u00e9n pod\u00edan negociar.<\/p>\n\n\n\n<ul class=\"wp-block-list\"><li><em><strong>El Sindicato y los trabajadores, acompa\u00f1ados en este proceso por la Confederaci\u00f3n de Trabajadores del Cobre (CTC), lograron conquistar una variedad de beneficios y mejoras sociales, adem\u00e1s de salariales y en sus condiciones de seguridad y trabajo<\/strong>. Entre ellas, por ejemplo: la reajustabilidad en sus sueldos, beneficios de becas escolares para los trabajadores y sus hijos; permisos por eventos familiares y bonificaciones, aguinaldos de fiestas patrias y navidad. Tambi\u00e9n un seguro de vida y otros beneficios y cl\u00e1usulas de cierre que permitir\u00e1n a los trabajadores, en estas fechas especiales de fin de a\u00f1o, pasar unas fiestas con tranquilidad.<\/em><\/li><\/ul>\n\n\n\n<div class=\"wp-block-image\"><figure class=\"aligncenter\"><img loading=\"lazy\" decoding=\"async\" width=\"600\" height=\"450\" src=\"http:\/\/www.confederaciondelcobre.cl\/wp-content\/uploads\/2020\/12\/1.jpg\" alt=\"\" class=\"wp-image-1632\" srcset=\"https:\/\/www.confederaciondelcobre.cl\/wp-content\/uploads\/2020\/12\/1.jpg 600w, https:\/\/www.confederaciondelcobre.cl\/wp-content\/uploads\/2020\/12\/1-300x225.jpg 300w\" sizes=\"auto, (max-width: 600px) 100vw, 600px\" \/><\/figure><\/div>\n\n\n\n<p><strong>Ra\u00fal Fuentes<\/strong>, quien es Secretario del Sindicato de Trabajadores Empresa Salfa, Chancado 2 y 3 Establecimiento Chuquicamata, expres\u00f3 su satisfacci\u00f3n por el proceso llevado adelante ya que <strong>&#8220;permiti\u00f3 hacer ver a la empresa que los trabajadores deben ser respetados en sus derechos, a la vez que esto ha sido una oportunidad para ir resolviendo los problemas que le pueden ir surgiendo a los trabajadores con una empresa un poco mas abierta a escucharlos\u201d<\/strong>.  Por su parte el Tesorero del Sindicato, <strong>Germ\u00e1n Becerra<\/strong>, se\u00f1al\u00f3 que <strong>\u201cal principio se ve\u00eda muy dif\u00edcil llegar a un entendimiento con la empresa, sobre todo cuando \u00e9sta objet\u00f3 a la totalidad de los trabajadores para que no negociaran, perola convicci\u00f3n y certeza de nuestra defensa permiti\u00f3 al final recuperar a un n\u00famero importante de trabajadores y as\u00ed poder incluirlos en este proceso\u201d<\/strong>.<\/p>\n\n\n\n<p><strong>Yerko Barraza<\/strong>, Presidente del Sindicato de Trabajadores Empresa Salfa, Chancado 2 y 3 Establecimiento Chuquicamata, y refiri\u00e9ndose a la importancia de haber logrado sus objetivos como Sindicato y Trabajadores, <strong>manifest\u00f3 que &#8220;adem\u00e1s de mejorar las condiciones de nuestros socios, se logr\u00f3 evitar el conflicto mayor de una huelga a trav\u00e9s del di\u00e1logo&#8221;<\/strong>, agregando que <strong>&#8220;si bien todos los socios estaban dispuesto a una huelga, logramos cerrar sin tener que llegar a esa instancia&#8221;<\/strong>. Para finalizar, el presidente del Sindicato envi\u00f3 un mensaje de <strong>agradecimiento a los socios del Sindicato &#8220;por creer y apoyar la gesti\u00f3n de esta directiva, tambi\u00e9n agradecer a la Confederaci\u00f3n de Trabajadores del Cobre que puso a disposici\u00f3n su incondicional apoyo y gesti\u00f3n para que esta negociaci\u00f3n llegara a buen puerto\u201d<\/strong>.<\/p>\n\n\n\n<div class=\"wp-block-image\"><figure class=\"aligncenter\"><img loading=\"lazy\" decoding=\"async\" width=\"450\" height=\"600\" src=\"http:\/\/www.confederaciondelcobre.cl\/wp-content\/uploads\/2020\/12\/2.jpg\" alt=\"\" class=\"wp-image-1633\" srcset=\"https:\/\/www.confederaciondelcobre.cl\/wp-content\/uploads\/2020\/12\/2.jpg 450w, https:\/\/www.confederaciondelcobre.cl\/wp-content\/uploads\/2020\/12\/2-225x300.jpg 225w\" sizes=\"auto, (max-width: 450px) 100vw, 450px\" \/><\/figure><\/div>\n","protected":false},"excerpt":{"rendered":"<p>Tras ocho d\u00edas de mediaci\u00f3n obligada, citada por el Departamento de Mediaci\u00f3n de la Inspecci\u00f3n del Trabajo de la Provincia de El Loa de Calama, y luego de un tenso &hellip; <\/p>\n","protected":false},"author":2,"featured_media":1631,"comment_status":"closed","ping_status":"closed","sticky":false,"template":"","format":"standard","meta":{"jetpack_post_was_ever_published":false,"_jetpack_newsletter_access":"","_jetpack_dont_email_post_to_subs":false,"_jetpack_newsletter_tier_id":0,"_jetpack_memberships_contains_paywalled_content":false,"_jetpack_memberships_contains_paid_content":false,"footnotes":"","jetpack_publicize_message":"","jetpack_publicize_feature_enabled":true,"jetpack_social_post_already_shared":false,"jetpack_social_options":{"image_generator_settings":{"template":"highway","default_image_id":0,"enabled":false},"version":2}},"categories":[9,20,19],"tags":[],"class_list":["post-1629","post","type-post","status-publish","format-standard","has-post-thumbnail","hentry","category-confederacion","category-negociacion-colectiva","category-trabajadores"],"jetpack_publicize_connections":[],"jetpack_featured_media_url":"https:\/\/www.confederaciondelcobre.cl\/wp-content\/uploads\/2020\/12\/Port.jpg","jetpack_sharing_enabled":true,"post_mailing_queue_ids":[],"_links":{"self":[{"href":"https:\/\/www.confederaciondelcobre.cl\/index.php\/wp-json\/wp\/v2\/posts\/1629","targetHints":{"allow":["GET"]}}],"collection":[{"href":"https:\/\/www.confederaciondelcobre.cl\/index.php\/wp-json\/wp\/v2\/posts"}],"about":[{"href":"https:\/\/www.confederaciondelcobre.cl\/index.php\/wp-json\/wp\/v2\/types\/post"}],"author":[{"embeddable":true,"href":"https:\/\/www.confederaciondelcobre.cl\/index.php\/wp-json\/wp\/v2\/users\/2"}],"replies":[{"embeddable":true,"href":"https:\/\/www.confederaciondelcobre.cl\/index.php\/wp-json\/wp\/v2\/comments?post=1629"}],"version-history":[{"count":5,"href":"https:\/\/www.confederaciondelcobre.cl\/index.php\/wp-json\/wp\/v2\/posts\/1629\/revisions"}],"predecessor-version":[{"id":1637,"href":"https:\/\/www.confederaciondelcobre.cl\/index.php\/wp-json\/wp\/v2\/posts\/1629\/revisions\/1637"}],"wp:featuredmedia":[{"embeddable":true,"href":"https:\/\/www.confederaciondelcobre.cl\/index.php\/wp-json\/wp\/v2\/media\/1631"}],"wp:attachment":[{"href":"https:\/\/www.confederaciondelcobre.cl\/index.php\/wp-json\/wp\/v2\/media?parent=1629"}],"wp:term":[{"taxonomy":"category","embeddable":true,"href":"https:\/\/www.confederaciondelcobre.cl\/index.php\/wp-json\/wp\/v2\/categories?post=1629"},{"taxonomy":"post_tag","embeddable":true,"href":"https:\/\/www.confederaciondelcobre.cl\/index.php\/wp-json\/wp\/v2\/tags?post=1629"}],"curies":[{"name":"wp","href":"https:\/\/api.w.org\/{rel}","templated":true}]}}