{"id":1648,"date":"2020-12-24T12:00:59","date_gmt":"2020-12-24T12:00:59","guid":{"rendered":"https:\/\/www.confederaciondelcobre.cl\/?p=1648"},"modified":"2021-06-09T22:55:26","modified_gmt":"2021-06-09T22:55:26","slug":"dirigentes-de-la-ctc-en-conmemoracion-de-los-113-anos-de-la-matanza-en-la-escuela-santa-maria-de-iquique","status":"publish","type":"post","link":"https:\/\/www.confederaciondelcobre.cl\/index.php\/2020\/12\/24\/dirigentes-de-la-ctc-en-conmemoracion-de-los-113-anos-de-la-matanza-en-la-escuela-santa-maria-de-iquique\/","title":{"rendered":"Dirigentes de la CTC en conmemoraci\u00f3n de los 113 a\u00f1os de la matanza en la Escuela Santa Mar\u00eda de Iquique."},"content":{"rendered":"\n<p>El fin de semana reci\u00e9n pasado, y hasta el lunes 21 de diciembre, Manuel Ahumada, Presidente de la Confederaci\u00f3n de Trabajadores del Cobre (CTC), junto a Ana Lamas y Francisco Cabezas, Secretaria General y Director Nacional Encargado Jur\u00eddico de la CTC respectivamente, participaron en una serie de actividades que se desarrollaron en la ciudad de Iquique a prop\u00f3sito de la conmemoraci\u00f3n de los 113 a\u00f1os de la Matanza en la Escuela Santa Mar\u00eda.<\/p>\n\n\n\n<p>Es as\u00ed como el d\u00eda s\u00e1bado 19, junto con participar de una manifestaci\u00f3n en Cavancha, a prop\u00f3sito del d\u00eda nacional contra el femicidio, visitaron el Campamento \u201cFlor de Poblaci\u00f3n\u201d donde las y los pobladores est\u00e1n desarrollando una variedad de iniciativas, entre ellas huertos urbanos, la construcci\u00f3n de una sede vecinal, una cancha de f\u00fatbol y talleres de hip-hop. En aquella oportunidad, los dirigentes de la CTC sostuvieron encuentros y conversaciones con vecinas, vecinos y tambi\u00e9n con la dirigenta del campamento \u00c1ngela Popo y David, pastor haitiano, a quienes presentaron la idea y compromiso de buscar desarrollar capacitaciones a trav\u00e9s de un programa de Certificaci\u00f3n de Competencias Laborales y de Oficios, adem\u00e1s de avanzar en la realizaci\u00f3n de un proyecto de soberan\u00eda alimentaria, para lo cual se gestionar\u00e1 el v\u00ednculo con la&nbsp;Asociaci\u00f3n Nacional de Mujeres Rurales e Ind\u00edgenas (<em>ANAMURI<\/em>). Luego visitaron el templo religioso donde pronto funcionar\u00e1 la escuela \u201cJoane Florvil\u201d de la Asamblea Abierta de Migrantes y Promigrantes de Tarapac\u00e1 (AMPRO), lugar en el que los asistentes no solamente aprender\u00e1n espa\u00f1ol sino adem\u00e1s se impartir\u00e1n cursos en distintos oficios, partiendo con gastronom\u00eda y panader\u00eda que han podido comenzar a implementarse gracias a un aporte hecho por el Centro de Jornaleros de Nueva York.<\/p>\n\n\n\n<p>El d\u00eda domingo 20, y en el mismo Campamento \u201cFlor de Poblaci\u00f3n\u201d, participaron de la conmemoraci\u00f3n del D\u00eda Internacional del Migrante que inici\u00f3 con una oraci\u00f3n religiosa ofrecida por la pastora Katherine, de nacionalidad haitiana, para luego dar paso a la presentaci\u00f3n de varios n\u00fameros art\u00edsticos, entre ellos poes\u00eda, danza, cuentos, hip-hop y batucadas, protagonizadas por las y los propios vecinos, ni\u00f1as, ni\u00f1os y j\u00f3venes del campamento.<\/p>\n\n\n\n<p>Ya el d\u00eda lunes 21 se realiz\u00f3 el tradicional acto y ceremonia de conmemoraci\u00f3n de los 113 a\u00f1os de la matanza en la Escuela Santa Mar\u00eda de Iquique, un episodio oscuro que enluta no solo la historia de nuestro pa\u00eds sino que tambi\u00e9n la de las y los trabajadores del Chile y el mundo.<\/p>\n\n\n\n<ul class=\"wp-block-list\"><li><em><a href=\"https:\/\/www.confederaciondelcobre.cl\/index.php\/2020\/12\/21\/santa-maria-de-iquique-aquello-que-la-historia-no-quiere-recordar\/\" target=\"_blank\" rel=\"noreferrer noopener\" aria-label=\" (abrir en una nueva pesta\u00f1a)\">Puedes ver la nota \u201cSanta Mar\u00eda de Iquique: aquello que la historia no quiere recordar\u201d publicada en nuestro propio sitio web el lunes 21 de diciembre del presente.<\/a><\/em><\/li><\/ul>\n\n\n\n<p>El evento, que cont\u00f3 con la participaci\u00f3n de diversas organizaciones sociales, culturales y sindicales, entre ellas la Confederaci\u00f3n de Trabajadores del Cobre (CTC), representada por su Presidente, Manuel Ahumada Letelier; la Secretaria General, Ana Lamas Aguirre; y el Director Nacional Encargado Jur\u00eddico, Francisco Cabezas, se realiz\u00f3 como cada a\u00f1o a un costado del hoy Liceo Bicentenario Domingo Santa Mar\u00eda de Iquique, donde como organizaci\u00f3n se entreg\u00f3 una ofrenda floral. En la oportunidad, cabe destacar, particip\u00f3 por primera vez la Asamblea Abierta de Migrantes y Promigrantes de Tarapac\u00e1 (AMPRO), ello en recuerdo y conmemoraci\u00f3n de las y los obreros migrantes que tambi\u00e9n fueron asesinados en aquel fat\u00eddico 21 de diciembre de 1907. El acto, finalmente, cont\u00f3 con presentaciones art\u00edsticas, culturales y un discurso a cargo de Edwin Marabol\u00ed, Secretario General de la CUT Iquique, en el que destac\u00f3 y valor\u00f3 la persistencia de la memoria como un ejercicio constante de reivindicaci\u00f3n de las luchas obreras que hoy, a prop\u00f3sito del importante proceso de cambios que Chile est\u00e1 viviendo, deben estar m\u00e1s presentes que nunca. Han pasado 113 a\u00f1os de aquel terrible suceso, donde hombres, mujeres y ni\u00f1os fueron asesinados por demandar mejores condiciones laborales y de vida, y a pesar de que la historia de represi\u00f3n y muerte contra las y los trabajadores ha continuado, la lucha por la justicia contin\u00faa y continuar\u00e1 hasta que la dignidad se haga costumbre.<\/p>\n\n\n\n<ul class=\"wp-block-gallery columns-3 is-cropped wp-block-gallery-1 is-layout-flex wp-block-gallery-is-layout-flex\"><li class=\"blocks-gallery-item\"><figure><img loading=\"lazy\" decoding=\"async\" width=\"720\" height=\"720\" src=\"https:\/\/www.confederaciondelcobre.cl\/wp-content\/uploads\/2021\/06\/0df9107c-dd7f-4cd4-aa9f-2fcc03903166.jpeg\" alt=\"\" data-id=\"1650\" data-link=\"https:\/\/www.confederaciondelcobre.cl\/?attachment_id=1650\" class=\"wp-image-1650\" srcset=\"https:\/\/www.confederaciondelcobre.cl\/wp-content\/uploads\/2021\/06\/0df9107c-dd7f-4cd4-aa9f-2fcc03903166.jpeg 720w, https:\/\/www.confederaciondelcobre.cl\/wp-content\/uploads\/2021\/06\/0df9107c-dd7f-4cd4-aa9f-2fcc03903166-150x150.jpeg 150w, https:\/\/www.confederaciondelcobre.cl\/wp-content\/uploads\/2021\/06\/0df9107c-dd7f-4cd4-aa9f-2fcc03903166-300x300.jpeg 300w\" sizes=\"auto, (max-width: 720px) 100vw, 720px\" \/><\/figure><\/li><li class=\"blocks-gallery-item\"><figure><img loading=\"lazy\" decoding=\"async\" width=\"1024\" height=\"768\" src=\"https:\/\/www.confederaciondelcobre.cl\/wp-content\/uploads\/2021\/06\/1d7da596-f878-4753-a3b9-ce114edd0b11-1024x768.jpeg\" alt=\"\" data-id=\"1651\" data-link=\"https:\/\/www.confederaciondelcobre.cl\/?attachment_id=1651\" class=\"wp-image-1651\" srcset=\"https:\/\/www.confederaciondelcobre.cl\/wp-content\/uploads\/2021\/06\/1d7da596-f878-4753-a3b9-ce114edd0b11-1024x768.jpeg 1024w, https:\/\/www.confederaciondelcobre.cl\/wp-content\/uploads\/2021\/06\/1d7da596-f878-4753-a3b9-ce114edd0b11-300x225.jpeg 300w, https:\/\/www.confederaciondelcobre.cl\/wp-content\/uploads\/2021\/06\/1d7da596-f878-4753-a3b9-ce114edd0b11-768x576.jpeg 768w, https:\/\/www.confederaciondelcobre.cl\/wp-content\/uploads\/2021\/06\/1d7da596-f878-4753-a3b9-ce114edd0b11.jpeg 1040w\" sizes=\"auto, (max-width: 1024px) 100vw, 1024px\" \/><\/figure><\/li><li class=\"blocks-gallery-item\"><figure><img loading=\"lazy\" decoding=\"async\" width=\"720\" height=\"720\" src=\"https:\/\/www.confederaciondelcobre.cl\/wp-content\/uploads\/2021\/06\/4e93e954-1c1f-4ca0-bdbd-5b189967f572.jpeg\" alt=\"\" data-id=\"1652\" data-link=\"https:\/\/www.confederaciondelcobre.cl\/?attachment_id=1652\" class=\"wp-image-1652\" srcset=\"https:\/\/www.confederaciondelcobre.cl\/wp-content\/uploads\/2021\/06\/4e93e954-1c1f-4ca0-bdbd-5b189967f572.jpeg 720w, https:\/\/www.confederaciondelcobre.cl\/wp-content\/uploads\/2021\/06\/4e93e954-1c1f-4ca0-bdbd-5b189967f572-150x150.jpeg 150w, https:\/\/www.confederaciondelcobre.cl\/wp-content\/uploads\/2021\/06\/4e93e954-1c1f-4ca0-bdbd-5b189967f572-300x300.jpeg 300w\" sizes=\"auto, (max-width: 720px) 100vw, 720px\" \/><\/figure><\/li><li class=\"blocks-gallery-item\"><figure><img loading=\"lazy\" decoding=\"async\" width=\"1024\" height=\"768\" src=\"https:\/\/www.confederaciondelcobre.cl\/wp-content\/uploads\/2021\/06\/4f175479-8389-493c-a69f-eea21031f02e-1024x768.jpeg\" alt=\"\" data-id=\"1653\" data-link=\"https:\/\/www.confederaciondelcobre.cl\/?attachment_id=1653\" class=\"wp-image-1653\" srcset=\"https:\/\/www.confederaciondelcobre.cl\/wp-content\/uploads\/2021\/06\/4f175479-8389-493c-a69f-eea21031f02e-1024x768.jpeg 1024w, https:\/\/www.confederaciondelcobre.cl\/wp-content\/uploads\/2021\/06\/4f175479-8389-493c-a69f-eea21031f02e-300x225.jpeg 300w, https:\/\/www.confederaciondelcobre.cl\/wp-content\/uploads\/2021\/06\/4f175479-8389-493c-a69f-eea21031f02e-768x576.jpeg 768w, https:\/\/www.confederaciondelcobre.cl\/wp-content\/uploads\/2021\/06\/4f175479-8389-493c-a69f-eea21031f02e.jpeg 1040w\" sizes=\"auto, (max-width: 1024px) 100vw, 1024px\" \/><\/figure><\/li><li class=\"blocks-gallery-item\"><figure><img loading=\"lazy\" decoding=\"async\" width=\"1024\" height=\"768\" src=\"https:\/\/www.confederaciondelcobre.cl\/wp-content\/uploads\/2021\/06\/95eb9d29-cb23-44e3-be09-45020687424e-1024x768.jpeg\" alt=\"\" data-id=\"1654\" data-link=\"https:\/\/www.confederaciondelcobre.cl\/?attachment_id=1654\" class=\"wp-image-1654\" srcset=\"https:\/\/www.confederaciondelcobre.cl\/wp-content\/uploads\/2021\/06\/95eb9d29-cb23-44e3-be09-45020687424e-1024x768.jpeg 1024w, https:\/\/www.confederaciondelcobre.cl\/wp-content\/uploads\/2021\/06\/95eb9d29-cb23-44e3-be09-45020687424e-300x225.jpeg 300w, https:\/\/www.confederaciondelcobre.cl\/wp-content\/uploads\/2021\/06\/95eb9d29-cb23-44e3-be09-45020687424e-768x576.jpeg 768w, https:\/\/www.confederaciondelcobre.cl\/wp-content\/uploads\/2021\/06\/95eb9d29-cb23-44e3-be09-45020687424e.jpeg 1032w\" sizes=\"auto, (max-width: 1024px) 100vw, 1024px\" \/><\/figure><\/li><li class=\"blocks-gallery-item\"><figure><img loading=\"lazy\" decoding=\"async\" width=\"1024\" height=\"768\" src=\"https:\/\/www.confederaciondelcobre.cl\/wp-content\/uploads\/2021\/06\/789e38be-1244-4f83-820a-abc21201dfcb-1024x768.jpeg\" alt=\"\" data-id=\"1655\" data-link=\"https:\/\/www.confederaciondelcobre.cl\/?attachment_id=1655\" class=\"wp-image-1655\" srcset=\"https:\/\/www.confederaciondelcobre.cl\/wp-content\/uploads\/2021\/06\/789e38be-1244-4f83-820a-abc21201dfcb-1024x768.jpeg 1024w, https:\/\/www.confederaciondelcobre.cl\/wp-content\/uploads\/2021\/06\/789e38be-1244-4f83-820a-abc21201dfcb-300x225.jpeg 300w, https:\/\/www.confederaciondelcobre.cl\/wp-content\/uploads\/2021\/06\/789e38be-1244-4f83-820a-abc21201dfcb-768x576.jpeg 768w, https:\/\/www.confederaciondelcobre.cl\/wp-content\/uploads\/2021\/06\/789e38be-1244-4f83-820a-abc21201dfcb.jpeg 1040w\" sizes=\"auto, (max-width: 1024px) 100vw, 1024px\" \/><\/figure><\/li><li class=\"blocks-gallery-item\"><figure><img loading=\"lazy\" decoding=\"async\" width=\"720\" height=\"540\" src=\"https:\/\/www.confederaciondelcobre.cl\/wp-content\/uploads\/2021\/06\/811b7146-da3f-4d24-856d-fa317affa217.jpeg\" alt=\"\" data-id=\"1656\" data-link=\"https:\/\/www.confederaciondelcobre.cl\/?attachment_id=1656\" class=\"wp-image-1656\" srcset=\"https:\/\/www.confederaciondelcobre.cl\/wp-content\/uploads\/2021\/06\/811b7146-da3f-4d24-856d-fa317affa217.jpeg 720w, https:\/\/www.confederaciondelcobre.cl\/wp-content\/uploads\/2021\/06\/811b7146-da3f-4d24-856d-fa317affa217-300x225.jpeg 300w\" sizes=\"auto, (max-width: 720px) 100vw, 720px\" \/><\/figure><\/li><li class=\"blocks-gallery-item\"><figure><img loading=\"lazy\" decoding=\"async\" width=\"1024\" height=\"631\" src=\"https:\/\/www.confederaciondelcobre.cl\/wp-content\/uploads\/2021\/06\/2654a039-57cd-4e1e-9ded-a907cd6e3dce-1024x631.jpeg\" alt=\"\" data-id=\"1657\" data-link=\"https:\/\/www.confederaciondelcobre.cl\/?attachment_id=1657\" class=\"wp-image-1657\" srcset=\"https:\/\/www.confederaciondelcobre.cl\/wp-content\/uploads\/2021\/06\/2654a039-57cd-4e1e-9ded-a907cd6e3dce-1024x631.jpeg 1024w, https:\/\/www.confederaciondelcobre.cl\/wp-content\/uploads\/2021\/06\/2654a039-57cd-4e1e-9ded-a907cd6e3dce-300x185.jpeg 300w, https:\/\/www.confederaciondelcobre.cl\/wp-content\/uploads\/2021\/06\/2654a039-57cd-4e1e-9ded-a907cd6e3dce-768x473.jpeg 768w, https:\/\/www.confederaciondelcobre.cl\/wp-content\/uploads\/2021\/06\/2654a039-57cd-4e1e-9ded-a907cd6e3dce-348x215.jpeg 348w, https:\/\/www.confederaciondelcobre.cl\/wp-content\/uploads\/2021\/06\/2654a039-57cd-4e1e-9ded-a907cd6e3dce.jpeg 1280w\" sizes=\"auto, (max-width: 1024px) 100vw, 1024px\" \/><\/figure><\/li><li class=\"blocks-gallery-item\"><figure><img loading=\"lazy\" decoding=\"async\" width=\"1024\" height=\"768\" src=\"https:\/\/www.confederaciondelcobre.cl\/wp-content\/uploads\/2021\/06\/5285a713-6bfe-4b52-a0ce-b161c5cfb07a-1-1024x768.jpeg\" alt=\"\" data-id=\"1658\" data-link=\"https:\/\/www.confederaciondelcobre.cl\/?attachment_id=1658\" class=\"wp-image-1658\" srcset=\"https:\/\/www.confederaciondelcobre.cl\/wp-content\/uploads\/2021\/06\/5285a713-6bfe-4b52-a0ce-b161c5cfb07a-1-1024x768.jpeg 1024w, https:\/\/www.confederaciondelcobre.cl\/wp-content\/uploads\/2021\/06\/5285a713-6bfe-4b52-a0ce-b161c5cfb07a-1-300x225.jpeg 300w, https:\/\/www.confederaciondelcobre.cl\/wp-content\/uploads\/2021\/06\/5285a713-6bfe-4b52-a0ce-b161c5cfb07a-1-768x576.jpeg 768w, https:\/\/www.confederaciondelcobre.cl\/wp-content\/uploads\/2021\/06\/5285a713-6bfe-4b52-a0ce-b161c5cfb07a-1.jpeg 1032w\" sizes=\"auto, (max-width: 1024px) 100vw, 1024px\" \/><\/figure><\/li><li class=\"blocks-gallery-item\"><figure><img loading=\"lazy\" decoding=\"async\" width=\"1024\" height=\"768\" src=\"https:\/\/www.confederaciondelcobre.cl\/wp-content\/uploads\/2021\/06\/08260dd6-c176-481d-b985-1dc996805cb9-1024x768.jpeg\" alt=\"\" data-id=\"1659\" data-link=\"https:\/\/www.confederaciondelcobre.cl\/?attachment_id=1659\" class=\"wp-image-1659\" srcset=\"https:\/\/www.confederaciondelcobre.cl\/wp-content\/uploads\/2021\/06\/08260dd6-c176-481d-b985-1dc996805cb9-1024x768.jpeg 1024w, https:\/\/www.confederaciondelcobre.cl\/wp-content\/uploads\/2021\/06\/08260dd6-c176-481d-b985-1dc996805cb9-300x225.jpeg 300w, https:\/\/www.confederaciondelcobre.cl\/wp-content\/uploads\/2021\/06\/08260dd6-c176-481d-b985-1dc996805cb9-768x576.jpeg 768w, https:\/\/www.confederaciondelcobre.cl\/wp-content\/uploads\/2021\/06\/08260dd6-c176-481d-b985-1dc996805cb9.jpeg 1280w\" sizes=\"auto, (max-width: 1024px) 100vw, 1024px\" \/><\/figure><\/li><li class=\"blocks-gallery-item\"><figure><img loading=\"lazy\" decoding=\"async\" width=\"1024\" height=\"768\" src=\"https:\/\/www.confederaciondelcobre.cl\/wp-content\/uploads\/2021\/06\/08288ad2-7e14-4fb8-9908-016e24068c84-1024x768.jpeg\" alt=\"\" data-id=\"1660\" data-link=\"https:\/\/www.confederaciondelcobre.cl\/?attachment_id=1660\" class=\"wp-image-1660\" srcset=\"https:\/\/www.confederaciondelcobre.cl\/wp-content\/uploads\/2021\/06\/08288ad2-7e14-4fb8-9908-016e24068c84-1024x768.jpeg 1024w, https:\/\/www.confederaciondelcobre.cl\/wp-content\/uploads\/2021\/06\/08288ad2-7e14-4fb8-9908-016e24068c84-300x225.jpeg 300w, https:\/\/www.confederaciondelcobre.cl\/wp-content\/uploads\/2021\/06\/08288ad2-7e14-4fb8-9908-016e24068c84-768x576.jpeg 768w, https:\/\/www.confederaciondelcobre.cl\/wp-content\/uploads\/2021\/06\/08288ad2-7e14-4fb8-9908-016e24068c84.jpeg 1280w\" sizes=\"auto, (max-width: 1024px) 100vw, 1024px\" \/><\/figure><\/li><li class=\"blocks-gallery-item\"><figure><img loading=\"lazy\" decoding=\"async\" width=\"720\" height=\"540\" src=\"https:\/\/www.confederaciondelcobre.cl\/wp-content\/uploads\/2021\/06\/8576755e-0717-49a2-9431-5b03397f2408.jpeg\" alt=\"\" data-id=\"1661\" data-link=\"https:\/\/www.confederaciondelcobre.cl\/?attachment_id=1661\" class=\"wp-image-1661\" srcset=\"https:\/\/www.confederaciondelcobre.cl\/wp-content\/uploads\/2021\/06\/8576755e-0717-49a2-9431-5b03397f2408.jpeg 720w, https:\/\/www.confederaciondelcobre.cl\/wp-content\/uploads\/2021\/06\/8576755e-0717-49a2-9431-5b03397f2408-300x225.jpeg 300w\" sizes=\"auto, (max-width: 720px) 100vw, 720px\" \/><\/figure><\/li><li class=\"blocks-gallery-item\"><figure><img loading=\"lazy\" decoding=\"async\" width=\"1024\" height=\"768\" src=\"https:\/\/www.confederaciondelcobre.cl\/wp-content\/uploads\/2021\/06\/a90873a2-04e9-4a6c-b0ed-d7cf984e7516-1024x768.jpeg\" alt=\"\" data-id=\"1662\" data-link=\"https:\/\/www.confederaciondelcobre.cl\/?attachment_id=1662\" class=\"wp-image-1662\" srcset=\"https:\/\/www.confederaciondelcobre.cl\/wp-content\/uploads\/2021\/06\/a90873a2-04e9-4a6c-b0ed-d7cf984e7516-1024x768.jpeg 1024w, https:\/\/www.confederaciondelcobre.cl\/wp-content\/uploads\/2021\/06\/a90873a2-04e9-4a6c-b0ed-d7cf984e7516-300x225.jpeg 300w, https:\/\/www.confederaciondelcobre.cl\/wp-content\/uploads\/2021\/06\/a90873a2-04e9-4a6c-b0ed-d7cf984e7516-768x576.jpeg 768w, https:\/\/www.confederaciondelcobre.cl\/wp-content\/uploads\/2021\/06\/a90873a2-04e9-4a6c-b0ed-d7cf984e7516.jpeg 1280w\" sizes=\"auto, (max-width: 1024px) 100vw, 1024px\" \/><\/figure><\/li><li class=\"blocks-gallery-item\"><figure><img loading=\"lazy\" decoding=\"async\" width=\"1024\" height=\"768\" src=\"https:\/\/www.confederaciondelcobre.cl\/wp-content\/uploads\/2021\/06\/ac0229e5-370a-4770-ae1e-84f77eee55cb-1024x768.jpeg\" alt=\"\" data-id=\"1663\" data-link=\"https:\/\/www.confederaciondelcobre.cl\/?attachment_id=1663\" class=\"wp-image-1663\" srcset=\"https:\/\/www.confederaciondelcobre.cl\/wp-content\/uploads\/2021\/06\/ac0229e5-370a-4770-ae1e-84f77eee55cb-1024x768.jpeg 1024w, https:\/\/www.confederaciondelcobre.cl\/wp-content\/uploads\/2021\/06\/ac0229e5-370a-4770-ae1e-84f77eee55cb-300x225.jpeg 300w, https:\/\/www.confederaciondelcobre.cl\/wp-content\/uploads\/2021\/06\/ac0229e5-370a-4770-ae1e-84f77eee55cb-768x576.jpeg 768w, https:\/\/www.confederaciondelcobre.cl\/wp-content\/uploads\/2021\/06\/ac0229e5-370a-4770-ae1e-84f77eee55cb.jpeg 1280w\" sizes=\"auto, (max-width: 1024px) 100vw, 1024px\" \/><\/figure><\/li><li class=\"blocks-gallery-item\"><figure><img loading=\"lazy\" decoding=\"async\" width=\"1024\" height=\"768\" src=\"https:\/\/www.confederaciondelcobre.cl\/wp-content\/uploads\/2021\/06\/b8d37a22-2cfe-49e6-8cdd-4f025ff55ca7-1024x768.jpeg\" alt=\"\" data-id=\"1664\" data-link=\"https:\/\/www.confederaciondelcobre.cl\/?attachment_id=1664\" class=\"wp-image-1664\" srcset=\"https:\/\/www.confederaciondelcobre.cl\/wp-content\/uploads\/2021\/06\/b8d37a22-2cfe-49e6-8cdd-4f025ff55ca7-1024x768.jpeg 1024w, https:\/\/www.confederaciondelcobre.cl\/wp-content\/uploads\/2021\/06\/b8d37a22-2cfe-49e6-8cdd-4f025ff55ca7-300x225.jpeg 300w, https:\/\/www.confederaciondelcobre.cl\/wp-content\/uploads\/2021\/06\/b8d37a22-2cfe-49e6-8cdd-4f025ff55ca7-768x576.jpeg 768w, https:\/\/www.confederaciondelcobre.cl\/wp-content\/uploads\/2021\/06\/b8d37a22-2cfe-49e6-8cdd-4f025ff55ca7.jpeg 1280w\" sizes=\"auto, (max-width: 1024px) 100vw, 1024px\" \/><\/figure><\/li><li class=\"blocks-gallery-item\"><figure><img loading=\"lazy\" decoding=\"async\" width=\"1024\" height=\"768\" src=\"https:\/\/www.confederaciondelcobre.cl\/wp-content\/uploads\/2021\/06\/bb4159a6-eed8-4815-8ed7-daa4efd41a66-1024x768.jpeg\" alt=\"\" data-id=\"1665\" data-link=\"https:\/\/www.confederaciondelcobre.cl\/?attachment_id=1665\" class=\"wp-image-1665\" srcset=\"https:\/\/www.confederaciondelcobre.cl\/wp-content\/uploads\/2021\/06\/bb4159a6-eed8-4815-8ed7-daa4efd41a66-1024x768.jpeg 1024w, https:\/\/www.confederaciondelcobre.cl\/wp-content\/uploads\/2021\/06\/bb4159a6-eed8-4815-8ed7-daa4efd41a66-300x225.jpeg 300w, https:\/\/www.confederaciondelcobre.cl\/wp-content\/uploads\/2021\/06\/bb4159a6-eed8-4815-8ed7-daa4efd41a66-768x576.jpeg 768w, https:\/\/www.confederaciondelcobre.cl\/wp-content\/uploads\/2021\/06\/bb4159a6-eed8-4815-8ed7-daa4efd41a66.jpeg 1280w\" sizes=\"auto, (max-width: 1024px) 100vw, 1024px\" \/><\/figure><\/li><li class=\"blocks-gallery-item\"><figure><img loading=\"lazy\" decoding=\"async\" width=\"1024\" height=\"768\" src=\"https:\/\/www.confederaciondelcobre.cl\/wp-content\/uploads\/2021\/06\/bf8d07ab-1468-438f-910f-02d31bb561ab-1024x768.jpeg\" alt=\"\" data-id=\"1666\" data-link=\"https:\/\/www.confederaciondelcobre.cl\/?attachment_id=1666\" class=\"wp-image-1666\" srcset=\"https:\/\/www.confederaciondelcobre.cl\/wp-content\/uploads\/2021\/06\/bf8d07ab-1468-438f-910f-02d31bb561ab-1024x768.jpeg 1024w, https:\/\/www.confederaciondelcobre.cl\/wp-content\/uploads\/2021\/06\/bf8d07ab-1468-438f-910f-02d31bb561ab-300x225.jpeg 300w, https:\/\/www.confederaciondelcobre.cl\/wp-content\/uploads\/2021\/06\/bf8d07ab-1468-438f-910f-02d31bb561ab-768x576.jpeg 768w, https:\/\/www.confederaciondelcobre.cl\/wp-content\/uploads\/2021\/06\/bf8d07ab-1468-438f-910f-02d31bb561ab.jpeg 1280w\" sizes=\"auto, (max-width: 1024px) 100vw, 1024px\" \/><\/figure><\/li><li class=\"blocks-gallery-item\"><figure><img loading=\"lazy\" decoding=\"async\" width=\"720\" height=\"480\" src=\"https:\/\/www.confederaciondelcobre.cl\/wp-content\/uploads\/2021\/06\/c5b69c54-9438-4121-b88a-a282cc6f8d41.jpeg\" alt=\"\" data-id=\"1667\" data-link=\"https:\/\/www.confederaciondelcobre.cl\/?attachment_id=1667\" class=\"wp-image-1667\" srcset=\"https:\/\/www.confederaciondelcobre.cl\/wp-content\/uploads\/2021\/06\/c5b69c54-9438-4121-b88a-a282cc6f8d41.jpeg 720w, https:\/\/www.confederaciondelcobre.cl\/wp-content\/uploads\/2021\/06\/c5b69c54-9438-4121-b88a-a282cc6f8d41-300x200.jpeg 300w\" sizes=\"auto, (max-width: 720px) 100vw, 720px\" \/><\/figure><\/li><li class=\"blocks-gallery-item\"><figure><img loading=\"lazy\" decoding=\"async\" width=\"720\" height=\"480\" src=\"https:\/\/www.confederaciondelcobre.cl\/wp-content\/uploads\/2021\/06\/d8d227e4-4804-4778-a64c-04e921617683.jpeg\" alt=\"\" data-id=\"1668\" data-link=\"https:\/\/www.confederaciondelcobre.cl\/?attachment_id=1668\" class=\"wp-image-1668\" srcset=\"https:\/\/www.confederaciondelcobre.cl\/wp-content\/uploads\/2021\/06\/d8d227e4-4804-4778-a64c-04e921617683.jpeg 720w, https:\/\/www.confederaciondelcobre.cl\/wp-content\/uploads\/2021\/06\/d8d227e4-4804-4778-a64c-04e921617683-300x200.jpeg 300w\" sizes=\"auto, (max-width: 720px) 100vw, 720px\" \/><\/figure><\/li><li class=\"blocks-gallery-item\"><figure><img loading=\"lazy\" decoding=\"async\" width=\"720\" height=\"720\" src=\"https:\/\/www.confederaciondelcobre.cl\/wp-content\/uploads\/2021\/06\/ea1526c3-4644-4b00-9ec5-e3f2394ef413.jpeg\" alt=\"\" data-id=\"1669\" data-link=\"https:\/\/www.confederaciondelcobre.cl\/?attachment_id=1669\" class=\"wp-image-1669\" srcset=\"https:\/\/www.confederaciondelcobre.cl\/wp-content\/uploads\/2021\/06\/ea1526c3-4644-4b00-9ec5-e3f2394ef413.jpeg 720w, https:\/\/www.confederaciondelcobre.cl\/wp-content\/uploads\/2021\/06\/ea1526c3-4644-4b00-9ec5-e3f2394ef413-150x150.jpeg 150w, https:\/\/www.confederaciondelcobre.cl\/wp-content\/uploads\/2021\/06\/ea1526c3-4644-4b00-9ec5-e3f2394ef413-300x300.jpeg 300w\" sizes=\"auto, (max-width: 720px) 100vw, 720px\" \/><\/figure><\/li><li class=\"blocks-gallery-item\"><figure><img loading=\"lazy\" decoding=\"async\" width=\"1024\" height=\"669\" src=\"https:\/\/www.confederaciondelcobre.cl\/wp-content\/uploads\/2021\/06\/fa82e6e5-2bd4-408b-918d-3d4b5100d465-1024x669.jpeg\" alt=\"\" data-id=\"1670\" data-link=\"https:\/\/www.confederaciondelcobre.cl\/?attachment_id=1670\" class=\"wp-image-1670\" srcset=\"https:\/\/www.confederaciondelcobre.cl\/wp-content\/uploads\/2021\/06\/fa82e6e5-2bd4-408b-918d-3d4b5100d465-1024x669.jpeg 1024w, https:\/\/www.confederaciondelcobre.cl\/wp-content\/uploads\/2021\/06\/fa82e6e5-2bd4-408b-918d-3d4b5100d465-300x196.jpeg 300w, https:\/\/www.confederaciondelcobre.cl\/wp-content\/uploads\/2021\/06\/fa82e6e5-2bd4-408b-918d-3d4b5100d465-768x502.jpeg 768w, https:\/\/www.confederaciondelcobre.cl\/wp-content\/uploads\/2021\/06\/fa82e6e5-2bd4-408b-918d-3d4b5100d465.jpeg 1280w\" sizes=\"auto, (max-width: 1024px) 100vw, 1024px\" \/><\/figure><\/li><\/ul>\n","protected":false},"excerpt":{"rendered":"<p>El fin de semana reci\u00e9n pasado, y hasta el lunes 21 de diciembre, Manuel Ahumada, Presidente de la Confederaci\u00f3n de Trabajadores del Cobre (CTC), junto a Ana Lamas y Francisco &hellip; <\/p>\n","protected":false},"author":2,"featured_media":1649,"comment_status":"closed","ping_status":"closed","sticky":false,"template":"","format":"standard","meta":{"jetpack_post_was_ever_published":false,"_jetpack_newsletter_access":"","_jetpack_dont_email_post_to_subs":false,"_jetpack_newsletter_tier_id":0,"_jetpack_memberships_contains_paywalled_content":false,"_jetpack_memberships_contains_paid_content":false,"footnotes":"","jetpack_publicize_message":"","jetpack_publicize_feature_enabled":true,"jetpack_social_post_already_shared":false,"jetpack_social_options":{"image_generator_settings":{"template":"highway","default_image_id":0,"enabled":false},"version":2}},"categories":[9,21,22,15,17,19],"tags":[],"class_list":["post-1648","post","type-post","status-publish","format-standard","has-post-thumbnail","hentry","category-confederacion","category-federaciones","category-feminort","category-nacional","category-regiones","category-trabajadores"],"jetpack_publicize_connections":[],"jetpack_featured_media_url":"https:\/\/www.confederaciondelcobre.cl\/wp-content\/uploads\/2021\/06\/EscStaMaria.jpg","jetpack_sharing_enabled":true,"post_mailing_queue_ids":[],"_links":{"self":[{"href":"https:\/\/www.confederaciondelcobre.cl\/index.php\/wp-json\/wp\/v2\/posts\/1648","targetHints":{"allow":["GET"]}}],"collection":[{"href":"https:\/\/www.confederaciondelcobre.cl\/index.php\/wp-json\/wp\/v2\/posts"}],"about":[{"href":"https:\/\/www.confederaciondelcobre.cl\/index.php\/wp-json\/wp\/v2\/types\/post"}],"author":[{"embeddable":true,"href":"https:\/\/www.confederaciondelcobre.cl\/index.php\/wp-json\/wp\/v2\/users\/2"}],"replies":[{"embeddable":true,"href":"https:\/\/www.confederaciondelcobre.cl\/index.php\/wp-json\/wp\/v2\/comments?post=1648"}],"version-history":[{"count":1,"href":"https:\/\/www.confederaciondelcobre.cl\/index.php\/wp-json\/wp\/v2\/posts\/1648\/revisions"}],"predecessor-version":[{"id":1671,"href":"https:\/\/www.confederaciondelcobre.cl\/index.php\/wp-json\/wp\/v2\/posts\/1648\/revisions\/1671"}],"wp:featuredmedia":[{"embeddable":true,"href":"https:\/\/www.confederaciondelcobre.cl\/index.php\/wp-json\/wp\/v2\/media\/1649"}],"wp:attachment":[{"href":"https:\/\/www.confederaciondelcobre.cl\/index.php\/wp-json\/wp\/v2\/media?parent=1648"}],"wp:term":[{"taxonomy":"category","embeddable":true,"href":"https:\/\/www.confederaciondelcobre.cl\/index.php\/wp-json\/wp\/v2\/categories?post=1648"},{"taxonomy":"post_tag","embeddable":true,"href":"https:\/\/www.confederaciondelcobre.cl\/index.php\/wp-json\/wp\/v2\/tags?post=1648"}],"curies":[{"name":"wp","href":"https:\/\/api.w.org\/{rel}","templated":true}]}}