{"id":1672,"date":"2021-01-06T12:00:58","date_gmt":"2021-01-06T12:00:58","guid":{"rendered":"https:\/\/www.confederaciondelcobre.cl\/?p=1672"},"modified":"2021-06-09T23:23:09","modified_gmt":"2021-06-09T23:23:09","slug":"tercer-festival-nelson-en-la-memoria","status":"publish","type":"post","link":"https:\/\/www.confederaciondelcobre.cl\/index.php\/2021\/01\/06\/tercer-festival-nelson-en-la-memoria\/","title":{"rendered":"Tercer Festival Nelson en la Memoria."},"content":{"rendered":"\n<p>La Confederaci\u00f3n de Trabajadores del Cobre (CTC), en conjunto con la Federaci\u00f3n de Sindicatos El Salvador (FESAL), que es brazo org\u00e1nico de la CTC en el territorio, invitan a postular a la tercera versi\u00f3n del<strong>\u00a0Festival Cultural \u201cNelson en la Memoria\u201d<\/strong>\u00a0que, debido a las restricciones producto de la crisis sanitaria que viene arrastr\u00e1ndose desde marzo de 2020, su realizaci\u00f3n hab\u00eda quedado pendiente. El evento, que tiene como eje central la figura de nuestro compa\u00f1ero\u00a0<strong>Nelson Quichillao L\u00f3pez<\/strong>\u00a0y su lucha por los derechos de las y los trabajadores, tiene por objetivo que personas, ni\u00f1os, j\u00f3venes, adultos mayores y artistas de distintas disciplinas, como la\u00a0<strong>m\u00fasica, pintura, dibujo, literatura y fotograf\u00eda<\/strong>\u00a0del pa\u00eds, en especial de la III regi\u00f3n de Atacama, postulen con sus trabajos y muestras culturales, e incentivar la creaci\u00f3n art\u00edstica a la vez que difunde y promociona una cultura de la memoria hist\u00f3rica y del no olvido.<\/p>\n\n\n\n<ul class=\"wp-block-list\"><li><em><strong>Nelson Quichillao L\u00f3pez<\/strong>&nbsp;era un trabajador subcontratado de la miner\u00eda del cobre, socio del Sindicato N\u00ba2 de Geovita, afiliado a la Federaci\u00f3n de Sindicatos El Salvador (FESAL) que es brazo org\u00e1nico de la Confederaci\u00f3n de Trabajadores del Cobre (CTC) en la Regi\u00f3n de Atacama. Nelson se manifestaba junto a sus compa\u00f1eros en el campamento Minero de El Salvador por la renovaci\u00f3n, ampliaci\u00f3n y mejoramiento del a\u00fan vigente Acuerdo Marco entre la CTC y Codelco (firmado el 2007, renovado el 2009, 2011 y 2013) el a\u00f1o 2015. Es en ese contexto en que las autoridades del momento tomaron la determinaci\u00f3n de reprimir la movilizaci\u00f3n nacional de las y los trabajadores contratistas y subcontratistas de la miner\u00eda del cobre. Una represi\u00f3n criminal, llevada a cabo por FF.EE de Carabineros, que se desat\u00f3 en la madrugada del 24 de julio, de manera planificada y clandestina, dejando a muchos compa\u00f1eros heridos y a Nelson Quichillao muerto de un disparo.<\/em><\/li><\/ul>\n\n\n\n<blockquote class=\"wp-block-quote is-layout-flow wp-block-quote-is-layout-flow\"><p><em><strong>\u201cRecuperando la memoria hist\u00f3rica. Segundo Festival \u201dNelson en la Memoria\u201d<\/strong>&nbsp;es una iniciativa financiada con el concurso FNDR 6% de Cultura del a\u00f1o 2020, del Gobierno Regional de Atacama, aprobado por el Consejo Regional.<\/em><\/p><\/blockquote>\n\n\n\n<p><strong>Cabe se\u00f1alar que la jornada de Festival se llevar\u00e1 a cabo en la ciudad de Diego de Almagro, el d\u00eda s\u00e1bado 30 de enero a partir de las 18:00 horas, y contar\u00e1 con las presentaciones de los artistas y m\u00fasicos nacionales FRANCISCO (PANCHO) VILLA, EVELYN CORNEJO Y MANOLO PEZ, adem\u00e1s de quienes previa postulaci\u00f3n participen del certamen.<\/strong><\/p>\n\n\n\n<blockquote class=\"wp-block-quote is-layout-flow wp-block-quote-is-layout-flow\"><p><strong>IMPORTANTE: para postular y participar en la tercera versi\u00f3n del Festival Nelson en la Memoria, te invitamos a solicitar las bases al correo electr\u00f3nico&nbsp;<em>contacto@confecobre.cl.<\/em><\/strong><\/p><\/blockquote>\n\n\n\n<p>El Festival cultural \u201cNelson en la memoria\u201d, como en sus versiones anteriores, tambi\u00e9n tendr\u00e1 todo un marco de actividades, como&nbsp;<strong>carnavales y conversatorios que se desarrollar\u00e1n con la comunidad y vecinos el viernes 22 a partir de las 18:00 horas en Cha\u00f1aral; el s\u00e1bado 23 a partir de las 18:00 horas en El Salado; y el viernes 29 a partir de las 18:00 horas en el Campamento Minero de El Salvador<\/strong>.<\/p>\n\n\n\n<ul class=\"wp-block-list\"><li>La convocatoria al Festival Nelson en la Memoria, cabe destacar, est\u00e1 destinada a&nbsp;artistas, compositores y m\u00fasicos emergentes, especialmente a aquellas y aquellos de la III regi\u00f3n de Atacama, para que postulen con sus obras en torno a la memoria hist\u00f3rica, con visi\u00f3n de futuro, en la perspectiva de aportar al sentido de identidad y pertenencia de los trabajadores subcontratados del cobre.&nbsp;<strong>Lo anterior, como forma de establecer y mantener un compromiso para que los cr\u00edmenes contra los trabajadores,&nbsp;como en el caso de nuestro compa\u00f1ero Nelson Quichillao, por quien a mas de cinco a\u00f1os de su asesinato seguimos en la b\u00fasqueda de verdad y justicia, no se sigan repitiendo en Chile.<\/strong><\/li><\/ul>\n\n\n\n<h4 class=\"wp-block-heading\">Quedan, entonces, todas y todos invitados a participar de esta tercera versi\u00f3n del Festival cultural \u201cNelson en la memoria\u201d.<\/h4>\n\n\n\n<h4 class=\"wp-block-heading\">Recuerda solicitar las bases de participaci\u00f3n al correo electr\u00f3nico\u00a0<em>contacto@confecobre.cl<\/em><\/h4>\n\n\n\n<figure class=\"wp-block-image\"><img loading=\"lazy\" decoding=\"async\" width=\"732\" height=\"1024\" src=\"https:\/\/www.confederaciondelcobre.cl\/wp-content\/uploads\/2021\/06\/afiche-RRSS-732x1024.png\" alt=\"\" class=\"wp-image-1674\" srcset=\"https:\/\/www.confederaciondelcobre.cl\/wp-content\/uploads\/2021\/06\/afiche-RRSS-732x1024.png 732w, https:\/\/www.confederaciondelcobre.cl\/wp-content\/uploads\/2021\/06\/afiche-RRSS-214x300.png 214w, https:\/\/www.confederaciondelcobre.cl\/wp-content\/uploads\/2021\/06\/afiche-RRSS-768x1075.png 768w, https:\/\/www.confederaciondelcobre.cl\/wp-content\/uploads\/2021\/06\/afiche-RRSS.png 1463w\" sizes=\"auto, (max-width: 732px) 100vw, 732px\" \/><\/figure>\n","protected":false},"excerpt":{"rendered":"<p>La Confederaci\u00f3n de Trabajadores del Cobre (CTC), en conjunto con la Federaci\u00f3n de Sindicatos El Salvador (FESAL), que es brazo org\u00e1nico de la CTC en el territorio, invitan a postular &hellip; <\/p>\n","protected":false},"author":2,"featured_media":1673,"comment_status":"closed","ping_status":"closed","sticky":false,"template":"","format":"standard","meta":{"jetpack_post_was_ever_published":false,"_jetpack_newsletter_access":"","_jetpack_dont_email_post_to_subs":false,"_jetpack_newsletter_tier_id":0,"_jetpack_memberships_contains_paywalled_content":false,"_jetpack_memberships_contains_paid_content":false,"footnotes":"","jetpack_publicize_message":"","jetpack_publicize_feature_enabled":true,"jetpack_social_post_already_shared":false,"jetpack_social_options":{"image_generator_settings":{"template":"highway","default_image_id":0,"enabled":false},"version":2}},"categories":[9,21,22,28,26,25,29,31,32],"tags":[],"class_list":["post-1672","post","type-post","status-publish","format-standard","has-post-thumbnail","hentry","category-confederacion","category-federaciones","category-feminort","category-fesal","category-fesamab","category-fesamav","category-fetramac","category-fetratec","category-nelson-quichillao"],"jetpack_publicize_connections":[],"jetpack_featured_media_url":"https:\/\/www.confederaciondelcobre.cl\/wp-content\/uploads\/2021\/06\/FestNEM.jpg","jetpack_sharing_enabled":true,"post_mailing_queue_ids":[],"_links":{"self":[{"href":"https:\/\/www.confederaciondelcobre.cl\/index.php\/wp-json\/wp\/v2\/posts\/1672","targetHints":{"allow":["GET"]}}],"collection":[{"href":"https:\/\/www.confederaciondelcobre.cl\/index.php\/wp-json\/wp\/v2\/posts"}],"about":[{"href":"https:\/\/www.confederaciondelcobre.cl\/index.php\/wp-json\/wp\/v2\/types\/post"}],"author":[{"embeddable":true,"href":"https:\/\/www.confederaciondelcobre.cl\/index.php\/wp-json\/wp\/v2\/users\/2"}],"replies":[{"embeddable":true,"href":"https:\/\/www.confederaciondelcobre.cl\/index.php\/wp-json\/wp\/v2\/comments?post=1672"}],"version-history":[{"count":1,"href":"https:\/\/www.confederaciondelcobre.cl\/index.php\/wp-json\/wp\/v2\/posts\/1672\/revisions"}],"predecessor-version":[{"id":1675,"href":"https:\/\/www.confederaciondelcobre.cl\/index.php\/wp-json\/wp\/v2\/posts\/1672\/revisions\/1675"}],"wp:featuredmedia":[{"embeddable":true,"href":"https:\/\/www.confederaciondelcobre.cl\/index.php\/wp-json\/wp\/v2\/media\/1673"}],"wp:attachment":[{"href":"https:\/\/www.confederaciondelcobre.cl\/index.php\/wp-json\/wp\/v2\/media?parent=1672"}],"wp:term":[{"taxonomy":"category","embeddable":true,"href":"https:\/\/www.confederaciondelcobre.cl\/index.php\/wp-json\/wp\/v2\/categories?post=1672"},{"taxonomy":"post_tag","embeddable":true,"href":"https:\/\/www.confederaciondelcobre.cl\/index.php\/wp-json\/wp\/v2\/tags?post=1672"}],"curies":[{"name":"wp","href":"https:\/\/api.w.org\/{rel}","templated":true}]}}