{"id":1680,"date":"2021-01-07T12:00:55","date_gmt":"2021-01-07T12:00:55","guid":{"rendered":"https:\/\/www.confederaciondelcobre.cl\/?p=1680"},"modified":"2021-06-09T23:42:43","modified_gmt":"2021-06-09T23:42:43","slug":"sindicato-se-moviliza-ante-incumplimiento-y-no-pago-de-empresa-salfa","status":"publish","type":"post","link":"https:\/\/www.confederaciondelcobre.cl\/index.php\/2021\/01\/07\/sindicato-se-moviliza-ante-incumplimiento-y-no-pago-de-empresa-salfa\/","title":{"rendered":"Sindicato se moviliza ante incumplimiento y no pago de Empresa Salfa."},"content":{"rendered":"\n<p>En una importante acci\u00f3n de unidad, socios del Sindicato de Trabajadores Fenix 2.0 de Empresa Salfa, Establecimiento Chancado 2 y 3 Chuquicamata, se movilizaron en repudio por el no cumplimiento de contrato individual de trabajo por parte de la Empresa Salfa. Lo anterior en relaci\u00f3n al no pago del vi\u00e1tico correspondiente a los meses de octubre y noviembre reci\u00e9n pasados.<\/p>\n\n\n\n<p>El conflicto se produjo a partir de la decisi\u00f3n unilateral de la empresa Salfa de no seguir pagando a los trabajadores el mencionado vi\u00e1tico que, reiteramos, est\u00e1 establecido en el contrato individual de trabajo. Es ante dicha situaci\u00f3n, entonces, que el Sindicato hizo la denuncia ante la Inspecci\u00f3n del Trabajo de la Provincia El Loa consiguiendo que esta (la Inspecci\u00f3n) constatara la falta por parte de la empresa y solicitara que el pago se hiciera efectivo. La empresa (Salfa), por su parte, y ante la solicitud de la Inspecci\u00f3n Provincial asumi\u00f3 el compromiso de pagar los vi\u00e1ticos adeudados. Dicho compromiso, cabe destacar, consta en un documento que la propia Inspecci\u00f3n envi\u00f3 a los dirigentes del Sindicato, en donde se\u00f1ala que la empresa se compromete al pago de estos en el mes de diciembre.<\/p>\n\n\n\n<p>Seg\u00fan indican los dirigentes del Sindicato; la empresa no se hab\u00eda vuelto a pronunciar al respecto, y llegado el mes de diciembre tampoco cumpli\u00f3 con el compromiso adquirido en el proceso de comparecencia de la empresa ante la Inspecci\u00f3n del trabajo. Es as\u00ed, entonces, que ante el incumplimiento, calificado por los trabajadores socios de este Sindicato como algo grave, es que decidieron tomar una acci\u00f3n de visibilizaci\u00f3n y reclamo contra la empresa para que esta se reuniera con los dirigentes a resolver la situaci\u00f3n que les aquejaba. La acci\u00f3n realizada consisti\u00f3 en bajarse de los buses que los trasladaba a la faena de Chuquicamata y manifestarse frente al edificio corporativo de Codelco en Calama.<\/p>\n\n\n\n<p>La acci\u00f3n finalmente tuvo respuesta por parte de la empresa que accedi\u00f3 a conversar con los trabajadores que se manifestaban, tomando el compromiso de reunirse con los dirigentes a fin de resolver la situaci\u00f3n.<\/p>\n\n\n\n<p>Yerko Barraza, Presidente del Sindicato, lament\u00f3 tener que llegar a estas instancias para poder resolver un tema que viene arrastr\u00e1ndose desde octubre, pero a la vez se manifest\u00f3 satisfecho ya que la respuesta de los socios y el apoyo fue muy importante para lograr que la empresa quisiera tocar el tema de una vez por todas y buscar soluciones. Se\u00f1al\u00f3, adem\u00e1s, que la reuni\u00f3n fue una instancia que pudo desarrollarse de forma tranquila, en donde la empresa manifest\u00f3 su voluntad de resolver el leg\u00edtimo reclamo de los trabajadores, para lo cual programaron una nueva reuni\u00f3n para el pr\u00f3ximo lunes 11 del presente en donde se presentar\u00e1n propuestas para buscar el entendimiento entre trabajadores y empresa.<\/p>\n\n\n\n<p>Por su parte Raul Fuentes, Tesorero del Sindicato, tambi\u00e9n agradeci\u00f3 la participaci\u00f3n activa de los socios del Sindicato y el apoyo a las gestiones de la directiva, lo que ha permitido lograr que la empresa los escuche y as\u00ed mejorar las relaciones entre partes, agregando que el Sindicato no renunciar\u00e1 a la defensa de los derechos de sus asociados, ya sea por acciones intencionadas, errores u omisiones por parte de la empresa.<\/p>\n\n\n\n<p>Finalmente, Germ\u00e1n Becerra, Secretario del Sindicato, tambi\u00e9n agradeci\u00f3 el apoyo de los socios y espera que las reuniones que se vienen con la empresa realmente ayuden, no solo a resolver la contingencia sino tambi\u00e9n a instaurar relaciones de buena convivencia con la administraci\u00f3n y gerencias, entendiendo que el di\u00e1logo es el primer camino que siempre ha buscado el Sindicato.<\/p>\n","protected":false},"excerpt":{"rendered":"<p>En una importante acci\u00f3n de unidad, socios del Sindicato de Trabajadores Fenix 2.0 de Empresa Salfa, Establecimiento Chancado 2 y 3 Chuquicamata, se movilizaron en repudio por el no cumplimiento &hellip; <\/p>\n","protected":false},"author":2,"featured_media":1681,"comment_status":"closed","ping_status":"closed","sticky":false,"template":"","format":"standard","meta":{"jetpack_post_was_ever_published":false,"_jetpack_newsletter_access":"","_jetpack_dont_email_post_to_subs":false,"_jetpack_newsletter_tier_id":0,"_jetpack_memberships_contains_paywalled_content":false,"_jetpack_memberships_contains_paid_content":false,"footnotes":"","jetpack_publicize_message":"","jetpack_publicize_feature_enabled":true,"jetpack_social_post_already_shared":false,"jetpack_social_options":{"image_generator_settings":{"template":"highway","default_image_id":0,"enabled":false},"version":2}},"categories":[9,21,17,19],"tags":[],"class_list":["post-1680","post","type-post","status-publish","format-standard","has-post-thumbnail","hentry","category-confederacion","category-federaciones","category-regiones","category-trabajadores"],"jetpack_publicize_connections":[],"jetpack_featured_media_url":"https:\/\/www.confederaciondelcobre.cl\/wp-content\/uploads\/2021\/06\/Salfa.jpg","jetpack_sharing_enabled":true,"post_mailing_queue_ids":[],"_links":{"self":[{"href":"https:\/\/www.confederaciondelcobre.cl\/index.php\/wp-json\/wp\/v2\/posts\/1680","targetHints":{"allow":["GET"]}}],"collection":[{"href":"https:\/\/www.confederaciondelcobre.cl\/index.php\/wp-json\/wp\/v2\/posts"}],"about":[{"href":"https:\/\/www.confederaciondelcobre.cl\/index.php\/wp-json\/wp\/v2\/types\/post"}],"author":[{"embeddable":true,"href":"https:\/\/www.confederaciondelcobre.cl\/index.php\/wp-json\/wp\/v2\/users\/2"}],"replies":[{"embeddable":true,"href":"https:\/\/www.confederaciondelcobre.cl\/index.php\/wp-json\/wp\/v2\/comments?post=1680"}],"version-history":[{"count":1,"href":"https:\/\/www.confederaciondelcobre.cl\/index.php\/wp-json\/wp\/v2\/posts\/1680\/revisions"}],"predecessor-version":[{"id":1682,"href":"https:\/\/www.confederaciondelcobre.cl\/index.php\/wp-json\/wp\/v2\/posts\/1680\/revisions\/1682"}],"wp:featuredmedia":[{"embeddable":true,"href":"https:\/\/www.confederaciondelcobre.cl\/index.php\/wp-json\/wp\/v2\/media\/1681"}],"wp:attachment":[{"href":"https:\/\/www.confederaciondelcobre.cl\/index.php\/wp-json\/wp\/v2\/media?parent=1680"}],"wp:term":[{"taxonomy":"category","embeddable":true,"href":"https:\/\/www.confederaciondelcobre.cl\/index.php\/wp-json\/wp\/v2\/categories?post=1680"},{"taxonomy":"post_tag","embeddable":true,"href":"https:\/\/www.confederaciondelcobre.cl\/index.php\/wp-json\/wp\/v2\/tags?post=1680"}],"curies":[{"name":"wp","href":"https:\/\/api.w.org\/{rel}","templated":true}]}}