{"id":1683,"date":"2021-01-08T12:00:02","date_gmt":"2021-01-08T12:00:02","guid":{"rendered":"https:\/\/www.confederaciondelcobre.cl\/?p=1683"},"modified":"2021-06-09T23:52:43","modified_gmt":"2021-06-09T23:52:43","slug":"fallecimiento-por-covid-19-de-joven-trabajadora-de-quebrada-blanca-2","status":"publish","type":"post","link":"https:\/\/www.confederaciondelcobre.cl\/index.php\/2021\/01\/08\/fallecimiento-por-covid-19-de-joven-trabajadora-de-quebrada-blanca-2\/","title":{"rendered":"Fallecimiento por COVID-19 de joven trabajadora de Quebrada Blanca 2."},"content":{"rendered":"\n<p>Ante el sensible fallecimiento el d\u00eda 03 de enero de una trabajadora de la empresa Aramark, empresa contratista del Proyecto Quebrada Blanca 2, y que se desempe\u00f1aba como auxiliar de casino en la l\u00ednea del Comedor Perif\u00e9rico Operaciones Mina, la Confederaci\u00f3n de Trabajadores del Cobre (CTC), en conjunto con su brazo org\u00e1nico en el territorio, la Federaci\u00f3n Minera del Norte (FEMINORT); comunica:<\/p>\n\n\n\n<p>La trabajadora, de iniciales A.M.J, y seg\u00fan comunicado de la Compa\u00f1\u00eda Minera TECK del 04 de enero, se encontraba en su puesto de trabajo cuando present\u00f3 problemas respiratorios. Es en esa circunstancia \u2014informa la Compa\u00f1\u00eda\u2014&nbsp; que fue trasladada a la Cl\u00ednica Tarapac\u00e1 en Iquique, pero que debido al agravamiento de su cuadro, su traslado fue desviado al Policl\u00ednico de Pozo Almonte.<\/p>\n\n\n\n<p>Versiones de compa\u00f1eras y compa\u00f1eros de trabajo, se\u00f1alan que la joven trabajadora ya ven\u00eda presentando s\u00edntomas de su afecci\u00f3n hace algunos d\u00edas, y que solo cuando su estado se volvi\u00f3 cr\u00edtico la trasladaron al Policl\u00ednico de Quebrada Blanca, para acto seguido devolverla a su puesto de trabajo. Luego, cuando su cuadro solo empeoraba, la llevaron a su habitaci\u00f3n del campamento donde ya la situaci\u00f3n se torn\u00f3 aguda. Fue all\u00ed y solo en ese momento, entonces, que la empresa decidi\u00f3 trasladarla desde la faena a la Cl\u00ednica Tarapac\u00e1 cuando, finalmente, en el trayecto que desvi\u00f3 su ruta hacia Pozo Almone y seg\u00fan el parte policial, ocurri\u00f3 el desenlace que hoy las y los trabajadores lamentamos.<\/p>\n\n\n\n<p>La Compa\u00f1\u00eda Minera TECK, por su parte, y ya habi\u00e9ndose confirmado PCR positivo el 04 de enero, en comunicado con misma fecha, inform\u00f3 que las causas del fallecimiento de A.M.J. a\u00fan no hab\u00edan sido establecidas pero que sin embargo y de manera proactiva se activaron los protocolos COVID-19, que implicar\u00eda ex\u00e1menes PCR y traslado a residencias sanitarias a quienes han sido considerados como contacto estrecho (personal de traslado de ambulancia, grupo de trabajo).<\/p>\n\n\n\n<p>La Confederaci\u00f3n de Trabajadores del Cobre, ante todo, env\u00eda sus m\u00e1s sentidas condolencias a las y los familiares de la joven trabajadora A.M.J., como tambi\u00e9n a sus compa\u00f1eras y compa\u00f1eros de trabajo, que en su gran mayor\u00eda son mujeres que se ven expuestas a un brutal sobreesfuerzo laboral y bajas remuneraciones. Nuestra organizaci\u00f3n es en\u00e9rgica en condenar el negligente actuar de la Compa\u00f1\u00eda Minera TECK y de todos quienes resulten responsables. Tambi\u00e9n hacemos un llamado a las autoridades competentes para esclarecer a la brevedad los hechos y sancionar a los&nbsp;responsables.&nbsp;<\/p>\n\n\n\n<p>Nuestra organizaci\u00f3n, finalmente, condena el actuar de TECK, pues ha quedado en evidencia una vez m\u00e1s que existen trabajadores de primera, segunda y tercera categor\u00eda. Sabido es que en temas de&nbsp;salud y seguridad en el trabajo, en las diferentes mineras, no se realiza el mismo protocolo para un trabajador contratista y un trabajador de la compa\u00f1\u00eda. Lo anterior, adem\u00e1s, considerando que se trabaja a mas de 4.500 metros de altura sobre el nivel del mar, expuestos a temperaturas extremas, donde la falta oxigeno, el polvo de s\u00edlice, trastornos del sue\u00f1o y metabolismo producto del r\u00e9gimen de largos turnos de trabajo y otras enfermedades, sumadas a la incertidumbre de si van a volver sanos o no a ver a sus familias, solo reafirma lo que siempre hemos condenado. No puede seguir existiendo este tipo de discriminaci\u00f3n, sea en seguridad y salud, en sus puestos de trabajo, como tambi\u00e9n en t\u00e9rminos salariales entre quienes trabajan para la empresa mandante y aquellas y aquellos que lo hacen para las empresas&nbsp; contratistas y subcontratistas.<\/p>\n","protected":false},"excerpt":{"rendered":"<p>Ante el sensible fallecimiento el d\u00eda 03 de enero de una trabajadora de la empresa Aramark, empresa contratista del Proyecto Quebrada Blanca 2, y que se desempe\u00f1aba como auxiliar de &hellip; <\/p>\n","protected":false},"author":2,"featured_media":1684,"comment_status":"closed","ping_status":"closed","sticky":false,"template":"","format":"standard","meta":{"jetpack_post_was_ever_published":false,"_jetpack_newsletter_access":"","_jetpack_dont_email_post_to_subs":false,"_jetpack_newsletter_tier_id":0,"_jetpack_memberships_contains_paywalled_content":false,"_jetpack_memberships_contains_paid_content":false,"footnotes":"","jetpack_publicize_message":"","jetpack_publicize_feature_enabled":true,"jetpack_social_post_already_shared":false,"jetpack_social_options":{"image_generator_settings":{"template":"highway","default_image_id":0,"enabled":false},"version":2}},"categories":[9,21,22,19],"tags":[],"class_list":["post-1683","post","type-post","status-publish","format-standard","has-post-thumbnail","hentry","category-confederacion","category-federaciones","category-feminort","category-trabajadores"],"jetpack_publicize_connections":[],"jetpack_featured_media_url":"https:\/\/www.confederaciondelcobre.cl\/wp-content\/uploads\/2021\/06\/Casino.jpg","jetpack_sharing_enabled":true,"post_mailing_queue_ids":[],"_links":{"self":[{"href":"https:\/\/www.confederaciondelcobre.cl\/index.php\/wp-json\/wp\/v2\/posts\/1683","targetHints":{"allow":["GET"]}}],"collection":[{"href":"https:\/\/www.confederaciondelcobre.cl\/index.php\/wp-json\/wp\/v2\/posts"}],"about":[{"href":"https:\/\/www.confederaciondelcobre.cl\/index.php\/wp-json\/wp\/v2\/types\/post"}],"author":[{"embeddable":true,"href":"https:\/\/www.confederaciondelcobre.cl\/index.php\/wp-json\/wp\/v2\/users\/2"}],"replies":[{"embeddable":true,"href":"https:\/\/www.confederaciondelcobre.cl\/index.php\/wp-json\/wp\/v2\/comments?post=1683"}],"version-history":[{"count":1,"href":"https:\/\/www.confederaciondelcobre.cl\/index.php\/wp-json\/wp\/v2\/posts\/1683\/revisions"}],"predecessor-version":[{"id":1685,"href":"https:\/\/www.confederaciondelcobre.cl\/index.php\/wp-json\/wp\/v2\/posts\/1683\/revisions\/1685"}],"wp:featuredmedia":[{"embeddable":true,"href":"https:\/\/www.confederaciondelcobre.cl\/index.php\/wp-json\/wp\/v2\/media\/1684"}],"wp:attachment":[{"href":"https:\/\/www.confederaciondelcobre.cl\/index.php\/wp-json\/wp\/v2\/media?parent=1683"}],"wp:term":[{"taxonomy":"category","embeddable":true,"href":"https:\/\/www.confederaciondelcobre.cl\/index.php\/wp-json\/wp\/v2\/categories?post=1683"},{"taxonomy":"post_tag","embeddable":true,"href":"https:\/\/www.confederaciondelcobre.cl\/index.php\/wp-json\/wp\/v2\/tags?post=1683"}],"curies":[{"name":"wp","href":"https:\/\/api.w.org\/{rel}","templated":true}]}}