{"id":1686,"date":"2021-01-20T12:00:46","date_gmt":"2021-01-20T12:00:46","guid":{"rendered":"https:\/\/www.confederaciondelcobre.cl\/?p=1686"},"modified":"2021-06-09T23:57:19","modified_gmt":"2021-06-09T23:57:19","slug":"por-fallecimiento-de-trabajador-por-covid-ctc-se-reune-con-sernageomin-para-denunciar-nula-trazabilidad-y-falencias-en-protocolos-sanitarios","status":"publish","type":"post","link":"https:\/\/www.confederaciondelcobre.cl\/index.php\/2021\/01\/20\/por-fallecimiento-de-trabajador-por-covid-ctc-se-reune-con-sernageomin-para-denunciar-nula-trazabilidad-y-falencias-en-protocolos-sanitarios\/","title":{"rendered":"Por fallecimiento de trabajador por Covid, CTC se re\u00fane con SERNAGEOMIN para denunciar nula trazabilidad y falencias en protocolos sanitarios."},"content":{"rendered":"\n<p>En la tarde de ayer, Manuel Ahumada, Presidente de la Confederaci\u00f3n de Trabajadores del Cobre (CTC), junto con Francisco Cabezas, Director Nacional Encargado Jur\u00eddico de la CTC y Presidente de la Federaci\u00f3n Minera del Norte (FEMINORT, que es brazo org\u00e1nico de la CTC en la regi\u00f3n de Tarapac\u00e1), sostuvieron una reuni\u00f3n telem\u00e1tica con el Director Nacional, el Director Regional y el Subdirector del SERNAGEOMIN (Servicio Nacional de Geolog\u00eda y Miner\u00eda de Chile).<\/p>\n\n\n\n<p><strong>La instancia, desarrollada a prop\u00f3sito del fallecimiento por Covid-19 del trabajador Gutemberg Quito Flores&nbsp;<\/strong>(socio del Sindicato Alinorte N\u00ba2, afiliado a la CTC y que trabajaba para la empresa mandante K+S)<strong>, tuvo por asunto&nbsp;denunciar \u2014nuevamente\u2014 la nula trazabilidad de los contagios en la industria, como tambi\u00e9n la no implementaci\u00f3n de protocolos sanitarios adecuados.<\/strong><\/p>\n\n\n\n<p>Desde el comienzo de la pandemia, la CTC ha venido advirtiendo y denunciando innumerables falencias en el sistema de prevenci\u00f3n y control de contagios en la miner\u00eda. Nuestros Sindicatos y Federaciones han hecho todo cuanto los canales formales disponen para tales efectos, pero en muchas oportunidades las respuestas han sido, o insatisfactorias o derechamente no ha habido respuesta. La situaci\u00f3n, entre contagios y fallecidos, solo ha ido empeorando y a\u00fan no se toman medidas de mitigaci\u00f3n y control sanitario adecuados, donde se considere&nbsp;<strong>\u2014<\/strong>por razones obvias, insistimos<strong>\u2014<\/strong>&nbsp;la palabra de las y los trabajadores.<\/p>\n\n\n\n<p>Finalmente, desde la Confederaci\u00f3n de Trabajadores del Cobre enviamos nuestras m\u00e1s sentidas condolencias a las y los compa\u00f1eros de Gutemberg Quito Flores, especialmente, en este duro momento, a su familia y amigos.<\/p>\n","protected":false},"excerpt":{"rendered":"<p>En la tarde de ayer, Manuel Ahumada, Presidente de la Confederaci\u00f3n de Trabajadores del Cobre (CTC), junto con Francisco Cabezas, Director Nacional Encargado Jur\u00eddico de la CTC y Presidente de &hellip; <\/p>\n","protected":false},"author":2,"featured_media":1687,"comment_status":"closed","ping_status":"closed","sticky":false,"template":"","format":"standard","meta":{"jetpack_post_was_ever_published":false,"_jetpack_newsletter_access":"","_jetpack_dont_email_post_to_subs":false,"_jetpack_newsletter_tier_id":0,"_jetpack_memberships_contains_paywalled_content":false,"_jetpack_memberships_contains_paid_content":false,"footnotes":"","jetpack_publicize_message":"","jetpack_publicize_feature_enabled":true,"jetpack_social_post_already_shared":false,"jetpack_social_options":{"image_generator_settings":{"template":"highway","default_image_id":0,"enabled":false},"version":2}},"categories":[9,21,22,19],"tags":[],"class_list":["post-1686","post","type-post","status-publish","format-standard","has-post-thumbnail","hentry","category-confederacion","category-federaciones","category-feminort","category-trabajadores"],"jetpack_publicize_connections":[],"jetpack_featured_media_url":"https:\/\/www.confederaciondelcobre.cl\/wp-content\/uploads\/2021\/06\/ReuSernageomin.jpg","jetpack_sharing_enabled":true,"post_mailing_queue_ids":[],"_links":{"self":[{"href":"https:\/\/www.confederaciondelcobre.cl\/index.php\/wp-json\/wp\/v2\/posts\/1686","targetHints":{"allow":["GET"]}}],"collection":[{"href":"https:\/\/www.confederaciondelcobre.cl\/index.php\/wp-json\/wp\/v2\/posts"}],"about":[{"href":"https:\/\/www.confederaciondelcobre.cl\/index.php\/wp-json\/wp\/v2\/types\/post"}],"author":[{"embeddable":true,"href":"https:\/\/www.confederaciondelcobre.cl\/index.php\/wp-json\/wp\/v2\/users\/2"}],"replies":[{"embeddable":true,"href":"https:\/\/www.confederaciondelcobre.cl\/index.php\/wp-json\/wp\/v2\/comments?post=1686"}],"version-history":[{"count":1,"href":"https:\/\/www.confederaciondelcobre.cl\/index.php\/wp-json\/wp\/v2\/posts\/1686\/revisions"}],"predecessor-version":[{"id":1688,"href":"https:\/\/www.confederaciondelcobre.cl\/index.php\/wp-json\/wp\/v2\/posts\/1686\/revisions\/1688"}],"wp:featuredmedia":[{"embeddable":true,"href":"https:\/\/www.confederaciondelcobre.cl\/index.php\/wp-json\/wp\/v2\/media\/1687"}],"wp:attachment":[{"href":"https:\/\/www.confederaciondelcobre.cl\/index.php\/wp-json\/wp\/v2\/media?parent=1686"}],"wp:term":[{"taxonomy":"category","embeddable":true,"href":"https:\/\/www.confederaciondelcobre.cl\/index.php\/wp-json\/wp\/v2\/categories?post=1686"},{"taxonomy":"post_tag","embeddable":true,"href":"https:\/\/www.confederaciondelcobre.cl\/index.php\/wp-json\/wp\/v2\/tags?post=1686"}],"curies":[{"name":"wp","href":"https:\/\/api.w.org\/{rel}","templated":true}]}}