{"id":1689,"date":"2021-01-20T12:30:41","date_gmt":"2021-01-20T12:30:41","guid":{"rendered":"https:\/\/www.confederaciondelcobre.cl\/?p=1689"},"modified":"2021-06-10T00:05:35","modified_gmt":"2021-06-10T00:05:35","slug":"derechos-laborales-organizacion-y-trabajo-en-el-campamento-flor-de-poblacion-de-alto-hospicio","status":"publish","type":"post","link":"https:\/\/www.confederaciondelcobre.cl\/index.php\/2021\/01\/20\/derechos-laborales-organizacion-y-trabajo-en-el-campamento-flor-de-poblacion-de-alto-hospicio\/","title":{"rendered":"Derechos laborales, organizaci\u00f3n y trabajo en el Campamento Flor de Poblaci\u00f3n de Alto Hospicio."},"content":{"rendered":"\n<p>El d\u00eda de ayer martes 19, entre una serie de reuniones y actividades sindicales propias de la organizaci\u00f3n, Manuel Ahumada, Presidente de la Confederaci\u00f3n de Trabajadores del Cobre (CTC), en conjunto con Ana Lamas, Secretaria General; y Francisco Cabezas, Director Nacional Encargado Jur\u00eddico, visitaron el Campamento&nbsp;<em>Flor de Poblaci\u00f3n<\/em>&nbsp;en la ciudad y comuna multicultural de Alto Hospicio, en la regi\u00f3n de Tarapac\u00e1.<\/p>\n\n\n\n<p>Acompa\u00f1ados de Angela Popo Mej\u00edas, dirigenta del Campamento Flor de Poblaci\u00f3n; y Lorena Zambrano, quien es dirigenta de la Asamblea Abierta de Migrantes y Promigrantes de Tarapac\u00e1 (AMPRO) y tambi\u00e9n del Centro Social y Cultural de la Rep\u00fablica del Ecuador, abordaron asuntos laborales y sindicales con la comunidad de vecinas y vecinos, que en parte est\u00e1 compuesta por trabajadoras que adem\u00e1s son socias de la CTC. En la oportunidad, cabe destacar, se avanz\u00f3 en la idea-propuesta llevada en la visita anterior, que consiste en desarrollar capacitaciones a trav\u00e9s de un programa de Certificaci\u00f3n de Competencias Laborales\u00a0<em><a rel=\"noreferrer noopener\" aria-label=\" (abrir en una nueva pesta\u00f1a)\" href=\"https:\/\/www.confederaciondelcobre.cl\/index.php\/2020\/12\/24\/dirigentes-de-la-ctc-en-conmemoracion-de-los-113-anos-de-la-matanza-en-la-escuela-santa-maria-de-iquique\/\" target=\"_blank\">(ver publicaci\u00f3n relacionada haciendo click aqu\u00ed)<\/a>,<\/em>\u00a0que ser\u00edan un importante complemento a los variados proyectos que la comunidad ya est\u00e1 llevando adelante en el propio campamento.<\/p>\n\n\n\n<ul class=\"wp-block-gallery columns-3 is-cropped wp-block-gallery-1 is-layout-flex wp-block-gallery-is-layout-flex\"><li class=\"blocks-gallery-item\"><figure><img loading=\"lazy\" decoding=\"async\" width=\"800\" height=\"600\" src=\"https:\/\/www.confederaciondelcobre.cl\/wp-content\/uploads\/2021\/06\/1.jpg\" alt=\"\" data-id=\"1691\" data-link=\"https:\/\/www.confederaciondelcobre.cl\/?attachment_id=1691\" class=\"wp-image-1691\" srcset=\"https:\/\/www.confederaciondelcobre.cl\/wp-content\/uploads\/2021\/06\/1.jpg 800w, https:\/\/www.confederaciondelcobre.cl\/wp-content\/uploads\/2021\/06\/1-300x225.jpg 300w, https:\/\/www.confederaciondelcobre.cl\/wp-content\/uploads\/2021\/06\/1-768x576.jpg 768w\" sizes=\"auto, (max-width: 800px) 100vw, 800px\" \/><\/figure><\/li><li class=\"blocks-gallery-item\"><figure><img loading=\"lazy\" decoding=\"async\" width=\"800\" height=\"600\" src=\"https:\/\/www.confederaciondelcobre.cl\/wp-content\/uploads\/2021\/06\/2.jpg\" alt=\"\" data-id=\"1692\" data-link=\"https:\/\/www.confederaciondelcobre.cl\/?attachment_id=1692\" class=\"wp-image-1692\" srcset=\"https:\/\/www.confederaciondelcobre.cl\/wp-content\/uploads\/2021\/06\/2.jpg 800w, https:\/\/www.confederaciondelcobre.cl\/wp-content\/uploads\/2021\/06\/2-300x225.jpg 300w, https:\/\/www.confederaciondelcobre.cl\/wp-content\/uploads\/2021\/06\/2-768x576.jpg 768w\" sizes=\"auto, (max-width: 800px) 100vw, 800px\" \/><\/figure><\/li><li class=\"blocks-gallery-item\"><figure><img loading=\"lazy\" decoding=\"async\" width=\"800\" height=\"600\" src=\"https:\/\/www.confederaciondelcobre.cl\/wp-content\/uploads\/2021\/06\/3.jpg\" alt=\"\" data-id=\"1693\" data-link=\"https:\/\/www.confederaciondelcobre.cl\/?attachment_id=1693\" class=\"wp-image-1693\" srcset=\"https:\/\/www.confederaciondelcobre.cl\/wp-content\/uploads\/2021\/06\/3.jpg 800w, https:\/\/www.confederaciondelcobre.cl\/wp-content\/uploads\/2021\/06\/3-300x225.jpg 300w, https:\/\/www.confederaciondelcobre.cl\/wp-content\/uploads\/2021\/06\/3-768x576.jpg 768w\" sizes=\"auto, (max-width: 800px) 100vw, 800px\" \/><\/figure><\/li><li class=\"blocks-gallery-item\"><figure><img loading=\"lazy\" decoding=\"async\" width=\"1024\" height=\"768\" src=\"https:\/\/www.confederaciondelcobre.cl\/wp-content\/uploads\/2021\/06\/90fdb81e-60d8-427d-8eac-658d1c7810cd-1024x768.jpeg\" alt=\"\" data-id=\"1694\" data-link=\"https:\/\/www.confederaciondelcobre.cl\/?attachment_id=1694\" class=\"wp-image-1694\" srcset=\"https:\/\/www.confederaciondelcobre.cl\/wp-content\/uploads\/2021\/06\/90fdb81e-60d8-427d-8eac-658d1c7810cd-1024x768.jpeg 1024w, https:\/\/www.confederaciondelcobre.cl\/wp-content\/uploads\/2021\/06\/90fdb81e-60d8-427d-8eac-658d1c7810cd-300x225.jpeg 300w, https:\/\/www.confederaciondelcobre.cl\/wp-content\/uploads\/2021\/06\/90fdb81e-60d8-427d-8eac-658d1c7810cd-768x576.jpeg 768w, https:\/\/www.confederaciondelcobre.cl\/wp-content\/uploads\/2021\/06\/90fdb81e-60d8-427d-8eac-658d1c7810cd.jpeg 1280w\" sizes=\"auto, (max-width: 1024px) 100vw, 1024px\" \/><\/figure><\/li><li class=\"blocks-gallery-item\"><figure><img loading=\"lazy\" decoding=\"async\" width=\"1024\" height=\"768\" src=\"https:\/\/www.confederaciondelcobre.cl\/wp-content\/uploads\/2021\/06\/546dfa9f-bb91-4baf-bdad-29c15dc35a48-1024x768.jpeg\" alt=\"\" data-id=\"1695\" data-link=\"https:\/\/www.confederaciondelcobre.cl\/?attachment_id=1695\" class=\"wp-image-1695\" srcset=\"https:\/\/www.confederaciondelcobre.cl\/wp-content\/uploads\/2021\/06\/546dfa9f-bb91-4baf-bdad-29c15dc35a48-1024x768.jpeg 1024w, https:\/\/www.confederaciondelcobre.cl\/wp-content\/uploads\/2021\/06\/546dfa9f-bb91-4baf-bdad-29c15dc35a48-300x225.jpeg 300w, https:\/\/www.confederaciondelcobre.cl\/wp-content\/uploads\/2021\/06\/546dfa9f-bb91-4baf-bdad-29c15dc35a48-768x576.jpeg 768w, https:\/\/www.confederaciondelcobre.cl\/wp-content\/uploads\/2021\/06\/546dfa9f-bb91-4baf-bdad-29c15dc35a48.jpeg 1280w\" sizes=\"auto, (max-width: 1024px) 100vw, 1024px\" \/><\/figure><\/li><li class=\"blocks-gallery-item\"><figure><img loading=\"lazy\" decoding=\"async\" width=\"1024\" height=\"768\" src=\"https:\/\/www.confederaciondelcobre.cl\/wp-content\/uploads\/2021\/06\/961f8e3e-aaad-4b8b-8521-ddb1efc283b3-1024x768.jpeg\" alt=\"\" data-id=\"1696\" data-link=\"https:\/\/www.confederaciondelcobre.cl\/?attachment_id=1696\" class=\"wp-image-1696\" srcset=\"https:\/\/www.confederaciondelcobre.cl\/wp-content\/uploads\/2021\/06\/961f8e3e-aaad-4b8b-8521-ddb1efc283b3-1024x768.jpeg 1024w, https:\/\/www.confederaciondelcobre.cl\/wp-content\/uploads\/2021\/06\/961f8e3e-aaad-4b8b-8521-ddb1efc283b3-300x225.jpeg 300w, https:\/\/www.confederaciondelcobre.cl\/wp-content\/uploads\/2021\/06\/961f8e3e-aaad-4b8b-8521-ddb1efc283b3-768x576.jpeg 768w, https:\/\/www.confederaciondelcobre.cl\/wp-content\/uploads\/2021\/06\/961f8e3e-aaad-4b8b-8521-ddb1efc283b3.jpeg 1280w\" sizes=\"auto, (max-width: 1024px) 100vw, 1024px\" \/><\/figure><\/li><li class=\"blocks-gallery-item\"><figure><img loading=\"lazy\" decoding=\"async\" width=\"1024\" height=\"768\" src=\"https:\/\/www.confederaciondelcobre.cl\/wp-content\/uploads\/2021\/06\/2807765f-1b02-4605-a254-5bf0e4f7545d-1024x768.jpeg\" alt=\"\" data-id=\"1697\" data-link=\"https:\/\/www.confederaciondelcobre.cl\/?attachment_id=1697\" class=\"wp-image-1697\" srcset=\"https:\/\/www.confederaciondelcobre.cl\/wp-content\/uploads\/2021\/06\/2807765f-1b02-4605-a254-5bf0e4f7545d-1024x768.jpeg 1024w, https:\/\/www.confederaciondelcobre.cl\/wp-content\/uploads\/2021\/06\/2807765f-1b02-4605-a254-5bf0e4f7545d-300x225.jpeg 300w, https:\/\/www.confederaciondelcobre.cl\/wp-content\/uploads\/2021\/06\/2807765f-1b02-4605-a254-5bf0e4f7545d-768x576.jpeg 768w, https:\/\/www.confederaciondelcobre.cl\/wp-content\/uploads\/2021\/06\/2807765f-1b02-4605-a254-5bf0e4f7545d.jpeg 1280w\" sizes=\"auto, (max-width: 1024px) 100vw, 1024px\" \/><\/figure><\/li><li class=\"blocks-gallery-item\"><figure><img loading=\"lazy\" decoding=\"async\" width=\"1024\" height=\"768\" src=\"https:\/\/www.confederaciondelcobre.cl\/wp-content\/uploads\/2021\/06\/d6343eaf-580c-49c7-8f9b-6d0aa2912e5b-1024x768.jpeg\" alt=\"\" data-id=\"1698\" data-link=\"https:\/\/www.confederaciondelcobre.cl\/?attachment_id=1698\" class=\"wp-image-1698\" srcset=\"https:\/\/www.confederaciondelcobre.cl\/wp-content\/uploads\/2021\/06\/d6343eaf-580c-49c7-8f9b-6d0aa2912e5b-1024x768.jpeg 1024w, https:\/\/www.confederaciondelcobre.cl\/wp-content\/uploads\/2021\/06\/d6343eaf-580c-49c7-8f9b-6d0aa2912e5b-300x225.jpeg 300w, https:\/\/www.confederaciondelcobre.cl\/wp-content\/uploads\/2021\/06\/d6343eaf-580c-49c7-8f9b-6d0aa2912e5b-768x576.jpeg 768w, https:\/\/www.confederaciondelcobre.cl\/wp-content\/uploads\/2021\/06\/d6343eaf-580c-49c7-8f9b-6d0aa2912e5b.jpeg 1280w\" sizes=\"auto, (max-width: 1024px) 100vw, 1024px\" \/><\/figure><\/li><li class=\"blocks-gallery-item\"><figure><img loading=\"lazy\" decoding=\"async\" width=\"1024\" height=\"768\" src=\"https:\/\/www.confederaciondelcobre.cl\/wp-content\/uploads\/2021\/06\/de8019bd-66c2-4cc7-a567-8056462d44ee-1024x768.jpeg\" alt=\"\" data-id=\"1699\" data-link=\"https:\/\/www.confederaciondelcobre.cl\/?attachment_id=1699\" class=\"wp-image-1699\" srcset=\"https:\/\/www.confederaciondelcobre.cl\/wp-content\/uploads\/2021\/06\/de8019bd-66c2-4cc7-a567-8056462d44ee-1024x768.jpeg 1024w, https:\/\/www.confederaciondelcobre.cl\/wp-content\/uploads\/2021\/06\/de8019bd-66c2-4cc7-a567-8056462d44ee-300x225.jpeg 300w, https:\/\/www.confederaciondelcobre.cl\/wp-content\/uploads\/2021\/06\/de8019bd-66c2-4cc7-a567-8056462d44ee-768x576.jpeg 768w, https:\/\/www.confederaciondelcobre.cl\/wp-content\/uploads\/2021\/06\/de8019bd-66c2-4cc7-a567-8056462d44ee.jpeg 1280w\" sizes=\"auto, (max-width: 1024px) 100vw, 1024px\" \/><\/figure><\/li><\/ul>\n","protected":false},"excerpt":{"rendered":"<p>El d\u00eda de ayer martes 19, entre una serie de reuniones y actividades sindicales propias de la organizaci\u00f3n, Manuel Ahumada, Presidente de la Confederaci\u00f3n de Trabajadores del Cobre (CTC), en &hellip; <\/p>\n","protected":false},"author":2,"featured_media":1690,"comment_status":"closed","ping_status":"closed","sticky":false,"template":"","format":"standard","meta":{"jetpack_post_was_ever_published":false,"_jetpack_newsletter_access":"","_jetpack_dont_email_post_to_subs":false,"_jetpack_newsletter_tier_id":0,"_jetpack_memberships_contains_paywalled_content":false,"_jetpack_memberships_contains_paid_content":false,"footnotes":"","jetpack_publicize_message":"","jetpack_publicize_feature_enabled":true,"jetpack_social_post_already_shared":false,"jetpack_social_options":{"image_generator_settings":{"template":"highway","default_image_id":0,"enabled":false},"version":2}},"categories":[9,21,22,17,19],"tags":[],"class_list":["post-1689","post","type-post","status-publish","format-standard","has-post-thumbnail","hentry","category-confederacion","category-federaciones","category-feminort","category-regiones","category-trabajadores"],"jetpack_publicize_connections":[],"jetpack_featured_media_url":"https:\/\/www.confederaciondelcobre.cl\/wp-content\/uploads\/2021\/06\/FlorDePobl.jpg","jetpack_sharing_enabled":true,"post_mailing_queue_ids":[],"_links":{"self":[{"href":"https:\/\/www.confederaciondelcobre.cl\/index.php\/wp-json\/wp\/v2\/posts\/1689","targetHints":{"allow":["GET"]}}],"collection":[{"href":"https:\/\/www.confederaciondelcobre.cl\/index.php\/wp-json\/wp\/v2\/posts"}],"about":[{"href":"https:\/\/www.confederaciondelcobre.cl\/index.php\/wp-json\/wp\/v2\/types\/post"}],"author":[{"embeddable":true,"href":"https:\/\/www.confederaciondelcobre.cl\/index.php\/wp-json\/wp\/v2\/users\/2"}],"replies":[{"embeddable":true,"href":"https:\/\/www.confederaciondelcobre.cl\/index.php\/wp-json\/wp\/v2\/comments?post=1689"}],"version-history":[{"count":1,"href":"https:\/\/www.confederaciondelcobre.cl\/index.php\/wp-json\/wp\/v2\/posts\/1689\/revisions"}],"predecessor-version":[{"id":1700,"href":"https:\/\/www.confederaciondelcobre.cl\/index.php\/wp-json\/wp\/v2\/posts\/1689\/revisions\/1700"}],"wp:featuredmedia":[{"embeddable":true,"href":"https:\/\/www.confederaciondelcobre.cl\/index.php\/wp-json\/wp\/v2\/media\/1690"}],"wp:attachment":[{"href":"https:\/\/www.confederaciondelcobre.cl\/index.php\/wp-json\/wp\/v2\/media?parent=1689"}],"wp:term":[{"taxonomy":"category","embeddable":true,"href":"https:\/\/www.confederaciondelcobre.cl\/index.php\/wp-json\/wp\/v2\/categories?post=1689"},{"taxonomy":"post_tag","embeddable":true,"href":"https:\/\/www.confederaciondelcobre.cl\/index.php\/wp-json\/wp\/v2\/tags?post=1689"}],"curies":[{"name":"wp","href":"https:\/\/api.w.org\/{rel}","templated":true}]}}