{"id":1701,"date":"2021-01-21T00:00:15","date_gmt":"2021-01-21T00:00:15","guid":{"rendered":"https:\/\/www.confederaciondelcobre.cl\/?p=1701"},"modified":"2021-06-10T00:08:04","modified_gmt":"2021-06-10T00:08:04","slug":"se-posterga-tercera-version-del-festival-nelson-en-la-memoria","status":"publish","type":"post","link":"https:\/\/www.confederaciondelcobre.cl\/index.php\/2021\/01\/21\/se-posterga-tercera-version-del-festival-nelson-en-la-memoria\/","title":{"rendered":"Se posterga Tercera versi\u00f3n del Festival Nelson en la Memoria."},"content":{"rendered":"\n<p><strong>Comunicamos que la Tercera versi\u00f3n del&nbsp;<em>Festival Cultural Nelson en la Memoria<\/em>, junto con sus actividades relativas, ha tenido que ser nuevamente postergada<\/strong>. Esto debido al aumento de la propagaci\u00f3n y contagios por Covid-19 en la Regi\u00f3n de Atacama (lugar de su realizaci\u00f3n), particularmente en las ciudades de&nbsp;<strong>Diego de Almagro, Copiap\u00f3 y Tierra Amarilla, que desde el 14 de enero se encuentran en&nbsp;<em>Fase 2 del Plan Paso a Paso<\/em><\/strong>, impidi\u00e9ndose as\u00ed la realizaci\u00f3n de actividades que puedan significar mayor riesgo para la poblaci\u00f3n y salud p\u00fablica.<\/p>\n\n\n\n<ul class=\"wp-block-list\"><li><em>El Festival Cultural Nelson en la Memoria, que tiene lugar todos los a\u00f1os a partir del 2017, ya hab\u00eda sido postergado una primera vez el 2020, quedando sus fechas contempladas para los d\u00edas comprendidos entre el 22 y el 30 de febrero de este a\u00f1o. Hoy, y por los motivos ya expuestos, su realizaci\u00f3n nuevamente se posterga.<\/em><\/li><\/ul>\n\n\n\n<h3 class=\"wp-block-heading\">Con todo lo anterior, y si las condiciones sanitarias as\u00ed lo permiten, anunciamos que la Tercera versi\u00f3n del&nbsp;<em>Festival Cultural Nelson en la Memoria<\/em>&nbsp;estar\u00eda desarroll\u00e1ndose durante el mes de marzo del presente, y que su calendario de actividades ser\u00e1 comunicado oportunamente.<\/h3>\n\n\n\n<h3 class=\"wp-block-heading\">Cabe se\u00f1alar que las y los artistas que ya han enviado sus postulaciones, de acuerdo a las Bases del Festival, siguen siendo considerados para el proceso de selecci\u00f3n. La \u00fanica alteraci\u00f3n en el proceso, hasta ahora, dice relaci\u00f3n con el cambio de fecha del evento.<\/h3>\n\n\n\n<h3 class=\"wp-block-heading\">Finalmente recordamos y reiteramos el llamado a quienes a\u00fan no han hecho sus postulaciones, que pueden hacerlo solicitando las Bases al correo&nbsp;<em>contacto@confecobre.cl<\/em>.<\/h3>\n","protected":false},"excerpt":{"rendered":"<p>Comunicamos que la Tercera versi\u00f3n del&nbsp;Festival Cultural Nelson en la Memoria, junto con sus actividades relativas, ha tenido que ser nuevamente postergada. Esto debido al aumento de la propagaci\u00f3n y &hellip; <\/p>\n","protected":false},"author":2,"featured_media":1673,"comment_status":"closed","ping_status":"closed","sticky":false,"template":"","format":"standard","meta":{"jetpack_post_was_ever_published":false,"_jetpack_newsletter_access":"","_jetpack_dont_email_post_to_subs":false,"_jetpack_newsletter_tier_id":0,"_jetpack_memberships_contains_paywalled_content":false,"_jetpack_memberships_contains_paid_content":false,"footnotes":"","jetpack_publicize_message":"","jetpack_publicize_feature_enabled":true,"jetpack_social_post_already_shared":false,"jetpack_social_options":{"image_generator_settings":{"template":"highway","default_image_id":0,"enabled":false},"version":2}},"categories":[9,21,22,28,26,25,29,31,32],"tags":[],"class_list":["post-1701","post","type-post","status-publish","format-standard","has-post-thumbnail","hentry","category-confederacion","category-federaciones","category-feminort","category-fesal","category-fesamab","category-fesamav","category-fetramac","category-fetratec","category-nelson-quichillao"],"jetpack_publicize_connections":[],"jetpack_featured_media_url":"https:\/\/www.confederaciondelcobre.cl\/wp-content\/uploads\/2021\/06\/FestNEM.jpg","jetpack_sharing_enabled":true,"post_mailing_queue_ids":[],"_links":{"self":[{"href":"https:\/\/www.confederaciondelcobre.cl\/index.php\/wp-json\/wp\/v2\/posts\/1701","targetHints":{"allow":["GET"]}}],"collection":[{"href":"https:\/\/www.confederaciondelcobre.cl\/index.php\/wp-json\/wp\/v2\/posts"}],"about":[{"href":"https:\/\/www.confederaciondelcobre.cl\/index.php\/wp-json\/wp\/v2\/types\/post"}],"author":[{"embeddable":true,"href":"https:\/\/www.confederaciondelcobre.cl\/index.php\/wp-json\/wp\/v2\/users\/2"}],"replies":[{"embeddable":true,"href":"https:\/\/www.confederaciondelcobre.cl\/index.php\/wp-json\/wp\/v2\/comments?post=1701"}],"version-history":[{"count":1,"href":"https:\/\/www.confederaciondelcobre.cl\/index.php\/wp-json\/wp\/v2\/posts\/1701\/revisions"}],"predecessor-version":[{"id":1702,"href":"https:\/\/www.confederaciondelcobre.cl\/index.php\/wp-json\/wp\/v2\/posts\/1701\/revisions\/1702"}],"wp:featuredmedia":[{"embeddable":true,"href":"https:\/\/www.confederaciondelcobre.cl\/index.php\/wp-json\/wp\/v2\/media\/1673"}],"wp:attachment":[{"href":"https:\/\/www.confederaciondelcobre.cl\/index.php\/wp-json\/wp\/v2\/media?parent=1701"}],"wp:term":[{"taxonomy":"category","embeddable":true,"href":"https:\/\/www.confederaciondelcobre.cl\/index.php\/wp-json\/wp\/v2\/categories?post=1701"},{"taxonomy":"post_tag","embeddable":true,"href":"https:\/\/www.confederaciondelcobre.cl\/index.php\/wp-json\/wp\/v2\/tags?post=1701"}],"curies":[{"name":"wp","href":"https:\/\/api.w.org\/{rel}","templated":true}]}}