{"id":1715,"date":"2021-03-08T12:00:02","date_gmt":"2021-03-08T12:00:02","guid":{"rendered":"https:\/\/www.confederaciondelcobre.cl\/?p=1715"},"modified":"2021-06-10T01:25:57","modified_gmt":"2021-06-10T01:25:57","slug":"dia-internacional-de-la-mujer-trabajadora","status":"publish","type":"post","link":"https:\/\/www.confederaciondelcobre.cl\/index.php\/2021\/03\/08\/dia-internacional-de-la-mujer-trabajadora\/","title":{"rendered":"D\u00eda Internacional de la Mujer Trabajadora."},"content":{"rendered":"\n<p>Hoy 08 de marzo de 2021, cuando conmemoramos el D\u00eda Internacional de la Mujer Trabajadora, en honor a m\u00e1s de un centenar de obreras textiles que luchaban por mejores condiciones laborales en la ciudad de Nueva York (EE.UU), la Confederaci\u00f3n de Trabajadores del Cobre, organizaci\u00f3n nacional de las y los trabajadores contratistas y subcontratistas de la miner\u00eda nacional de Chile, saluda con admiraci\u00f3n, cari\u00f1o y respeto a las mujeres que est\u00e1n organizadas, unidas y  movilizadas por sus leg\u00edtimos derechos.  No nos cabe duda que vuestra lucha heroica y ejemplar, que hoy alcanza niveles de masividad hist\u00f3ricos, les permitir\u00e1 la definitiva emancipaci\u00f3n de la cultura y la institucionalidad machista que en Chile y en el mundo las ha discriminado y marginado por siglos.  Porque los derechos de la mujer trabajadora son justas demandas de la clase trabajadora en su conjunto, y porque s\u00f3lo con unidad, organizaci\u00f3n y lucha construiremos, por fin, una sociedad donde la humanidad sea libre, justa y solidaria, \u00a1Arriba las que luchan y no se rinden jam\u00e1s!<\/p>\n\n\n\n<div class=\"wp-block-image\"><figure class=\"aligncenter\"><img loading=\"lazy\" decoding=\"async\" width=\"640\" height=\"928\" src=\"https:\/\/www.confederaciondelcobre.cl\/wp-content\/uploads\/2021\/06\/8M.png\" alt=\"\" class=\"wp-image-1717\" srcset=\"https:\/\/www.confederaciondelcobre.cl\/wp-content\/uploads\/2021\/06\/8M.png 640w, https:\/\/www.confederaciondelcobre.cl\/wp-content\/uploads\/2021\/06\/8M-207x300.png 207w\" sizes=\"auto, (max-width: 640px) 100vw, 640px\" \/><\/figure><\/div>\n","protected":false},"excerpt":{"rendered":"<p>Hoy 08 de marzo de 2021, cuando conmemoramos el D\u00eda Internacional de la Mujer Trabajadora, en honor a m\u00e1s de un centenar de obreras textiles que luchaban por mejores condiciones &hellip; <\/p>\n","protected":false},"author":2,"featured_media":1716,"comment_status":"closed","ping_status":"closed","sticky":false,"template":"","format":"standard","meta":{"jetpack_post_was_ever_published":false,"_jetpack_newsletter_access":"","_jetpack_dont_email_post_to_subs":false,"_jetpack_newsletter_tier_id":0,"_jetpack_memberships_contains_paywalled_content":false,"_jetpack_memberships_contains_paid_content":false,"footnotes":"","jetpack_publicize_message":"","jetpack_publicize_feature_enabled":true,"jetpack_social_post_already_shared":false,"jetpack_social_options":{"image_generator_settings":{"template":"highway","default_image_id":0,"enabled":false},"version":2}},"categories":[9,21,22,28,26,25,29,31,13,14,15,19],"tags":[],"class_list":["post-1715","post","type-post","status-publish","format-standard","has-post-thumbnail","hentry","category-confederacion","category-federaciones","category-feminort","category-fesal","category-fesamab","category-fesamav","category-fetramac","category-fetratec","category-internacional","category-movimientos-sociales","category-nacional","category-trabajadores"],"jetpack_publicize_connections":[],"jetpack_featured_media_url":"https:\/\/www.confederaciondelcobre.cl\/wp-content\/uploads\/2021\/06\/08M.jpg","jetpack_sharing_enabled":true,"post_mailing_queue_ids":[],"_links":{"self":[{"href":"https:\/\/www.confederaciondelcobre.cl\/index.php\/wp-json\/wp\/v2\/posts\/1715","targetHints":{"allow":["GET"]}}],"collection":[{"href":"https:\/\/www.confederaciondelcobre.cl\/index.php\/wp-json\/wp\/v2\/posts"}],"about":[{"href":"https:\/\/www.confederaciondelcobre.cl\/index.php\/wp-json\/wp\/v2\/types\/post"}],"author":[{"embeddable":true,"href":"https:\/\/www.confederaciondelcobre.cl\/index.php\/wp-json\/wp\/v2\/users\/2"}],"replies":[{"embeddable":true,"href":"https:\/\/www.confederaciondelcobre.cl\/index.php\/wp-json\/wp\/v2\/comments?post=1715"}],"version-history":[{"count":2,"href":"https:\/\/www.confederaciondelcobre.cl\/index.php\/wp-json\/wp\/v2\/posts\/1715\/revisions"}],"predecessor-version":[{"id":1719,"href":"https:\/\/www.confederaciondelcobre.cl\/index.php\/wp-json\/wp\/v2\/posts\/1715\/revisions\/1719"}],"wp:featuredmedia":[{"embeddable":true,"href":"https:\/\/www.confederaciondelcobre.cl\/index.php\/wp-json\/wp\/v2\/media\/1716"}],"wp:attachment":[{"href":"https:\/\/www.confederaciondelcobre.cl\/index.php\/wp-json\/wp\/v2\/media?parent=1715"}],"wp:term":[{"taxonomy":"category","embeddable":true,"href":"https:\/\/www.confederaciondelcobre.cl\/index.php\/wp-json\/wp\/v2\/categories?post=1715"},{"taxonomy":"post_tag","embeddable":true,"href":"https:\/\/www.confederaciondelcobre.cl\/index.php\/wp-json\/wp\/v2\/tags?post=1715"}],"curies":[{"name":"wp","href":"https:\/\/api.w.org\/{rel}","templated":true}]}}