{"id":1720,"date":"2021-04-21T12:00:22","date_gmt":"2021-04-21T12:00:22","guid":{"rendered":"https:\/\/www.confederaciondelcobre.cl\/?p=1720"},"modified":"2021-06-10T01:32:49","modified_gmt":"2021-06-10T01:32:49","slug":"comunicadoctmin-acerca-de-la-crisis-actual","status":"publish","type":"post","link":"https:\/\/www.confederaciondelcobre.cl\/index.php\/2021\/04\/21\/comunicadoctmin-acerca-de-la-crisis-actual\/","title":{"rendered":"#ComunicadoCTMIN: \u201cAcerca de la crisis actual\u201d."},"content":{"rendered":"\n<p><strong>DECLARACI\u00d3N P\u00daBLICA ACERCA DE LA CRISIS ACTUAL<\/strong><\/p>\n\n\n\n<p>Abril 21 del 2021<\/p>\n\n\n\n<p>Ante la grave crisis social que afecta a nuestro pa\u00eds, y un gobierno que constantemente boicotea y reprime las leg\u00edtimas y urgentes necesidades de nuestro pueblo, las organizaciones de nivel superior de la miner\u00eda, organizadas en CTMIN, hemos acordado abandonar y romper cualquier espacio de relaciones con representantes de este gobierno.<\/p>\n\n\n\n<p>Pese al evidente desgaste y falta de legitimidad del gobierno, hab\u00edamos mantenido una mesa de trabajo en torno a las consecuencias de la pandemia, y aportar propuestas para mejorar la protecci\u00f3n de la salud y la seguridad de los trabajadores y trabajadoras tanto directos como contratistas de la mediana y la gran miner\u00eda.<\/p>\n\n\n\n<p>Seguiremos participando en las mesas que convoque el Colegio M\u00e9dico y sus estructuras regionales, y en esos espacios canalizaremos los planteamientos de nuestras bases.<\/p>\n\n\n\n<p>Al mismo tiempo, hemos acordado convocar a la familia minera a reflexionar, tomar conciencia y empatizar con el sentir de nuestro pueblo, que es el leg\u00edtimo due\u00f1o de las riquezas mineras que explotan las empresas privadas y estatales de las que somos parte.<\/p>\n\n\n\n<p>Estamos conscientes de las limitaciones que implica tanto la pandemia como las pol\u00edticas de control represivo y antisindical para hacer efectivas movilizaciones. No olvidemos que este gobierno ya ha invocado la Ley de Seguridad del Estado en contra de la dirigencia sindical minera en movilizaciones pasadas.<\/p>\n\n\n\n<p>Sin embargo, hacemos el llamado a convocar a las asambleas de bases a todo nivel y que se delibere acerca de cu\u00e1l es el rol que en este momento hist\u00f3rico de Chile nos corresponde jugar.<\/p>\n\n\n\n<p>Y, especialmente, a hijos y nietos, parejas, amigos, hermanos, primos y todos quienes forman parte de la familia minera, a poner este tema en el debate y sumarse a todas las movilizaciones ciudadanas que se convoquen para expresar el amplio malestar social que hoy recorre nuestro pa\u00eds.<\/p>\n\n\n\n<p>No podemos seguir pasivos ante un gobierno que abandona a su gente a consumir sus propios ahorros para enfrentar esta crisis mal administrada.<\/p>\n\n\n\n<p>Sabemos el impacto que en la econom\u00eda genera cualquier decisi\u00f3n que las asambleas acuerden hacer efectivas, pero nuestra responsabilidad como movimiento sindical es ser protagonistas de una solidaridad activa con las familias que sufren con la crisis.<\/p>\n\n\n\n<p>Adicionalmente, cada organizaci\u00f3n el marco de la autonom\u00eda sindical definir\u00e1 las formas espec\u00edficas en que participar\u00e1n en estas iniciativas y otras que definan.<\/p>\n\n\n\n<p>Porque s\u00ed nos importa Chile, somos parte de esta historia.<\/p>\n\n\n\n<p style=\"text-align:center\"><strong>Coordinadora de Trabajadoras y Trabajadores de la Miner\u00eda.<\/strong><\/p>\n\n\n\n<div class=\"wp-block-image\"><figure class=\"aligncenter\"><img loading=\"lazy\" decoding=\"async\" width=\"738\" height=\"1024\" src=\"https:\/\/www.confederaciondelcobre.cl\/wp-content\/uploads\/2021\/06\/COMUNICADO-738x1024.png\" alt=\"\" class=\"wp-image-1722\" srcset=\"https:\/\/www.confederaciondelcobre.cl\/wp-content\/uploads\/2021\/06\/COMUNICADO-738x1024.png 738w, https:\/\/www.confederaciondelcobre.cl\/wp-content\/uploads\/2021\/06\/COMUNICADO-216x300.png 216w, https:\/\/www.confederaciondelcobre.cl\/wp-content\/uploads\/2021\/06\/COMUNICADO-768x1066.png 768w, https:\/\/www.confederaciondelcobre.cl\/wp-content\/uploads\/2021\/06\/COMUNICADO.png 1080w\" sizes=\"auto, (max-width: 738px) 100vw, 738px\" \/><\/figure><\/div>\n","protected":false},"excerpt":{"rendered":"<p>DECLARACI\u00d3N P\u00daBLICA ACERCA DE LA CRISIS ACTUAL Abril 21 del 2021 Ante la grave crisis social que afecta a nuestro pa\u00eds, y un gobierno que constantemente boicotea y reprime las &hellip; <\/p>\n","protected":false},"author":2,"featured_media":1721,"comment_status":"closed","ping_status":"closed","sticky":false,"template":"","format":"standard","meta":{"jetpack_post_was_ever_published":false,"_jetpack_newsletter_access":"","_jetpack_dont_email_post_to_subs":false,"_jetpack_newsletter_tier_id":0,"_jetpack_memberships_contains_paywalled_content":false,"_jetpack_memberships_contains_paid_content":false,"footnotes":"","jetpack_publicize_message":"","jetpack_publicize_feature_enabled":true,"jetpack_social_post_already_shared":false,"jetpack_social_options":{"image_generator_settings":{"template":"highway","default_image_id":0,"enabled":false},"version":2}},"categories":[8,9,11,21,22,28,26,25,29,31,14,15,19],"tags":[],"class_list":["post-1720","post","type-post","status-publish","format-standard","has-post-thumbnail","hentry","category-comunicado","category-confederacion","category-ctmin","category-federaciones","category-feminort","category-fesal","category-fesamab","category-fesamav","category-fetramac","category-fetratec","category-movimientos-sociales","category-nacional","category-trabajadores"],"jetpack_publicize_connections":[],"jetpack_featured_media_url":"https:\/\/www.confederaciondelcobre.cl\/wp-content\/uploads\/2021\/06\/ComCTMIN.jpg","jetpack_sharing_enabled":true,"post_mailing_queue_ids":[],"_links":{"self":[{"href":"https:\/\/www.confederaciondelcobre.cl\/index.php\/wp-json\/wp\/v2\/posts\/1720","targetHints":{"allow":["GET"]}}],"collection":[{"href":"https:\/\/www.confederaciondelcobre.cl\/index.php\/wp-json\/wp\/v2\/posts"}],"about":[{"href":"https:\/\/www.confederaciondelcobre.cl\/index.php\/wp-json\/wp\/v2\/types\/post"}],"author":[{"embeddable":true,"href":"https:\/\/www.confederaciondelcobre.cl\/index.php\/wp-json\/wp\/v2\/users\/2"}],"replies":[{"embeddable":true,"href":"https:\/\/www.confederaciondelcobre.cl\/index.php\/wp-json\/wp\/v2\/comments?post=1720"}],"version-history":[{"count":1,"href":"https:\/\/www.confederaciondelcobre.cl\/index.php\/wp-json\/wp\/v2\/posts\/1720\/revisions"}],"predecessor-version":[{"id":1723,"href":"https:\/\/www.confederaciondelcobre.cl\/index.php\/wp-json\/wp\/v2\/posts\/1720\/revisions\/1723"}],"wp:featuredmedia":[{"embeddable":true,"href":"https:\/\/www.confederaciondelcobre.cl\/index.php\/wp-json\/wp\/v2\/media\/1721"}],"wp:attachment":[{"href":"https:\/\/www.confederaciondelcobre.cl\/index.php\/wp-json\/wp\/v2\/media?parent=1720"}],"wp:term":[{"taxonomy":"category","embeddable":true,"href":"https:\/\/www.confederaciondelcobre.cl\/index.php\/wp-json\/wp\/v2\/categories?post=1720"},{"taxonomy":"post_tag","embeddable":true,"href":"https:\/\/www.confederaciondelcobre.cl\/index.php\/wp-json\/wp\/v2\/tags?post=1720"}],"curies":[{"name":"wp","href":"https:\/\/api.w.org\/{rel}","templated":true}]}}