{"id":1724,"date":"2021-03-11T12:00:45","date_gmt":"2021-03-11T12:00:45","guid":{"rendered":"https:\/\/www.confederaciondelcobre.cl\/?p=1724"},"modified":"2021-06-10T01:36:57","modified_gmt":"2021-06-10T01:36:57","slug":"sindicato-de-trabajadores-fenix-2-0-de-la-empresa-salfa-establecimiento-chancado-2-y-3-de-chuquicamata-nuevamente-se-movilizan","status":"publish","type":"post","link":"https:\/\/www.confederaciondelcobre.cl\/index.php\/2021\/03\/11\/sindicato-de-trabajadores-fenix-2-0-de-la-empresa-salfa-establecimiento-chancado-2-y-3-de-chuquicamata-nuevamente-se-movilizan\/","title":{"rendered":"Sindicato de Trabajadores F\u00e9nix 2.0 de la Empresa Salfa Establecimiento Chancado 2 y 3 de Chuquicamata nuevamente se movilizan."},"content":{"rendered":"\n<p> El d\u00eda de ayer, mi\u00e9rcoles 10 de marzo, trabajadores socios del Sindicato de Trabajadores F\u00e9nix 2.0 de la Empresa Salfa Establecimiento Chancado 2 y 3 de Chuquicamata decidieron movilizarse. Esto en demanda del compromiso contractual adquirido por la empresa, incluso ante la propia Inspecci\u00f3n del Trabajo, en relaci\u00f3n a un vi\u00e1tico mensual que esta no pag\u00f3 en los meses de octubre y noviembre del a\u00f1o pasado, incluyendo diferencias de montos que se generaron a esta fecha. Durante la movilizaci\u00f3n de ayer los trabajadores nuevamente no hallaron voluntad de parte de la empresa, por lo que la acci\u00f3n de los socios del Sindicato, en una valiosa actitud de unidad, continu\u00f3 durante el turno de noche y la jornada de hoy logrando que la empresa Salfa se comprometiera \u2013nuevamente, y a trav\u00e9s del gerente General Gonzalo Mardones Pantoja- a pagar lo adeudado, pero esta vez en un plazo de 15 d\u00edas, adem\u00e1s de no descontar las horas en que los trabajadores y socios del Sindicato se mantuvieron movilizados. Del mismo modo, y junto con lo se\u00f1alado anteriormente, la empresa Salfa accedi\u00f3 al compromiso de establecer canales de comunicaci\u00f3n permanentes, algo que deber\u00eda ser normal en toda relaci\u00f3n laboral con los trabajadores y sus organizaciones, a fin de prever y resolver con anticipaci\u00f3n futuras diferencias y as\u00ed evitar que los trabajadores se vean \u2013nuevamente- empujados a la movilizaci\u00f3n. Es en ese sentido, entonces, de no cumplirse lo comprometido, trabajadores y dirigentes del Sindicato de Trabajadores F\u00e9nix 2.0 de la Empresa Salfa Establecimiento Chancado 2 y 3 de Chuquicamata no descartan eventuales y nuevas movilizaciones si sus derechos se ven vulnerados otra vez.<\/p>\n","protected":false},"excerpt":{"rendered":"<p>El d\u00eda de ayer, mi\u00e9rcoles 10 de marzo, trabajadores socios del Sindicato de Trabajadores F\u00e9nix 2.0 de la Empresa Salfa Establecimiento Chancado 2 y 3 de Chuquicamata decidieron movilizarse. Esto &hellip; <\/p>\n","protected":false},"author":2,"featured_media":1725,"comment_status":"closed","ping_status":"closed","sticky":false,"template":"","format":"standard","meta":{"jetpack_post_was_ever_published":false,"_jetpack_newsletter_access":"","_jetpack_dont_email_post_to_subs":false,"_jetpack_newsletter_tier_id":0,"_jetpack_memberships_contains_paywalled_content":false,"_jetpack_memberships_contains_paid_content":false,"footnotes":"","jetpack_publicize_message":"","jetpack_publicize_feature_enabled":true,"jetpack_social_post_already_shared":false,"jetpack_social_options":{"image_generator_settings":{"template":"highway","default_image_id":0,"enabled":false},"version":2}},"categories":[9,21,17,19],"tags":[],"class_list":["post-1724","post","type-post","status-publish","format-standard","has-post-thumbnail","hentry","category-confederacion","category-federaciones","category-regiones","category-trabajadores"],"jetpack_publicize_connections":[],"jetpack_featured_media_url":"https:\/\/www.confederaciondelcobre.cl\/wp-content\/uploads\/2021\/06\/SindSalf.jpg","jetpack_sharing_enabled":true,"post_mailing_queue_ids":[],"_links":{"self":[{"href":"https:\/\/www.confederaciondelcobre.cl\/index.php\/wp-json\/wp\/v2\/posts\/1724","targetHints":{"allow":["GET"]}}],"collection":[{"href":"https:\/\/www.confederaciondelcobre.cl\/index.php\/wp-json\/wp\/v2\/posts"}],"about":[{"href":"https:\/\/www.confederaciondelcobre.cl\/index.php\/wp-json\/wp\/v2\/types\/post"}],"author":[{"embeddable":true,"href":"https:\/\/www.confederaciondelcobre.cl\/index.php\/wp-json\/wp\/v2\/users\/2"}],"replies":[{"embeddable":true,"href":"https:\/\/www.confederaciondelcobre.cl\/index.php\/wp-json\/wp\/v2\/comments?post=1724"}],"version-history":[{"count":1,"href":"https:\/\/www.confederaciondelcobre.cl\/index.php\/wp-json\/wp\/v2\/posts\/1724\/revisions"}],"predecessor-version":[{"id":1726,"href":"https:\/\/www.confederaciondelcobre.cl\/index.php\/wp-json\/wp\/v2\/posts\/1724\/revisions\/1726"}],"wp:featuredmedia":[{"embeddable":true,"href":"https:\/\/www.confederaciondelcobre.cl\/index.php\/wp-json\/wp\/v2\/media\/1725"}],"wp:attachment":[{"href":"https:\/\/www.confederaciondelcobre.cl\/index.php\/wp-json\/wp\/v2\/media?parent=1724"}],"wp:term":[{"taxonomy":"category","embeddable":true,"href":"https:\/\/www.confederaciondelcobre.cl\/index.php\/wp-json\/wp\/v2\/categories?post=1724"},{"taxonomy":"post_tag","embeddable":true,"href":"https:\/\/www.confederaciondelcobre.cl\/index.php\/wp-json\/wp\/v2\/tags?post=1724"}],"curies":[{"name":"wp","href":"https:\/\/api.w.org\/{rel}","templated":true}]}}