{"id":1727,"date":"2021-04-21T12:42:22","date_gmt":"2021-04-21T12:42:22","guid":{"rendered":"https:\/\/www.confederaciondelcobre.cl\/?p=1727"},"modified":"2021-06-10T01:45:38","modified_gmt":"2021-06-10T01:45:38","slug":"empresa-salfa-y-sus-acciones-desleales","status":"publish","type":"post","link":"https:\/\/www.confederaciondelcobre.cl\/index.php\/2021\/04\/21\/empresa-salfa-y-sus-acciones-desleales\/","title":{"rendered":"Empresa Salfa y sus acciones desleales."},"content":{"rendered":"\n<p>Acciones desleales por parte de la empresa Salfa, tales como despidos, bloqueos de pase a los recintos de Chuquicamata (tanto a trabajadores como a dirigentes sindicales) fueron la causa que motiv\u00f3 a los dirigentes de los trabajadores afectados a llevar a cabo una reuni\u00f3n de car\u00e1cter informativa. Una reuni\u00f3n que la empresa -de forma maliciosa, cabe se\u00f1alar- consider\u00f3 como una movilizaci\u00f3n de parte de los trabajadores.<\/p>\n\n\n\n<p>En la instancia los dirigentes informaban a los trabajadores sobre el actual proceso de Negociaci\u00f3n Colectiva, una negociaci\u00f3n que debido a la permanente negativa por parte de la empresa, llegando incluso a no recibir a los dirigentes para continuar con el proceso, se encuentra virtualmente en fojas cero.<\/p>\n\n\n\n<p>La Empresa Salfa, que actualmente mantiene contrato con Codelco en el \u00e1rea de Chancado Secundario y Terciario de Chuquicamata, ha perseverado en su permanente negativa de llegar a un acuerdo con los trabajadores en el presente proceso de Negociaci\u00f3n Colectiva. As\u00ed lo explic\u00f3 Yerco Barraza, Presidente del Sindicato de Trabajadores Fenix 2.0, Empresa Salfa, Establecimiento Chancado 1 y 2 Chuquicamata, al indicar que \u201cla empresa no ha querido retomar las conversaciones que iniciamos en el marco de la Negociaci\u00f3n Colectiva que consideramos ya est\u00e1bamos cerrando con los temas acordados, pero luego y repentinamente la Empresa no quiso avanzar. Es m\u00e1s, la Empresa despidi\u00f3 a trabajadores socios del Sindicato y bloque\u00f3 en Control de Pases mi acceso a la mina, esto en una clara acci\u00f3n que consideramos de pr\u00e1ctica antisindical\u201d, agregando que \u201cno correspond\u00eda que personal de Codelco, espec\u00edficamente el Sr. Carlos \u00c1guila Villanueva, quien es Director de Protecci\u00f3n Industrial (PI), fuera a abordarnos y a conminarnos a abandonar la faena, una situaci\u00f3n y funci\u00f3n que no les corresponde toda vez que se trata de un conflicto sindical entre nuestro empleador [Salfa] y los trabajadores, amenaz\u00e1ndonos adem\u00e1s con desalojarnos con la fuerza de carabineros\u201d.<\/p>\n\n\n\n<p>Recordemos que esta acci\u00f3n, la reuni\u00f3n informativa entre los dirigentes y los trabajadores afectados, fue una acci\u00f3n pac\u00edfica. Una reuni\u00f3n breve, para informar y enterarse del proceso de Negociaci\u00f3n Colectiva, ya que debido a la pandemia no pod\u00edan hacerlo en otro lugar que no fuera el mismo en que se encuentran todos los d\u00edas antes de salir a faena, pero la jefatura lo tom\u00f3 como una acci\u00f3n de paralizaci\u00f3n y posteriormente no dej\u00f3 que salieran a faena.<\/p>\n\n\n\n<p>En tanto el dirigente y Tesorero del Sindicato, Ra\u00fal Fuentes, manifest\u00f3 que \u201clo m\u00e1s probable es que los despidos y amenazas obedezcan a una intenci\u00f3n de la Empresa de debilitar al Sindicato y disminuir nuestro n\u00famero de socios, ya que hemos sido una organizaci\u00f3n que no ha dejado que la Empresa pase a llevar sus derechos. Venimos con un conflicto que perfectamente podr\u00eda haberse resuelto hace una semana atr\u00e1s, pero&nbsp; en cambio, y de forma repentina, la Empresa se cierra a seguir conversando y prefiere despedir a trabajadores e impedir nuestro acceso a la mina como dirigentes\u201d, agregando que \u201c\u2026ahora son ellos [la Empresa] quienes deben dar la explicaciones\u201d. Al consultarles sobre como la actual situaci\u00f3n va a continuar, manifestaron que esperan que la Empresa acceda a recibirlos como es debido y resolver el conflicto sin m\u00e1s represalias en contra del Sindicato. Para ello, entonces, buscan retomar las faenas el mismo d\u00eda de hoy mi\u00e9rcoles 21, \u201c\u2026cuesti\u00f3n a la que nunca nos hemos negado\u201d -se\u00f1alaron-, indicando que mas bien es la Empresa quien no los ha dejado retomar. Pero principalmente lo que seguir\u00e1n buscando es llegar a un acuerdo en base a lo que estaba sobre la mesa antes de que la Empresa Salfa rompiera las conversaciones.<br><\/p>\n","protected":false},"excerpt":{"rendered":"<p>Acciones desleales por parte de la empresa Salfa, tales como despidos, bloqueos de pase a los recintos de Chuquicamata (tanto a trabajadores como a dirigentes sindicales) fueron la causa que &hellip; <\/p>\n","protected":false},"author":2,"featured_media":1728,"comment_status":"closed","ping_status":"closed","sticky":false,"template":"","format":"standard","meta":{"jetpack_post_was_ever_published":false,"_jetpack_newsletter_access":"","_jetpack_dont_email_post_to_subs":false,"_jetpack_newsletter_tier_id":0,"_jetpack_memberships_contains_paywalled_content":false,"_jetpack_memberships_contains_paid_content":false,"footnotes":"","jetpack_publicize_message":"","jetpack_publicize_feature_enabled":true,"jetpack_social_post_already_shared":false,"jetpack_social_options":{"image_generator_settings":{"template":"highway","default_image_id":0,"enabled":false},"version":2}},"categories":[9,21,17,19],"tags":[],"class_list":["post-1727","post","type-post","status-publish","format-standard","has-post-thumbnail","hentry","category-confederacion","category-federaciones","category-regiones","category-trabajadores"],"jetpack_publicize_connections":[],"jetpack_featured_media_url":"https:\/\/www.confederaciondelcobre.cl\/wp-content\/uploads\/2021\/06\/EmpSalf.jpg","jetpack_sharing_enabled":true,"post_mailing_queue_ids":[],"_links":{"self":[{"href":"https:\/\/www.confederaciondelcobre.cl\/index.php\/wp-json\/wp\/v2\/posts\/1727","targetHints":{"allow":["GET"]}}],"collection":[{"href":"https:\/\/www.confederaciondelcobre.cl\/index.php\/wp-json\/wp\/v2\/posts"}],"about":[{"href":"https:\/\/www.confederaciondelcobre.cl\/index.php\/wp-json\/wp\/v2\/types\/post"}],"author":[{"embeddable":true,"href":"https:\/\/www.confederaciondelcobre.cl\/index.php\/wp-json\/wp\/v2\/users\/2"}],"replies":[{"embeddable":true,"href":"https:\/\/www.confederaciondelcobre.cl\/index.php\/wp-json\/wp\/v2\/comments?post=1727"}],"version-history":[{"count":1,"href":"https:\/\/www.confederaciondelcobre.cl\/index.php\/wp-json\/wp\/v2\/posts\/1727\/revisions"}],"predecessor-version":[{"id":1729,"href":"https:\/\/www.confederaciondelcobre.cl\/index.php\/wp-json\/wp\/v2\/posts\/1727\/revisions\/1729"}],"wp:featuredmedia":[{"embeddable":true,"href":"https:\/\/www.confederaciondelcobre.cl\/index.php\/wp-json\/wp\/v2\/media\/1728"}],"wp:attachment":[{"href":"https:\/\/www.confederaciondelcobre.cl\/index.php\/wp-json\/wp\/v2\/media?parent=1727"}],"wp:term":[{"taxonomy":"category","embeddable":true,"href":"https:\/\/www.confederaciondelcobre.cl\/index.php\/wp-json\/wp\/v2\/categories?post=1727"},{"taxonomy":"post_tag","embeddable":true,"href":"https:\/\/www.confederaciondelcobre.cl\/index.php\/wp-json\/wp\/v2\/tags?post=1727"}],"curies":[{"name":"wp","href":"https:\/\/api.w.org\/{rel}","templated":true}]}}