{"id":1730,"date":"2021-04-23T00:00:38","date_gmt":"2021-04-23T00:00:38","guid":{"rendered":"https:\/\/www.confederaciondelcobre.cl\/?p=1730"},"modified":"2021-06-10T01:50:41","modified_gmt":"2021-06-10T01:50:41","slug":"comunicado-ctc-adhiere-y-se-suma-al-llamado-de-huelga-general-sanitaria-convocada-por-la-cut","status":"publish","type":"post","link":"https:\/\/www.confederaciondelcobre.cl\/index.php\/2021\/04\/23\/comunicado-ctc-adhiere-y-se-suma-al-llamado-de-huelga-general-sanitaria-convocada-por-la-cut\/","title":{"rendered":"#Comunicado: CTC adhiere y se suma al llamado de Huelga General Sanitaria convocada por la CUT."},"content":{"rendered":"\n<p style=\"text-align:center\"><strong>COMUNICADO<\/strong><\/p>\n\n\n\n<p>La Confederaci\u00f3n de Trabajadores del Cobre (CTC) adhiere y se suma al llamado de Huelga General Sanitaria convocada por la Central Unitaria de Trabajadores (CUT-Chile) para este viernes 30 de abril de 2021.<\/p>\n\n\n\n<p>Dicha jornada, que se enmarca en una nueva conmemoraci\u00f3n del D\u00eda Internacional de las y los trabajadores, tiene por objeto poner en el centro la profunda crisis sanitaria, econ\u00f3mica y social que atraviesa nuestro pa\u00eds, una crisis que han tenido que vivir y sufrir principalmente las y los trabajadores junto a sus familias.<\/p>\n\n\n\n<p>Las y los trabajadores, por un lado, hemos sufrido una mayor precarizaci\u00f3n de nuestras fuentes laborales y condiciones de vida; pero por otro, y solo a costa del abuso y precarizaci\u00f3n, hemos visto como las grandes fortunas privadas han aumentado descaradamente. El abandono de parte de las autoridades, que se suma al abuso de la clase empresarial, es ya inaceptable e insostenible.<\/p>\n\n\n\n<p style=\"text-align:center\">\u00a1Este viernes 30 de abril todas y todos a sumarse a la Gran Huelga Sanitaria!<\/p>\n\n\n\n<p>\u00a1Que la crisis la paguen los ricos y no los trabajadores y sus familias!<\/p>\n\n\n\n<p style=\"text-align:center\"><strong>CONFEDERACI\u00d3N DE TRABAJADORES DEL COBRE<\/strong><\/p>\n\n\n\n<p style=\"text-align:right\">Chile, 23 de abril de 2021.<\/p>\n\n\n\n<div class=\"wp-block-image\"><figure class=\"aligncenter\"><img loading=\"lazy\" decoding=\"async\" width=\"653\" height=\"1024\" src=\"https:\/\/www.confederaciondelcobre.cl\/wp-content\/uploads\/2021\/06\/COMCTC30Abr21-653x1024.png\" alt=\"\" class=\"wp-image-1732\" srcset=\"https:\/\/www.confederaciondelcobre.cl\/wp-content\/uploads\/2021\/06\/COMCTC30Abr21-653x1024.png 653w, https:\/\/www.confederaciondelcobre.cl\/wp-content\/uploads\/2021\/06\/COMCTC30Abr21-191x300.png 191w, https:\/\/www.confederaciondelcobre.cl\/wp-content\/uploads\/2021\/06\/COMCTC30Abr21-768x1205.png 768w, https:\/\/www.confederaciondelcobre.cl\/wp-content\/uploads\/2021\/06\/COMCTC30Abr21.png 1080w\" sizes=\"auto, (max-width: 653px) 100vw, 653px\" \/><\/figure><\/div>\n","protected":false},"excerpt":{"rendered":"<p>COMUNICADO La Confederaci\u00f3n de Trabajadores del Cobre (CTC) adhiere y se suma al llamado de Huelga General Sanitaria convocada por la Central Unitaria de Trabajadores (CUT-Chile) para este viernes 30 &hellip; <\/p>\n","protected":false},"author":2,"featured_media":1731,"comment_status":"closed","ping_status":"closed","sticky":false,"template":"","format":"standard","meta":{"jetpack_post_was_ever_published":false,"_jetpack_newsletter_access":"","_jetpack_dont_email_post_to_subs":false,"_jetpack_newsletter_tier_id":0,"_jetpack_memberships_contains_paywalled_content":false,"_jetpack_memberships_contains_paid_content":false,"footnotes":"","jetpack_publicize_message":"","jetpack_publicize_feature_enabled":true,"jetpack_social_post_already_shared":false,"jetpack_social_options":{"image_generator_settings":{"template":"highway","default_image_id":0,"enabled":false},"version":2}},"categories":[8,9,27,21,22,28,26,25,29,31,14,15,19],"tags":[],"class_list":["post-1730","post","type-post","status-publish","format-standard","has-post-thumbnail","hentry","category-comunicado","category-confederacion","category-cut","category-federaciones","category-feminort","category-fesal","category-fesamab","category-fesamav","category-fetramac","category-fetratec","category-movimientos-sociales","category-nacional","category-trabajadores"],"jetpack_publicize_connections":[],"jetpack_featured_media_url":"https:\/\/www.confederaciondelcobre.cl\/wp-content\/uploads\/2021\/06\/ComCTCHuelgaSan.jpg","jetpack_sharing_enabled":true,"post_mailing_queue_ids":[],"_links":{"self":[{"href":"https:\/\/www.confederaciondelcobre.cl\/index.php\/wp-json\/wp\/v2\/posts\/1730","targetHints":{"allow":["GET"]}}],"collection":[{"href":"https:\/\/www.confederaciondelcobre.cl\/index.php\/wp-json\/wp\/v2\/posts"}],"about":[{"href":"https:\/\/www.confederaciondelcobre.cl\/index.php\/wp-json\/wp\/v2\/types\/post"}],"author":[{"embeddable":true,"href":"https:\/\/www.confederaciondelcobre.cl\/index.php\/wp-json\/wp\/v2\/users\/2"}],"replies":[{"embeddable":true,"href":"https:\/\/www.confederaciondelcobre.cl\/index.php\/wp-json\/wp\/v2\/comments?post=1730"}],"version-history":[{"count":1,"href":"https:\/\/www.confederaciondelcobre.cl\/index.php\/wp-json\/wp\/v2\/posts\/1730\/revisions"}],"predecessor-version":[{"id":1733,"href":"https:\/\/www.confederaciondelcobre.cl\/index.php\/wp-json\/wp\/v2\/posts\/1730\/revisions\/1733"}],"wp:featuredmedia":[{"embeddable":true,"href":"https:\/\/www.confederaciondelcobre.cl\/index.php\/wp-json\/wp\/v2\/media\/1731"}],"wp:attachment":[{"href":"https:\/\/www.confederaciondelcobre.cl\/index.php\/wp-json\/wp\/v2\/media?parent=1730"}],"wp:term":[{"taxonomy":"category","embeddable":true,"href":"https:\/\/www.confederaciondelcobre.cl\/index.php\/wp-json\/wp\/v2\/categories?post=1730"},{"taxonomy":"post_tag","embeddable":true,"href":"https:\/\/www.confederaciondelcobre.cl\/index.php\/wp-json\/wp\/v2\/tags?post=1730"}],"curies":[{"name":"wp","href":"https:\/\/api.w.org\/{rel}","templated":true}]}}