{"id":1734,"date":"2021-05-01T12:00:07","date_gmt":"2021-05-01T12:00:07","guid":{"rendered":"https:\/\/www.confederaciondelcobre.cl\/?p=1734"},"modified":"2021-06-10T01:56:00","modified_gmt":"2021-06-10T01:56:00","slug":"1demayo-dia-internacional-de-las-y-los-trabajadores","status":"publish","type":"post","link":"https:\/\/www.confederaciondelcobre.cl\/index.php\/2021\/05\/01\/1demayo-dia-internacional-de-las-y-los-trabajadores\/","title":{"rendered":"#1deMayo, D\u00eda Internacional de las y los Trabajadores."},"content":{"rendered":"\n<p>\u00abTrabajadores de Chile, este no es un d\u00eda de fiesta; este es un d\u00eda de recuerdo, de rememoraci\u00f3n. Un d\u00eda para mirar hacia atr\u00e1s, m\u00e1s all\u00e1 y dentro de la frontera de la patria y rendir un homenaje a todos aquellos que, en distintas latitudes, cayeron luchando por hacer m\u00e1s digna la vida del hombre y conquistar la aut\u00e9ntica libertad\u00bb<\/p>\n\n\n\n<p style=\"text-align:right\">&#8211; Salvador Allende G.<\/p>\n\n\n\n<div class=\"wp-block-image\"><figure class=\"aligncenter\"><img loading=\"lazy\" decoding=\"async\" width=\"526\" height=\"526\" src=\"https:\/\/www.confederaciondelcobre.cl\/wp-content\/uploads\/2021\/06\/1Mayo.png\" alt=\"\" class=\"wp-image-1736\" srcset=\"https:\/\/www.confederaciondelcobre.cl\/wp-content\/uploads\/2021\/06\/1Mayo.png 526w, https:\/\/www.confederaciondelcobre.cl\/wp-content\/uploads\/2021\/06\/1Mayo-150x150.png 150w, https:\/\/www.confederaciondelcobre.cl\/wp-content\/uploads\/2021\/06\/1Mayo-300x300.png 300w\" sizes=\"auto, (max-width: 526px) 100vw, 526px\" \/><\/figure><\/div>\n","protected":false},"excerpt":{"rendered":"<p>\u00abTrabajadores de Chile, este no es un d\u00eda de fiesta; este es un d\u00eda de recuerdo, de rememoraci\u00f3n. Un d\u00eda para mirar hacia atr\u00e1s, m\u00e1s all\u00e1 y dentro de la &hellip; <\/p>\n","protected":false},"author":2,"featured_media":1735,"comment_status":"closed","ping_status":"closed","sticky":false,"template":"","format":"standard","meta":{"jetpack_post_was_ever_published":false,"_jetpack_newsletter_access":"","_jetpack_dont_email_post_to_subs":false,"_jetpack_newsletter_tier_id":0,"_jetpack_memberships_contains_paywalled_content":false,"_jetpack_memberships_contains_paid_content":false,"footnotes":"","jetpack_publicize_message":"","jetpack_publicize_feature_enabled":true,"jetpack_social_post_already_shared":false,"jetpack_social_options":{"image_generator_settings":{"template":"highway","default_image_id":0,"enabled":false},"version":2}},"categories":[9,21,22,28,26,25,29,31,13,14,15,19],"tags":[],"class_list":["post-1734","post","type-post","status-publish","format-standard","has-post-thumbnail","hentry","category-confederacion","category-federaciones","category-feminort","category-fesal","category-fesamab","category-fesamav","category-fetramac","category-fetratec","category-internacional","category-movimientos-sociales","category-nacional","category-trabajadores"],"jetpack_publicize_connections":[],"jetpack_featured_media_url":"https:\/\/www.confederaciondelcobre.cl\/wp-content\/uploads\/2021\/06\/1M2021.jpg","jetpack_sharing_enabled":true,"post_mailing_queue_ids":[],"_links":{"self":[{"href":"https:\/\/www.confederaciondelcobre.cl\/index.php\/wp-json\/wp\/v2\/posts\/1734","targetHints":{"allow":["GET"]}}],"collection":[{"href":"https:\/\/www.confederaciondelcobre.cl\/index.php\/wp-json\/wp\/v2\/posts"}],"about":[{"href":"https:\/\/www.confederaciondelcobre.cl\/index.php\/wp-json\/wp\/v2\/types\/post"}],"author":[{"embeddable":true,"href":"https:\/\/www.confederaciondelcobre.cl\/index.php\/wp-json\/wp\/v2\/users\/2"}],"replies":[{"embeddable":true,"href":"https:\/\/www.confederaciondelcobre.cl\/index.php\/wp-json\/wp\/v2\/comments?post=1734"}],"version-history":[{"count":1,"href":"https:\/\/www.confederaciondelcobre.cl\/index.php\/wp-json\/wp\/v2\/posts\/1734\/revisions"}],"predecessor-version":[{"id":1737,"href":"https:\/\/www.confederaciondelcobre.cl\/index.php\/wp-json\/wp\/v2\/posts\/1734\/revisions\/1737"}],"wp:featuredmedia":[{"embeddable":true,"href":"https:\/\/www.confederaciondelcobre.cl\/index.php\/wp-json\/wp\/v2\/media\/1735"}],"wp:attachment":[{"href":"https:\/\/www.confederaciondelcobre.cl\/index.php\/wp-json\/wp\/v2\/media?parent=1734"}],"wp:term":[{"taxonomy":"category","embeddable":true,"href":"https:\/\/www.confederaciondelcobre.cl\/index.php\/wp-json\/wp\/v2\/categories?post=1734"},{"taxonomy":"post_tag","embeddable":true,"href":"https:\/\/www.confederaciondelcobre.cl\/index.php\/wp-json\/wp\/v2\/tags?post=1734"}],"curies":[{"name":"wp","href":"https:\/\/api.w.org\/{rel}","templated":true}]}}