{"id":1738,"date":"2021-05-12T12:00:44","date_gmt":"2021-05-12T12:00:44","guid":{"rendered":"https:\/\/www.confederaciondelcobre.cl\/?p=1738"},"modified":"2021-06-10T02:07:09","modified_gmt":"2021-06-10T02:07:09","slug":"negociacion-colectiva-sindicato-de-trabajadores-no-2-alinorte-en-huelga","status":"publish","type":"post","link":"https:\/\/www.confederaciondelcobre.cl\/index.php\/2021\/05\/12\/negociacion-colectiva-sindicato-de-trabajadores-no-2-alinorte-en-huelga\/","title":{"rendered":"Negociaci\u00f3n Colectiva: Sindicato de Trabajadores N\u00ba 2 Alinorte en Huelga."},"content":{"rendered":"\n<p>El d\u00eda de hoy mi\u00e9rcoles 12 de mayo, y luego de haber iniciado ayer la Huelga en el marco de la actual Negociaci\u00f3n Colectiva, las y los socios del Sindicato de Trabajadores N\u00ba 2 Alinorte, afiliado a la Federaci\u00f3n Minera del Norte \u2013 FEMINORT- (que es brazo org\u00e1nico de la Confederaci\u00f3n de Trabajadores del Cobre -CTC- en la regi\u00f3n de Tarapac\u00e1), se movilizaron en protesta llegando hasta las mismas puertas de Corpesca.<\/p>\n\n\n\n<p>Y es que la actitud de la empresa Alinorte, que presta servicios en la faena K+S, Corpesca, ACF Minera S.A y el Hospital Regional, durante los primeros 45 d\u00edas del actual proceso ha sido tajante: no negociar con el Sindicato. Lo anterior con el claro prop\u00f3sito de dilatar la situaci\u00f3n, haci\u00e9ndola llegar incluso a una Mediaci\u00f3n Obligatoria con la Inspecci\u00f3n Provincial del Trabajo. Ya en esta instancia (mediaci\u00f3n obligatoria) la Empresa reci\u00e9n dio asomos de alguna propuesta, mezquina por cierto, pues s\u00f3lo implicaba algunos bonos que, primero, no son permanentes y, segundo; no todas las y los trabajadores son beneficiarios.<\/p>\n\n\n\n<p>Cabe se\u00f1alar que entre los puntos que la Empresa no ha querido considerar, y que son principales para el Sindicato de Trabajadores N\u00ba 2 Alinorte, est\u00e1n el reajuste de remuneraciones y que se cumplan con rigurosidad las condiciones de higiene y seguridad, incluidos los protocolos Covid-19, pues por la falta de estos es que las y los trabajadores del Sindicato ya cuentan con uno de sus compa\u00f1eros fallecido.<\/p>\n\n\n\n<p>Finalmente, junto con las movilizaciones y protestas, la organizaci\u00f3n sindical seguir\u00e1 dando visibilidad a sus justas peticiones, a la vez que tambi\u00e9n solicitar\u00e1 una fiscalizaci\u00f3n a todos los puestos de trabajo, ya que, como si fuera poco, existe informaci\u00f3n de que la Empresa Alinorte est\u00e1 realizando reemplazos ilegales.<\/p>\n\n\n\n<ul class=\"wp-block-gallery aligncenter columns-2 is-cropped wp-block-gallery-1 is-layout-flex wp-block-gallery-is-layout-flex\"><li class=\"blocks-gallery-item\"><figure><img loading=\"lazy\" decoding=\"async\" width=\"1024\" height=\"766\" src=\"https:\/\/www.confederaciondelcobre.cl\/wp-content\/uploads\/2021\/06\/1e9b6e1d-f500-4404-8c7d-38054d402508-1024x766.jpeg\" alt=\"\" data-id=\"1740\" data-link=\"https:\/\/www.confederaciondelcobre.cl\/?attachment_id=1740\" class=\"wp-image-1740\" srcset=\"https:\/\/www.confederaciondelcobre.cl\/wp-content\/uploads\/2021\/06\/1e9b6e1d-f500-4404-8c7d-38054d402508-1024x766.jpeg 1024w, https:\/\/www.confederaciondelcobre.cl\/wp-content\/uploads\/2021\/06\/1e9b6e1d-f500-4404-8c7d-38054d402508-300x225.jpeg 300w, https:\/\/www.confederaciondelcobre.cl\/wp-content\/uploads\/2021\/06\/1e9b6e1d-f500-4404-8c7d-38054d402508-768x575.jpeg 768w, https:\/\/www.confederaciondelcobre.cl\/wp-content\/uploads\/2021\/06\/1e9b6e1d-f500-4404-8c7d-38054d402508.jpeg 1280w\" sizes=\"auto, (max-width: 1024px) 100vw, 1024px\" \/><\/figure><\/li><li class=\"blocks-gallery-item\"><figure><img loading=\"lazy\" decoding=\"async\" width=\"718\" height=\"535\" src=\"https:\/\/www.confederaciondelcobre.cl\/wp-content\/uploads\/2021\/06\/d45d45a3-c960-4d5d-9f78-c0a64ccc4aa0.jpeg\" alt=\"\" data-id=\"1741\" data-link=\"https:\/\/www.confederaciondelcobre.cl\/?attachment_id=1741\" class=\"wp-image-1741\" srcset=\"https:\/\/www.confederaciondelcobre.cl\/wp-content\/uploads\/2021\/06\/d45d45a3-c960-4d5d-9f78-c0a64ccc4aa0.jpeg 718w, https:\/\/www.confederaciondelcobre.cl\/wp-content\/uploads\/2021\/06\/d45d45a3-c960-4d5d-9f78-c0a64ccc4aa0-300x224.jpeg 300w\" sizes=\"auto, (max-width: 718px) 100vw, 718px\" \/><\/figure><\/li><\/ul>\n","protected":false},"excerpt":{"rendered":"<p>El d\u00eda de hoy mi\u00e9rcoles 12 de mayo, y luego de haber iniciado ayer la Huelga en el marco de la actual Negociaci\u00f3n Colectiva, las y los socios del Sindicato &hellip; <\/p>\n","protected":false},"author":2,"featured_media":1739,"comment_status":"closed","ping_status":"closed","sticky":false,"template":"","format":"standard","meta":{"jetpack_post_was_ever_published":false,"_jetpack_newsletter_access":"","_jetpack_dont_email_post_to_subs":false,"_jetpack_newsletter_tier_id":0,"_jetpack_memberships_contains_paywalled_content":false,"_jetpack_memberships_contains_paid_content":false,"footnotes":"","jetpack_publicize_message":"","jetpack_publicize_feature_enabled":true,"jetpack_social_post_already_shared":false,"jetpack_social_options":{"image_generator_settings":{"template":"highway","default_image_id":0,"enabled":false},"version":2}},"categories":[9,21,22,20,19],"tags":[],"class_list":["post-1738","post","type-post","status-publish","format-standard","has-post-thumbnail","hentry","category-confederacion","category-federaciones","category-feminort","category-negociacion-colectiva","category-trabajadores"],"jetpack_publicize_connections":[],"jetpack_featured_media_url":"https:\/\/www.confederaciondelcobre.cl\/wp-content\/uploads\/2021\/06\/Alinorte.jpg","jetpack_sharing_enabled":true,"post_mailing_queue_ids":[],"_links":{"self":[{"href":"https:\/\/www.confederaciondelcobre.cl\/index.php\/wp-json\/wp\/v2\/posts\/1738","targetHints":{"allow":["GET"]}}],"collection":[{"href":"https:\/\/www.confederaciondelcobre.cl\/index.php\/wp-json\/wp\/v2\/posts"}],"about":[{"href":"https:\/\/www.confederaciondelcobre.cl\/index.php\/wp-json\/wp\/v2\/types\/post"}],"author":[{"embeddable":true,"href":"https:\/\/www.confederaciondelcobre.cl\/index.php\/wp-json\/wp\/v2\/users\/2"}],"replies":[{"embeddable":true,"href":"https:\/\/www.confederaciondelcobre.cl\/index.php\/wp-json\/wp\/v2\/comments?post=1738"}],"version-history":[{"count":1,"href":"https:\/\/www.confederaciondelcobre.cl\/index.php\/wp-json\/wp\/v2\/posts\/1738\/revisions"}],"predecessor-version":[{"id":1742,"href":"https:\/\/www.confederaciondelcobre.cl\/index.php\/wp-json\/wp\/v2\/posts\/1738\/revisions\/1742"}],"wp:featuredmedia":[{"embeddable":true,"href":"https:\/\/www.confederaciondelcobre.cl\/index.php\/wp-json\/wp\/v2\/media\/1739"}],"wp:attachment":[{"href":"https:\/\/www.confederaciondelcobre.cl\/index.php\/wp-json\/wp\/v2\/media?parent=1738"}],"wp:term":[{"taxonomy":"category","embeddable":true,"href":"https:\/\/www.confederaciondelcobre.cl\/index.php\/wp-json\/wp\/v2\/categories?post=1738"},{"taxonomy":"post_tag","embeddable":true,"href":"https:\/\/www.confederaciondelcobre.cl\/index.php\/wp-json\/wp\/v2\/tags?post=1738"}],"curies":[{"name":"wp","href":"https:\/\/api.w.org\/{rel}","templated":true}]}}