{"id":1743,"date":"2021-05-17T12:00:11","date_gmt":"2021-05-17T12:00:11","guid":{"rendered":"https:\/\/www.confederaciondelcobre.cl\/?p=1743"},"modified":"2021-06-10T02:11:26","modified_gmt":"2021-06-10T02:11:26","slug":"dirigentes-de-trabajadores-mineros-reiteran-respaldo-al-proyecto-de-royalty-a-la-gran-mineria","status":"publish","type":"post","link":"https:\/\/www.confederaciondelcobre.cl\/index.php\/2021\/05\/17\/dirigentes-de-trabajadores-mineros-reiteran-respaldo-al-proyecto-de-royalty-a-la-gran-mineria\/","title":{"rendered":"Dirigentes de trabajadores mineros reiteran respaldo al proyecto de Royalty a la gran miner\u00eda."},"content":{"rendered":"\n<p>Manuel Ahumada Letelier, Presidente de la Confederaci\u00f3n de Trabajadores del Cobre CTC, en conversaci\u00f3n con la Radio Nuevo Mundo denunci\u00f3 que &#8220;ante una naci\u00f3n sumida en una grave crisis sanitaria y econ\u00f3mica, los grandes capitales se niegan a compartir s\u00f3lo una parte de sus r\u00e9ditos, amenazando con recurrir al Tribunal Constitucional, como ha ocurrido con el impuesto a los s\u00faper ricos y el propio Royalty Minero&#8221;, agregando que &#8220;&#8230;si el Estado no es capaz de lograr hacerse cargo de sus bienes y recursos naturales estrat\u00e9gicos, es muy dif\u00edcil un cambio real a nuestro modelo de desarrollo hacia el futuro&#8221;.<br><\/p>\n\n\n\n<p>&#8211; Escucha las opiniones del Presidente de la CTC, y la de m\u00e1s dirigentes de la Coordinadora de Trabajadores del Cobre CTMIN, <a href=\"https:\/\/www.radionuevomundo.cl\/2021\/05\/17\/dirigentes-de-los-trabajadores-mineros-reiteraron-su-respaldo-al-proyecto-de-royalty-a-la-gran-mineria\/?fbclid=IwAR3y6hlrjRH9RoNSMUTV1NoHh_k_Dh_zwqnQMBHxrXVidoxvtndsrD7kdUg\" target=\"_blank\" rel=\"noreferrer noopener\" aria-label=\"haciendo click aqu\u00ed. (abrir en una nueva pesta\u00f1a)\">haciendo click aqu\u00ed.<\/a><\/p>\n","protected":false},"excerpt":{"rendered":"<p>Manuel Ahumada Letelier, Presidente de la Confederaci\u00f3n de Trabajadores del Cobre CTC, en conversaci\u00f3n con la Radio Nuevo Mundo denunci\u00f3 que &#8220;ante una naci\u00f3n sumida en una grave crisis sanitaria &hellip; <\/p>\n","protected":false},"author":2,"featured_media":1704,"comment_status":"closed","ping_status":"closed","sticky":false,"template":"","format":"standard","meta":{"jetpack_post_was_ever_published":false,"_jetpack_newsletter_access":"","_jetpack_dont_email_post_to_subs":false,"_jetpack_newsletter_tier_id":0,"_jetpack_memberships_contains_paywalled_content":false,"_jetpack_memberships_contains_paid_content":false,"footnotes":"","jetpack_publicize_message":"","jetpack_publicize_feature_enabled":true,"jetpack_social_post_already_shared":false,"jetpack_social_options":{"image_generator_settings":{"template":"highway","default_image_id":0,"enabled":false},"version":2}},"categories":[9,21,22,28,26,25,29,31,15,19],"tags":[],"class_list":["post-1743","post","type-post","status-publish","format-standard","has-post-thumbnail","hentry","category-confederacion","category-federaciones","category-feminort","category-fesal","category-fesamab","category-fesamav","category-fetramac","category-fetratec","category-nacional","category-trabajadores"],"jetpack_publicize_connections":[],"jetpack_featured_media_url":"https:\/\/www.confederaciondelcobre.cl\/wp-content\/uploads\/2021\/06\/MAEnRNM.jpg","jetpack_sharing_enabled":true,"post_mailing_queue_ids":[],"_links":{"self":[{"href":"https:\/\/www.confederaciondelcobre.cl\/index.php\/wp-json\/wp\/v2\/posts\/1743","targetHints":{"allow":["GET"]}}],"collection":[{"href":"https:\/\/www.confederaciondelcobre.cl\/index.php\/wp-json\/wp\/v2\/posts"}],"about":[{"href":"https:\/\/www.confederaciondelcobre.cl\/index.php\/wp-json\/wp\/v2\/types\/post"}],"author":[{"embeddable":true,"href":"https:\/\/www.confederaciondelcobre.cl\/index.php\/wp-json\/wp\/v2\/users\/2"}],"replies":[{"embeddable":true,"href":"https:\/\/www.confederaciondelcobre.cl\/index.php\/wp-json\/wp\/v2\/comments?post=1743"}],"version-history":[{"count":1,"href":"https:\/\/www.confederaciondelcobre.cl\/index.php\/wp-json\/wp\/v2\/posts\/1743\/revisions"}],"predecessor-version":[{"id":1744,"href":"https:\/\/www.confederaciondelcobre.cl\/index.php\/wp-json\/wp\/v2\/posts\/1743\/revisions\/1744"}],"wp:featuredmedia":[{"embeddable":true,"href":"https:\/\/www.confederaciondelcobre.cl\/index.php\/wp-json\/wp\/v2\/media\/1704"}],"wp:attachment":[{"href":"https:\/\/www.confederaciondelcobre.cl\/index.php\/wp-json\/wp\/v2\/media?parent=1743"}],"wp:term":[{"taxonomy":"category","embeddable":true,"href":"https:\/\/www.confederaciondelcobre.cl\/index.php\/wp-json\/wp\/v2\/categories?post=1743"},{"taxonomy":"post_tag","embeddable":true,"href":"https:\/\/www.confederaciondelcobre.cl\/index.php\/wp-json\/wp\/v2\/tags?post=1743"}],"curies":[{"name":"wp","href":"https:\/\/api.w.org\/{rel}","templated":true}]}}