{"id":1745,"date":"2021-05-24T12:00:35","date_gmt":"2021-05-24T12:00:35","guid":{"rendered":"https:\/\/www.confederaciondelcobre.cl\/?p=1745"},"modified":"2021-06-10T02:15:28","modified_gmt":"2021-06-10T02:15:28","slug":"exitoso-cierre-de-negociacion-colectiva-de-sindicato-de-la-empresa-alinorte","status":"publish","type":"post","link":"https:\/\/www.confederaciondelcobre.cl\/index.php\/2021\/05\/24\/exitoso-cierre-de-negociacion-colectiva-de-sindicato-de-la-empresa-alinorte\/","title":{"rendered":"Exitoso cierre de Negociaci\u00f3n Colectiva de Sindicato de la empresa Alinorte."},"content":{"rendered":"\n<p>El viernes 21 y luego de un largo y complejo proceso de Negociaci\u00f3n Colectiva, que incluy\u00f3 hasta nueve d\u00edas de huelga, finalmente, el Sindicato de Trabajadores N\u00ba 2 Alinorte y la Empresa llegaron a un acuerdo, fijando as\u00ed las condiciones que regir\u00e1n entre el Sindicato y la Empresa por los pr\u00f3ximos dos a\u00f1os.<\/p>\n\n\n\n<p>El actual instrumento colectivo, cabe se\u00f1alar, representa un importante avance, pues junto con mantener beneficios y derechos del convenio anterior, hoy se incorporan y suman -entre otros- el pago de los a\u00f1os de servicio en caso de fallecimiento del o la trabajadora; bonos de reemplazo y escolaridad; el incremento en los distintos aguinaldos y el NO descuento de los fondos del Seguro de Cesant\u00eda en el finiquito si la causal de despido es por el Art. 161 del C\u00f3digo del Trabajo (necesidades de la empresa). A lo anterior se suma y destaca el punto que m\u00e1s caus\u00f3 rechazo por parte de la Empresa: el reajuste en las remuneraciones. Y es que la empresa Alinorte, que presta servicios en la faena K+S, Corpesca, ACF Minera S.A y el Hospital Regional de Tarapac\u00e1, argumentaba que debido a la contingencia nacional no pod\u00eda acceder al reajuste exigido por las y los trabajadores. Sin embargo, y debido a la persistencia y f\u00e9rrea unidad del Sindicato junto a sus socias y socios, la empresa termin\u00f3 por acceder.<\/p>\n\n\n\n<p>Finalmente, la dirigencia del Sindicato de Trabajadores N\u00ba 2 Alinorte manifest\u00f3 su conformidad y satisfacci\u00f3n con el acuerdo alcanzado, pues si bien la b\u00fasqueda de mejoras en las condiciones laborales es un proceso permanente, tambi\u00e9n destacan la firme organizaci\u00f3n y unidad que hay entre sus socias y socios, demostraci\u00f3n clara que es el \u00fanico camino para defender y conquistar m\u00e1s derechos para las y los trabajadores.<br><\/p>\n","protected":false},"excerpt":{"rendered":"<p>El viernes 21 y luego de un largo y complejo proceso de Negociaci\u00f3n Colectiva, que incluy\u00f3 hasta nueve d\u00edas de huelga, finalmente, el Sindicato de Trabajadores N\u00ba 2 Alinorte y &hellip; <\/p>\n","protected":false},"author":2,"featured_media":1739,"comment_status":"closed","ping_status":"closed","sticky":false,"template":"","format":"standard","meta":{"jetpack_post_was_ever_published":false,"_jetpack_newsletter_access":"","_jetpack_dont_email_post_to_subs":false,"_jetpack_newsletter_tier_id":0,"_jetpack_memberships_contains_paywalled_content":false,"_jetpack_memberships_contains_paid_content":false,"footnotes":"","jetpack_publicize_message":"","jetpack_publicize_feature_enabled":true,"jetpack_social_post_already_shared":false,"jetpack_social_options":{"image_generator_settings":{"template":"highway","default_image_id":0,"enabled":false},"version":2}},"categories":[9,21,22,20,19],"tags":[],"class_list":["post-1745","post","type-post","status-publish","format-standard","has-post-thumbnail","hentry","category-confederacion","category-federaciones","category-feminort","category-negociacion-colectiva","category-trabajadores"],"jetpack_publicize_connections":[],"jetpack_featured_media_url":"https:\/\/www.confederaciondelcobre.cl\/wp-content\/uploads\/2021\/06\/Alinorte.jpg","jetpack_sharing_enabled":true,"post_mailing_queue_ids":[],"_links":{"self":[{"href":"https:\/\/www.confederaciondelcobre.cl\/index.php\/wp-json\/wp\/v2\/posts\/1745","targetHints":{"allow":["GET"]}}],"collection":[{"href":"https:\/\/www.confederaciondelcobre.cl\/index.php\/wp-json\/wp\/v2\/posts"}],"about":[{"href":"https:\/\/www.confederaciondelcobre.cl\/index.php\/wp-json\/wp\/v2\/types\/post"}],"author":[{"embeddable":true,"href":"https:\/\/www.confederaciondelcobre.cl\/index.php\/wp-json\/wp\/v2\/users\/2"}],"replies":[{"embeddable":true,"href":"https:\/\/www.confederaciondelcobre.cl\/index.php\/wp-json\/wp\/v2\/comments?post=1745"}],"version-history":[{"count":1,"href":"https:\/\/www.confederaciondelcobre.cl\/index.php\/wp-json\/wp\/v2\/posts\/1745\/revisions"}],"predecessor-version":[{"id":1746,"href":"https:\/\/www.confederaciondelcobre.cl\/index.php\/wp-json\/wp\/v2\/posts\/1745\/revisions\/1746"}],"wp:featuredmedia":[{"embeddable":true,"href":"https:\/\/www.confederaciondelcobre.cl\/index.php\/wp-json\/wp\/v2\/media\/1739"}],"wp:attachment":[{"href":"https:\/\/www.confederaciondelcobre.cl\/index.php\/wp-json\/wp\/v2\/media?parent=1745"}],"wp:term":[{"taxonomy":"category","embeddable":true,"href":"https:\/\/www.confederaciondelcobre.cl\/index.php\/wp-json\/wp\/v2\/categories?post=1745"},{"taxonomy":"post_tag","embeddable":true,"href":"https:\/\/www.confederaciondelcobre.cl\/index.php\/wp-json\/wp\/v2\/tags?post=1745"}],"curies":[{"name":"wp","href":"https:\/\/api.w.org\/{rel}","templated":true}]}}