{"id":1747,"date":"2021-05-25T12:00:59","date_gmt":"2021-05-25T12:00:59","guid":{"rendered":"https:\/\/www.confederaciondelcobre.cl\/?p=1747"},"modified":"2021-06-10T02:25:55","modified_gmt":"2021-06-10T02:25:55","slug":"elecciones-cut-2021","status":"publish","type":"post","link":"https:\/\/www.confederaciondelcobre.cl\/index.php\/2021\/05\/25\/elecciones-cut-2021\/","title":{"rendered":"Elecciones CUT 2021."},"content":{"rendered":"\n<p>ste 26, 27 y 28 de mayo son las Elecciones de la Central Unitaria de Trabajadores (CUT Chile). En dicho proceso, que se realizar\u00e1 de forma electr\u00f3nica, votando en el sitio web&nbsp;<a rel=\"noreferrer noopener\" href=\"https:\/\/l.facebook.com\/l.php?u=http%3A%2F%2Fwww.eleccioncut2021.cl%2F%3Ffbclid%3DIwAR3rqlS4jxDkLJMWeO5hDHaOpe2CPqaBuSb5OHLv5LcMU0SzosptywMf9ew&amp;h=AT3qsc2x9WpmwrFl9OlqSxM5KbHhjEVxhCI3m8m_vjFMp8AWd7pNThS-VoOuIN166U_HBzh-3_HOpmcyHXyFnOT-ZyqljJRGi6mAxiVppl59UuX2jnLKegqe6Tdyr-L1tWKCL7_eVA&amp;__tn__=-UK-R&amp;c[0]=AT3OtVF1WudbtouDxL_hSm4wz0Jx__ScjdQHmHPuo9SozCwMfVpdpDz7Aqx7BJfsx8YjcjmR3Sz6M9sZZzOVUMTlXKhy5zxROv08Y7IJCr_tYvupEQsMSedR490kAt0LngKpkLubqEtV6n35_veMky3sLPqKCnyjcSMVSuOEMWdX9qjSUA\" target=\"_blank\">www.eleccioncut2021.cl<\/a>, podr\u00e1n participar y votar todas las y los trabajadores afiliados a la Central y que est\u00e9n actualmente habilitados para estas elecciones.<\/p>\n\n\n\n<p>La Confederaci\u00f3n de Trabajadores del Cobre (CTC), por su parte, presenta dos candidaturas nacionales (titular y suplente, respectivamente) que se incorporan a la Lista A \u2013 Poder Sindical para el Chile que nace:<\/p>\n\n\n\n<figure class=\"wp-block-image\"><img loading=\"lazy\" decoding=\"async\" width=\"1024\" height=\"1024\" src=\"https:\/\/www.confederaciondelcobre.cl\/wp-content\/uploads\/2021\/06\/Manuel-Ahumada-1024x1024.png\" alt=\"\" class=\"wp-image-1748\" srcset=\"https:\/\/www.confederaciondelcobre.cl\/wp-content\/uploads\/2021\/06\/Manuel-Ahumada-1024x1024.png 1024w, https:\/\/www.confederaciondelcobre.cl\/wp-content\/uploads\/2021\/06\/Manuel-Ahumada-150x150.png 150w, https:\/\/www.confederaciondelcobre.cl\/wp-content\/uploads\/2021\/06\/Manuel-Ahumada-300x300.png 300w, https:\/\/www.confederaciondelcobre.cl\/wp-content\/uploads\/2021\/06\/Manuel-Ahumada-768x768.png 768w, https:\/\/www.confederaciondelcobre.cl\/wp-content\/uploads\/2021\/06\/Manuel-Ahumada.png 1080w\" sizes=\"auto, (max-width: 1024px) 100vw, 1024px\" \/><\/figure>\n\n\n\n<h4 class=\"wp-block-heading\">\u2013\u00a0<strong>Manuel Ahumada Letelier<\/strong>, actual Consejero Nacional de la CUT, Presidente de la Confederaci\u00f3n de Trabajadores del Cobre y Candidato Titular al Consejo Nacional de la CUT para el per\u00edodo 2021-2025.<\/h4>\n\n\n\n<figure class=\"wp-block-image\"><img loading=\"lazy\" decoding=\"async\" width=\"1024\" height=\"1024\" src=\"https:\/\/www.confederaciondelcobre.cl\/wp-content\/uploads\/2021\/06\/Ana-Lamas-1024x1024.png\" alt=\"\" class=\"wp-image-1749\" srcset=\"https:\/\/www.confederaciondelcobre.cl\/wp-content\/uploads\/2021\/06\/Ana-Lamas-1024x1024.png 1024w, https:\/\/www.confederaciondelcobre.cl\/wp-content\/uploads\/2021\/06\/Ana-Lamas-150x150.png 150w, https:\/\/www.confederaciondelcobre.cl\/wp-content\/uploads\/2021\/06\/Ana-Lamas-300x300.png 300w, https:\/\/www.confederaciondelcobre.cl\/wp-content\/uploads\/2021\/06\/Ana-Lamas-768x768.png 768w, https:\/\/www.confederaciondelcobre.cl\/wp-content\/uploads\/2021\/06\/Ana-Lamas.png 1080w\" sizes=\"auto, (max-width: 1024px) 100vw, 1024px\" \/><\/figure>\n\n\n\n<h4 class=\"wp-block-heading\">\u2013&nbsp;<strong>Ana Lamas Aguirre<\/strong>, Secretaria General de la Confederaci\u00f3n de Trabajadores del Cobre y Candidata Suplente al Consejo Nacional de la CUT para el per\u00edodo 2021-2025.<\/h4>\n\n\n\n<p><strong>Entre las propuestas y objetivos de la Lista A, Poder Sindical para el Chile que nace, se encuentran:<\/strong><\/p>\n\n\n\n<ul class=\"wp-block-list\"><li>Sueldo m\u00ednimo de $500 mil.<\/li><li>Renta B\u00e1sica Universal.<\/li><li>Precios de bienes esenciales congelados durante la crisis.<\/li><li>Promoci\u00f3n de los Derechos Colectivos de las y los Trabajadores organizados.<\/li><li>Di\u00e1logo Social efectivo con tripartismo en las decisiones que afectan al trabajo.<\/li><li>Sistema de Seguridad Social Integral y Universal dirigido por el Estado.<\/li><li>Plan de Inversi\u00f3n en Obras P\u00fablicas que genere Trabajos Dignos con Derechos Colectivos en todas las regiones del pa\u00eds.<\/li><li>Pol\u00edtica Nacional de Salud y Seguridad en el Trabajo, que garantice la vida y la salud de las y los trabajadores por sobre cualquier consideraci\u00f3n econ\u00f3mica. Por ejemplo, en miner\u00eda: ratificaci\u00f3n del Convenio 176 de la Organizaci\u00f3n Internacional del Trabajo (OIT), sobre Seguridad y Salud en las Minas.<\/li><\/ul>\n\n\n\n<hr class=\"wp-block-separator\"\/>\n\n\n\n<div class=\"wp-block-image\"><figure class=\"aligncenter\"><img loading=\"lazy\" decoding=\"async\" width=\"1024\" height=\"1024\" src=\"https:\/\/www.confederaciondelcobre.cl\/wp-content\/uploads\/2021\/06\/Nueve-mas-un-suplente-1024x1024.png\" alt=\"\" class=\"wp-image-1752\" srcset=\"https:\/\/www.confederaciondelcobre.cl\/wp-content\/uploads\/2021\/06\/Nueve-mas-un-suplente-1024x1024.png 1024w, https:\/\/www.confederaciondelcobre.cl\/wp-content\/uploads\/2021\/06\/Nueve-mas-un-suplente-150x150.png 150w, https:\/\/www.confederaciondelcobre.cl\/wp-content\/uploads\/2021\/06\/Nueve-mas-un-suplente-300x300.png 300w, https:\/\/www.confederaciondelcobre.cl\/wp-content\/uploads\/2021\/06\/Nueve-mas-un-suplente-768x768.png 768w, https:\/\/www.confederaciondelcobre.cl\/wp-content\/uploads\/2021\/06\/Nueve-mas-un-suplente.png 1080w\" sizes=\"auto, (max-width: 1024px) 100vw, 1024px\" \/><\/figure><\/div>\n\n\n\n<p><strong>PARA VOTAR:<\/strong><\/p>\n\n\n\n<ul class=\"wp-block-list\"><li>Ingresa a www.eleccioncut2021.cl<\/li><li>Escribe tu RUT, celular o email (te llegar\u00e1 una clave de votaci\u00f3n, ingr\u00e9sala para acreditarte).<\/li><li>Ya votando, debes marcar tus preferencias en cuatro papeletas:<ul><li>Nacional: vota hasta por nueve candidatos\/as.<\/li><li>Nacional Suplente: vota solo por un\/a candidato\/a.<\/li><li>Territorio: vota hasta por cinco candidatos\/as.<\/li><li>Territorio Suplente: vota por solo un\/a candidato\/a.<\/li><\/ul><\/li><\/ul>\n\n\n\n<h4 class=\"wp-block-heading\">Porque en este momento decisivo Chile y su pueblo necesitan Poder Sindical, este 26, 27 y 28 de mayo:&nbsp;<a href=\"https:\/\/www.facebook.com\/hashtag\/listaa?__eep__=6&amp;__cft__[0]=AZWYJ_SX2Z_oxTY69--NyZoOGyKDHaLjnz4veRclUe0onFNQy_HZaRTrNpeCm9tP0yoHdYQGJtlr_Tjc_VJhtO1Zysas3qPxSy6SQdDoKRzqpmzcu59a7ssUR42xlOcoTXNsobaL2-lhpt10SaSqpb1OLaYMCTPAGOVochTwTcdtiA&amp;__tn__=*NK-R\">#ListaA<\/a>,&nbsp;<a href=\"https:\/\/www.facebook.com\/hashtag\/podersindical?__eep__=6&amp;__cft__[0]=AZWYJ_SX2Z_oxTY69--NyZoOGyKDHaLjnz4veRclUe0onFNQy_HZaRTrNpeCm9tP0yoHdYQGJtlr_Tjc_VJhtO1Zysas3qPxSy6SQdDoKRzqpmzcu59a7ssUR42xlOcoTXNsobaL2-lhpt10SaSqpb1OLaYMCTPAGOVochTwTcdtiA&amp;__tn__=*NK-R\">#PoderSindical<\/a>&nbsp;para el Chile que nace.<\/h4>\n","protected":false},"excerpt":{"rendered":"<p>ste 26, 27 y 28 de mayo son las Elecciones de la Central Unitaria de Trabajadores (CUT Chile). En dicho proceso, que se realizar\u00e1 de forma electr\u00f3nica, votando en el &hellip; <\/p>\n","protected":false},"author":2,"featured_media":1751,"comment_status":"closed","ping_status":"closed","sticky":false,"template":"","format":"standard","meta":{"jetpack_post_was_ever_published":false,"_jetpack_newsletter_access":"","_jetpack_dont_email_post_to_subs":false,"_jetpack_newsletter_tier_id":0,"_jetpack_memberships_contains_paywalled_content":false,"_jetpack_memberships_contains_paid_content":false,"footnotes":"","jetpack_publicize_message":"","jetpack_publicize_feature_enabled":true,"jetpack_social_post_already_shared":false,"jetpack_social_options":{"image_generator_settings":{"template":"highway","default_image_id":0,"enabled":false},"version":2}},"categories":[9,27,21,22,28,26,25,29,31,15,19],"tags":[],"class_list":["post-1747","post","type-post","status-publish","format-standard","has-post-thumbnail","hentry","category-confederacion","category-cut","category-federaciones","category-feminort","category-fesal","category-fesamab","category-fesamav","category-fetramac","category-fetratec","category-nacional","category-trabajadores"],"jetpack_publicize_connections":[],"jetpack_featured_media_url":"https:\/\/www.confederaciondelcobre.cl\/wp-content\/uploads\/2021\/05\/EleccionesCUT.jpg","jetpack_sharing_enabled":true,"post_mailing_queue_ids":[],"_links":{"self":[{"href":"https:\/\/www.confederaciondelcobre.cl\/index.php\/wp-json\/wp\/v2\/posts\/1747","targetHints":{"allow":["GET"]}}],"collection":[{"href":"https:\/\/www.confederaciondelcobre.cl\/index.php\/wp-json\/wp\/v2\/posts"}],"about":[{"href":"https:\/\/www.confederaciondelcobre.cl\/index.php\/wp-json\/wp\/v2\/types\/post"}],"author":[{"embeddable":true,"href":"https:\/\/www.confederaciondelcobre.cl\/index.php\/wp-json\/wp\/v2\/users\/2"}],"replies":[{"embeddable":true,"href":"https:\/\/www.confederaciondelcobre.cl\/index.php\/wp-json\/wp\/v2\/comments?post=1747"}],"version-history":[{"count":2,"href":"https:\/\/www.confederaciondelcobre.cl\/index.php\/wp-json\/wp\/v2\/posts\/1747\/revisions"}],"predecessor-version":[{"id":1753,"href":"https:\/\/www.confederaciondelcobre.cl\/index.php\/wp-json\/wp\/v2\/posts\/1747\/revisions\/1753"}],"wp:featuredmedia":[{"embeddable":true,"href":"https:\/\/www.confederaciondelcobre.cl\/index.php\/wp-json\/wp\/v2\/media\/1751"}],"wp:attachment":[{"href":"https:\/\/www.confederaciondelcobre.cl\/index.php\/wp-json\/wp\/v2\/media?parent=1747"}],"wp:term":[{"taxonomy":"category","embeddable":true,"href":"https:\/\/www.confederaciondelcobre.cl\/index.php\/wp-json\/wp\/v2\/categories?post=1747"},{"taxonomy":"post_tag","embeddable":true,"href":"https:\/\/www.confederaciondelcobre.cl\/index.php\/wp-json\/wp\/v2\/tags?post=1747"}],"curies":[{"name":"wp","href":"https:\/\/api.w.org\/{rel}","templated":true}]}}