{"id":175,"date":"2019-04-02T16:33:49","date_gmt":"2019-04-02T16:33:49","guid":{"rendered":"http:\/\/www.ctc2018.cl\/?p=175"},"modified":"2020-04-27T00:32:59","modified_gmt":"2020-04-27T00:32:59","slug":"resolucion-corte-de-apelaciones-de-santiago-sobre-reserva-de-derechos-en-finiquitos-en-notarias","status":"publish","type":"post","link":"https:\/\/www.confederaciondelcobre.cl\/index.php\/2019\/04\/02\/resolucion-corte-de-apelaciones-de-santiago-sobre-reserva-de-derechos-en-finiquitos-en-notarias\/","title":{"rendered":"Resoluci\u00f3n Corte de Apelaciones de Santiago sobre reserva de derechos en finiquitos en notar\u00edas."},"content":{"rendered":"\n<p>El d\u00eda 26 de marzo, en sesi\u00f3n del tribunal pleno de la Corte de Apelaciones de Santiago, se dict\u00f3 una resoluci\u00f3n que&nbsp;<strong>instruye en general a las y los notarios<\/strong>&nbsp;en el sentido de que&nbsp;<strong>permitan que los trabajadores formulen reservas de derechos en sus finiquitos<\/strong>&nbsp;<strong>sin condicionar la entrega de los dineros&nbsp;a falta de esta (reserva)<\/strong>. Es decir, que a los trabajadores que hagan reserva de derechos&nbsp;<strong>no se les puede negar el pago de su finiquito en las notar\u00edas.<\/strong><\/p>\n\n\n\n<figure class=\"wp-block-image\"><a href=\"http:\/\/www.confederaciondelcobre.cl\/erbocefnoc\/resolucion-corte-de-apelaciones-de-santiago-sobre-reserva-de-derechos-en-finiquitos-en-notarias\/instructivo\/\"><img decoding=\"async\" src=\"http:\/\/www.confederaciondelcobre.cl\/erbocefnoc\/wp-content\/uploads\/2019\/04\/Instructivo.png\" alt=\"Instructivo\" class=\"wp-image-10869\"\/><\/a><\/figure>\n","protected":false},"excerpt":{"rendered":"<p>El d\u00eda 26 de marzo, en sesi\u00f3n del tribunal pleno de la Corte de Apelaciones de Santiago, se dict\u00f3 una resoluci\u00f3n que&nbsp;instruye en general a las y los notarios&nbsp;en el &hellip; <\/p>\n","protected":false},"author":2,"featured_media":177,"comment_status":"open","ping_status":"open","sticky":false,"template":"","format":"standard","meta":{"jetpack_post_was_ever_published":false,"_jetpack_newsletter_access":"","_jetpack_dont_email_post_to_subs":false,"_jetpack_newsletter_tier_id":0,"_jetpack_memberships_contains_paywalled_content":false,"_jetpack_memberships_contains_paid_content":false,"footnotes":"","jetpack_publicize_message":"","jetpack_publicize_feature_enabled":true,"jetpack_social_post_already_shared":false,"jetpack_social_options":{"image_generator_settings":{"template":"highway","default_image_id":0,"enabled":false},"version":2}},"categories":[9,21,19],"tags":[],"class_list":["post-175","post","type-post","status-publish","format-standard","has-post-thumbnail","hentry","category-confederacion","category-federaciones","category-trabajadores"],"jetpack_publicize_connections":[],"jetpack_featured_media_url":"https:\/\/www.confederaciondelcobre.cl\/wp-content\/uploads\/2019\/11\/EncWeb.jpg","jetpack_sharing_enabled":true,"post_mailing_queue_ids":[],"_links":{"self":[{"href":"https:\/\/www.confederaciondelcobre.cl\/index.php\/wp-json\/wp\/v2\/posts\/175","targetHints":{"allow":["GET"]}}],"collection":[{"href":"https:\/\/www.confederaciondelcobre.cl\/index.php\/wp-json\/wp\/v2\/posts"}],"about":[{"href":"https:\/\/www.confederaciondelcobre.cl\/index.php\/wp-json\/wp\/v2\/types\/post"}],"author":[{"embeddable":true,"href":"https:\/\/www.confederaciondelcobre.cl\/index.php\/wp-json\/wp\/v2\/users\/2"}],"replies":[{"embeddable":true,"href":"https:\/\/www.confederaciondelcobre.cl\/index.php\/wp-json\/wp\/v2\/comments?post=175"}],"version-history":[{"count":1,"href":"https:\/\/www.confederaciondelcobre.cl\/index.php\/wp-json\/wp\/v2\/posts\/175\/revisions"}],"predecessor-version":[{"id":176,"href":"https:\/\/www.confederaciondelcobre.cl\/index.php\/wp-json\/wp\/v2\/posts\/175\/revisions\/176"}],"wp:featuredmedia":[{"embeddable":true,"href":"https:\/\/www.confederaciondelcobre.cl\/index.php\/wp-json\/wp\/v2\/media\/177"}],"wp:attachment":[{"href":"https:\/\/www.confederaciondelcobre.cl\/index.php\/wp-json\/wp\/v2\/media?parent=175"}],"wp:term":[{"taxonomy":"category","embeddable":true,"href":"https:\/\/www.confederaciondelcobre.cl\/index.php\/wp-json\/wp\/v2\/categories?post=175"},{"taxonomy":"post_tag","embeddable":true,"href":"https:\/\/www.confederaciondelcobre.cl\/index.php\/wp-json\/wp\/v2\/tags?post=175"}],"curies":[{"name":"wp","href":"https:\/\/api.w.org\/{rel}","templated":true}]}}