{"id":1754,"date":"2021-05-31T12:00:06","date_gmt":"2021-05-31T12:00:06","guid":{"rendered":"https:\/\/www.confederaciondelcobre.cl\/?p=1754"},"modified":"2021-06-10T02:31:44","modified_gmt":"2021-06-10T02:31:44","slug":"acuerdo-marco-ctc-codelco-resultados-preliminares-y-periodo-de-apelacion-becas-para-la-educacion-superior","status":"publish","type":"post","link":"https:\/\/www.confederaciondelcobre.cl\/index.php\/2021\/05\/31\/acuerdo-marco-ctc-codelco-resultados-preliminares-y-periodo-de-apelacion-becas-para-la-educacion-superior\/","title":{"rendered":"Acuerdo Marco CTC-Codelco: Resultados preliminares y per\u00edodo de apelaci\u00f3n Becas para la Educaci\u00f3n Superior."},"content":{"rendered":"\n<p>Compa\u00f1eras y Compa\u00f1eros, comunicamos que&nbsp;a partir de&nbsp;<strong>hoy lunes 31 de mayo<\/strong>, y luego de una recalendarizaci\u00f3n,<strong>&nbsp;ya est\u00e1n disponibles los resultados preliminares de las postulaciones a las Becas de Excelencia Acad\u00e9mica de Educaci\u00f3n Superior, para este a\u00f1o 2021, que corresponden al vigente Acuerdo Marco entre la Confederaci\u00f3n de Trabajadores del Cobre (CTC), Agema y Codelco.<\/strong><\/p>\n\n\n\n<p>Las becas, conquistadas gracias al Acuerdo Marco firmado entre la Confederaci\u00f3n de Trabajadores del Cobre (CTC), Agema y Codelco el a\u00f1o 2007 (ampliado y mejorado los a\u00f1os 2009, 2011 y 2013),&nbsp;<strong>establecen para este a\u00f1o una cantidad de 2.800 cupos&nbsp;<\/strong>por un total de $805.000 brutos por cada beneficiario y est\u00e1n destinadas a&nbsp;<strong>los hijos, c\u00f3nyuges o convivientes&nbsp;<\/strong>\u2014<strong>independiente de su orientaci\u00f3n sexual<\/strong>\u2014<strong>&nbsp;de las y los trabajadores contratistas y subcontratistas, o las y los propios compa\u00f1eros que prestan sus servicios de manera permanente, continua y exclusiva a las Empresas Contratistas, en los recintos industriales o establecimientos productivos, o administrativos de las Divisiones productivas y Casa Matriz de Codelco Chile, por un per\u00edodo m\u00ednimo de un mes calendario.<\/strong><\/p>\n\n\n\n<p>Cabe se\u00f1alar que, junto con los resultados preliminares,\u00a0<strong>tambi\u00e9n inici\u00f3 a partir de hoy mismo (31 de mayo) el per\u00edodo de apelaci\u00f3n cuyo plazo ser\u00e1 hasta el lunes 14 de junio.\u00a0<\/strong>Es durante este plazo de apelaci\u00f3n que las y los compa\u00f1eros que hicieron sus postulaciones, y que hayan recibido observaciones por la falta de requisitos, podr\u00e1n corregir o ingresar los antecedentes faltantes.<strong>\u00a0Este proceso, como es habitual, podr\u00e1 hacerse ingresando al sitio de la OTIC de la C\u00e1mara Chilena de la Construcci\u00f3n\u00a0<a href=\"http:\/\/www.oticdelaconstruccion.cl\/fondos2021\/portada.php\" target=\"_blank\" rel=\"noreferrer noopener\" aria-label=\" (abrir en una nueva pesta\u00f1a)\">(HACIENDO CLICK AQU\u00cd)<\/a>\u00a0y seleccionar la opci\u00f3n \u201cBecas de Educaci\u00f3n Superior\u201d. Una vez all\u00ed, en el bot\u00f3n \u201cingresar\u201d, el trabajador o trabajadora debe ingresar su RUT, para ver los resultados preliminares y\/\u00f3 apelar a los mismos.<\/strong><\/p>\n\n\n\n<hr class=\"wp-block-separator\"\/>\n\n\n\n<p><strong>CALENDARIO<\/strong><\/p>\n\n\n\n<ul class=\"wp-block-list\"><li><strong>Postulaci\u00f3n:<\/strong>&nbsp;lunes 15 de marzo \u2013 jueves 15 de abril.<\/li><li><strong>Resultados Preliminares:<\/strong>&nbsp;lunes 31 de mayo.<\/li><li><strong>Per\u00edodo Apelaci\u00f3n:<\/strong>&nbsp;lunes 31 de mayo \u2013 lunes 14 de junio.<\/li><li><strong>Resultados Finales:<\/strong>&nbsp;lunes 28 de junio.<\/li><li><strong>Pagos Adjudicados:<\/strong>&nbsp;viernes 02 de julio.<\/li><\/ul>\n\n\n\n<hr class=\"wp-block-separator\"\/>\n\n\n\n<p><br><strong>Nota<\/strong>: para mayores antecedentes respecto de las bases o requisitos, tambi\u00e9n se encuentra, en el mismo sitio se\u00f1alado, ya en la secci\u00f3n Becas, el acceso a dicha informaci\u00f3n.<\/p>\n\n\n\n<p><br><strong>Las y los trabajadores agrupados y organizados en la Confederaci\u00f3n de Trabajadores del Cobre, a partir de la conquista y firma del Acuerdo Marco con Codelco Chile el a\u00f1o 2007 (ampliado y mejorado los a\u00f1os 2009, 2011 y 2013), han logrado una serie de derechos y beneficios, entre ellos el acceso a Becas de Educaci\u00f3n Superior, por lo que reiteramos el llamado a revisar los resultados preliminares de sus postulaciones y difundir este proceso entre sus compa\u00f1eras y compa\u00f1eros.<\/strong><\/p>\n\n\n\n<div class=\"wp-block-image\"><figure class=\"aligncenter\"><img loading=\"lazy\" decoding=\"async\" width=\"720\" height=\"930\" src=\"https:\/\/www.confederaciondelcobre.cl\/wp-content\/uploads\/2021\/06\/Becas-1.png\" alt=\"\" class=\"wp-image-1756\" srcset=\"https:\/\/www.confederaciondelcobre.cl\/wp-content\/uploads\/2021\/06\/Becas-1.png 720w, https:\/\/www.confederaciondelcobre.cl\/wp-content\/uploads\/2021\/06\/Becas-1-232x300.png 232w\" sizes=\"auto, (max-width: 720px) 100vw, 720px\" \/><\/figure><\/div>\n","protected":false},"excerpt":{"rendered":"<p>Compa\u00f1eras y Compa\u00f1eros, comunicamos que&nbsp;a partir de&nbsp;hoy lunes 31 de mayo, y luego de una recalendarizaci\u00f3n,&nbsp;ya est\u00e1n disponibles los resultados preliminares de las postulaciones a las Becas de Excelencia Acad\u00e9mica &hellip; <\/p>\n","protected":false},"author":2,"featured_media":1755,"comment_status":"closed","ping_status":"closed","sticky":false,"template":"","format":"standard","meta":{"jetpack_post_was_ever_published":false,"_jetpack_newsletter_access":"","_jetpack_dont_email_post_to_subs":false,"_jetpack_newsletter_tier_id":0,"_jetpack_memberships_contains_paywalled_content":false,"_jetpack_memberships_contains_paid_content":false,"footnotes":"","jetpack_publicize_message":"","jetpack_publicize_feature_enabled":true,"jetpack_social_post_already_shared":false,"jetpack_social_options":{"image_generator_settings":{"template":"highway","default_image_id":0,"enabled":false},"version":2}},"categories":[5,23,9,21,22,28,26,25,29,31,15,19],"tags":[],"class_list":["post-1754","post","type-post","status-publish","format-standard","has-post-thumbnail","hentry","category-acuerdo-marco","category-acuerdo-marco-codelco","category-confederacion","category-federaciones","category-feminort","category-fesal","category-fesamab","category-fesamav","category-fetramac","category-fetratec","category-nacional","category-trabajadores"],"jetpack_publicize_connections":[],"jetpack_featured_media_url":"https:\/\/www.confederaciondelcobre.cl\/wp-content\/uploads\/2021\/06\/BecSup2021.jpg","jetpack_sharing_enabled":true,"post_mailing_queue_ids":[],"_links":{"self":[{"href":"https:\/\/www.confederaciondelcobre.cl\/index.php\/wp-json\/wp\/v2\/posts\/1754","targetHints":{"allow":["GET"]}}],"collection":[{"href":"https:\/\/www.confederaciondelcobre.cl\/index.php\/wp-json\/wp\/v2\/posts"}],"about":[{"href":"https:\/\/www.confederaciondelcobre.cl\/index.php\/wp-json\/wp\/v2\/types\/post"}],"author":[{"embeddable":true,"href":"https:\/\/www.confederaciondelcobre.cl\/index.php\/wp-json\/wp\/v2\/users\/2"}],"replies":[{"embeddable":true,"href":"https:\/\/www.confederaciondelcobre.cl\/index.php\/wp-json\/wp\/v2\/comments?post=1754"}],"version-history":[{"count":1,"href":"https:\/\/www.confederaciondelcobre.cl\/index.php\/wp-json\/wp\/v2\/posts\/1754\/revisions"}],"predecessor-version":[{"id":1757,"href":"https:\/\/www.confederaciondelcobre.cl\/index.php\/wp-json\/wp\/v2\/posts\/1754\/revisions\/1757"}],"wp:featuredmedia":[{"embeddable":true,"href":"https:\/\/www.confederaciondelcobre.cl\/index.php\/wp-json\/wp\/v2\/media\/1755"}],"wp:attachment":[{"href":"https:\/\/www.confederaciondelcobre.cl\/index.php\/wp-json\/wp\/v2\/media?parent=1754"}],"wp:term":[{"taxonomy":"category","embeddable":true,"href":"https:\/\/www.confederaciondelcobre.cl\/index.php\/wp-json\/wp\/v2\/categories?post=1754"},{"taxonomy":"post_tag","embeddable":true,"href":"https:\/\/www.confederaciondelcobre.cl\/index.php\/wp-json\/wp\/v2\/tags?post=1754"}],"curies":[{"name":"wp","href":"https:\/\/api.w.org\/{rel}","templated":true}]}}