{"id":1758,"date":"2021-06-04T12:00:26","date_gmt":"2021-06-04T12:00:26","guid":{"rendered":"https:\/\/www.confederaciondelcobre.cl\/?p=1758"},"modified":"2021-06-10T02:36:25","modified_gmt":"2021-06-10T02:36:25","slug":"conversatorios-recuperando-la-memoria-historica-de-la-mineria-en-la-region-de-tarapaca","status":"publish","type":"post","link":"https:\/\/www.confederaciondelcobre.cl\/index.php\/2021\/06\/04\/conversatorios-recuperando-la-memoria-historica-de-la-mineria-en-la-region-de-tarapaca\/","title":{"rendered":"Conversatorios \u201cRecuperando la Memoria Hist\u00f3rica de la Miner\u00eda en la Regi\u00f3n de Tarapac\u00e1\u201d"},"content":{"rendered":"\n<p><strong>RECUPERANDO LA MEMORIA HIST\u00d3RICA DE LA MINER\u00cdA EN LA REGI\u00d3N DE TARAPAC\u00c1<\/strong>&nbsp;es un proyecto cuya realizaci\u00f3n y ejecuci\u00f3n, a cargo de la Federaci\u00f3n Minera del Norte (FEMINORT, que es brazo org\u00e1nico de la Confederaci\u00f3n de Trabajadores del Cobre en la regi\u00f3n de Tarapac\u00e1), patrocinado por la Central Unitaria de Trabajadores de Iquique y financiado por el Gobierno Regional de Tarapac\u00e1 en conjunto con el Consejo Regional de Tarapac\u00e1, tiene por objetivo aportar a la recuperaci\u00f3n de la memoria hist\u00f3rica de las y los trabajadores de la miner\u00eda, promoviendo la identidad obrera y sindical de la regi\u00f3n que es cuna de las organizaciones gremiales y sociales de nuestro pa\u00eds.<\/p>\n\n\n\n<p>Es as\u00ed, entonces, que&nbsp;<strong>hoy viernes 04 y ma\u00f1ana s\u00e1bado 05 de junio se realizar\u00e1n Conversatorios<\/strong>&nbsp;en los que participar\u00e1n dirigentes sindicales nacionales y regionales, y especialistas que profundizar\u00e1n en la historia de la extracci\u00f3n minera de la zona, como tambi\u00e9n en la organizaci\u00f3n obrera y sindical, adem\u00e1s de una amplitud de temas que se le relacionan en t\u00e9rminos pol\u00edticos, sociales, econ\u00f3micos, etc.<\/p>\n\n\n\n<p>A continuaci\u00f3n dejamos detalle de ambas jornadas, con fecha, horarios y participantes:<\/p>\n\n\n\n<p><strong>Viernes 04 de junio, de 18:00 a 21:00 horas:<\/strong><\/p>\n\n\n\n<ul class=\"wp-block-list\"><li>Manuel Ahumada Letelier, Presidente de la Confederaci\u00f3n de Trabajadores del Cobre;<\/li><li>Francisco Cabezas Cort\u00e9s, Presidente de la Federaci\u00f3n Minera del Norte y Director Nacional de la Confederaci\u00f3n de Trabajadores del Cobre;<\/li><li>Karelia Cerda Castro, Historiadora;<\/li><li>Paulo Lanas Castillo, Historiador;<\/li><li>Francia Yamett, Encargada Nacional de la Unidad de Memoria y Derechos Humanos del Ministerio de las Culturas, las Artes y el Patrimonio;<\/li><li>Julio C\u00e1mara, CORE Tarapac\u00e1.<\/li><\/ul>\n\n\n\n<p><strong>S\u00e1bado 05 de junio, de 10:00 a 14:00 horas:<\/strong><\/p>\n\n\n\n<ul class=\"wp-block-list\"><li>Manuel Ahumada Letelier, Presidente de la Confederaci\u00f3n de Trabajadores del Cobre;<\/li><li>Francisco Cabezas Cort\u00e9s, Presidente de la Federaci\u00f3n Minera del Norte y Director Nacional de la Confederaci\u00f3n de Trabajadores del Cobre;<\/li><li>Karelia Cerda Castro, Historiadora;<\/li><li>Manuel Riesco, Economista del Centro de Estudios Nacionales de Desarrollo Alternativo CENDA;<\/li><li>Paulo Lanas Castillo, Historiador;<\/li><li>Martha Elena Montoya, Investigadora de la Universidad Aut\u00f3noma de M\u00e9xico UACM.<br><br>\u2013 La moderaci\u00f3n de ambas jornadas estar\u00e1 a cargo de Gloria K\u00f6nig.<\/li><\/ul>\n\n\n\n<p>La transmisi\u00f3n ser\u00e1 v\u00eda Facebook Live desde el sitio de Facebook de la\u00a0<a rel=\"noreferrer noopener\" href=\"https:\/\/www.facebook.com\/feminort\" target=\"_blank\">FEMINORT<\/a>\u00a0y compartido en simult\u00e1neo por el propio sitio en Facebook de la\u00a0<a rel=\"noreferrer noopener\" href=\"https:\/\/www.facebook.com\/ConfederaciondeTrabajadoresdelCobre\/\" target=\"_blank\">CTC<\/a>.<\/p>\n\n\n\n<div class=\"wp-block-image\"><figure class=\"aligncenter\"><img loading=\"lazy\" decoding=\"async\" width=\"681\" height=\"1024\" src=\"https:\/\/www.confederaciondelcobre.cl\/wp-content\/uploads\/2021\/06\/ConvIqq-681x1024.jpeg\" alt=\"\" class=\"wp-image-1760\" srcset=\"https:\/\/www.confederaciondelcobre.cl\/wp-content\/uploads\/2021\/06\/ConvIqq-681x1024.jpeg 681w, https:\/\/www.confederaciondelcobre.cl\/wp-content\/uploads\/2021\/06\/ConvIqq-200x300.jpeg 200w, https:\/\/www.confederaciondelcobre.cl\/wp-content\/uploads\/2021\/06\/ConvIqq-768x1155.jpeg 768w, https:\/\/www.confederaciondelcobre.cl\/wp-content\/uploads\/2021\/06\/ConvIqq.jpeg 1362w\" sizes=\"auto, (max-width: 681px) 100vw, 681px\" \/><\/figure><\/div>\n","protected":false},"excerpt":{"rendered":"<p>RECUPERANDO LA MEMORIA HIST\u00d3RICA DE LA MINER\u00cdA EN LA REGI\u00d3N DE TARAPAC\u00c1&nbsp;es un proyecto cuya realizaci\u00f3n y ejecuci\u00f3n, a cargo de la Federaci\u00f3n Minera del Norte (FEMINORT, que es brazo &hellip; <\/p>\n","protected":false},"author":2,"featured_media":1759,"comment_status":"closed","ping_status":"closed","sticky":false,"template":"","format":"standard","meta":{"jetpack_post_was_ever_published":false,"_jetpack_newsletter_access":"","_jetpack_dont_email_post_to_subs":false,"_jetpack_newsletter_tier_id":0,"_jetpack_memberships_contains_paywalled_content":false,"_jetpack_memberships_contains_paid_content":false,"footnotes":"","jetpack_publicize_message":"","jetpack_publicize_feature_enabled":true,"jetpack_social_post_already_shared":false,"jetpack_social_options":{"image_generator_settings":{"template":"highway","default_image_id":0,"enabled":false},"version":2}},"categories":[9,21,22,28,26,25,29,31,19],"tags":[],"class_list":["post-1758","post","type-post","status-publish","format-standard","has-post-thumbnail","hentry","category-confederacion","category-federaciones","category-feminort","category-fesal","category-fesamab","category-fesamav","category-fetramac","category-fetratec","category-trabajadores"],"jetpack_publicize_connections":[],"jetpack_featured_media_url":"https:\/\/www.confederaciondelcobre.cl\/wp-content\/uploads\/2021\/06\/PortConvIqq.jpg","jetpack_sharing_enabled":true,"post_mailing_queue_ids":[],"_links":{"self":[{"href":"https:\/\/www.confederaciondelcobre.cl\/index.php\/wp-json\/wp\/v2\/posts\/1758","targetHints":{"allow":["GET"]}}],"collection":[{"href":"https:\/\/www.confederaciondelcobre.cl\/index.php\/wp-json\/wp\/v2\/posts"}],"about":[{"href":"https:\/\/www.confederaciondelcobre.cl\/index.php\/wp-json\/wp\/v2\/types\/post"}],"author":[{"embeddable":true,"href":"https:\/\/www.confederaciondelcobre.cl\/index.php\/wp-json\/wp\/v2\/users\/2"}],"replies":[{"embeddable":true,"href":"https:\/\/www.confederaciondelcobre.cl\/index.php\/wp-json\/wp\/v2\/comments?post=1758"}],"version-history":[{"count":1,"href":"https:\/\/www.confederaciondelcobre.cl\/index.php\/wp-json\/wp\/v2\/posts\/1758\/revisions"}],"predecessor-version":[{"id":1761,"href":"https:\/\/www.confederaciondelcobre.cl\/index.php\/wp-json\/wp\/v2\/posts\/1758\/revisions\/1761"}],"wp:featuredmedia":[{"embeddable":true,"href":"https:\/\/www.confederaciondelcobre.cl\/index.php\/wp-json\/wp\/v2\/media\/1759"}],"wp:attachment":[{"href":"https:\/\/www.confederaciondelcobre.cl\/index.php\/wp-json\/wp\/v2\/media?parent=1758"}],"wp:term":[{"taxonomy":"category","embeddable":true,"href":"https:\/\/www.confederaciondelcobre.cl\/index.php\/wp-json\/wp\/v2\/categories?post=1758"},{"taxonomy":"post_tag","embeddable":true,"href":"https:\/\/www.confederaciondelcobre.cl\/index.php\/wp-json\/wp\/v2\/tags?post=1758"}],"curies":[{"name":"wp","href":"https:\/\/api.w.org\/{rel}","templated":true}]}}