{"id":1762,"date":"2021-06-08T22:00:37","date_gmt":"2021-06-08T22:00:37","guid":{"rendered":"https:\/\/www.confederaciondelcobre.cl\/?p=1762"},"modified":"2021-06-10T02:44:21","modified_gmt":"2021-06-10T02:44:21","slug":"comunicadoctc-sobre-candidatura-de-miguel-vargas-a-gobernador-de-la-region-de-atacama","status":"publish","type":"post","link":"https:\/\/www.confederaciondelcobre.cl\/index.php\/2021\/06\/08\/comunicadoctc-sobre-candidatura-de-miguel-vargas-a-gobernador-de-la-region-de-atacama\/","title":{"rendered":"#ComunicadoCTC: sobre candidatura de Miguel Vargas a Gobernador de la Regi\u00f3n de Atacama."},"content":{"rendered":"\n<p style=\"text-align:center\"><strong>COMUNICADO<\/strong><\/p>\n\n\n\n<p>Ante la proximidad de la elecci\u00f3n de Gobernadores Regionales, la Confederaci\u00f3n de Trabajadores del Cobre (CTC), en conjunto con la Federaci\u00f3n de Sindicatos El Salvador (FESAL) y la Federaci\u00f3n de Trabajadores Contratistas Divisi\u00f3n MantoVerde (FESAMAV), ambas federaciones brazos org\u00e1nicos de la CTC en la regi\u00f3n, comunica a la opini\u00f3n p\u00fablica regional y nacional lo siguiente:<\/p>\n\n\n\n<ol class=\"wp-block-list\"><li>Es de conocimiento nacional, especialmente entre la comunidad atacame\u00f1a, que en el mes de julio de 2015, y ante la negativa de Codelco y las Empresas Contratistas de renegociar el Acuerdo Marco tripartito suscrito con nuestra organizaci\u00f3n el a\u00f1o 2007, las y los Trabajadores Contratistas de Codelco, agrupados y organizados en la CTC, debimos iniciar nuevas y leg\u00edtimas movilizaciones a nivel nacional. Movilizaciones que, cabe recordar, fueron brutalmente reprimidas por Fuerzas Especiales de Carabineros en todas las Divisiones de Codelco. Es en ese contexto de movilizaci\u00f3n que en la madrugada del d\u00eda 24 de julio, Carabineros ataca con bombas lacrim\u00f3genas y tiros de escopeta a las y los trabajadores concentrados en torno a la garita de acceso a la mina de El Salvador, y en estas circunstancias, a las 02:24 horas, el carabinero posteriormente identificado como Marco Guerrero Mart\u00ednez dispara en contra nuestro compa\u00f1ero de trabajo Nelson Quichillao L\u00f3pez, quien cae abatido en el lugar y falleciendo despu\u00e9s en la Cl\u00ednica San Lorenzo a las 03:05 horas de esa misma madrugada.<\/li><li>A la fecha, y a pesar de todas las acciones legales emprendidas por la Confederaci\u00f3n de Trabajadores del Cobre, en conjunto con la propia familia de Nelson Quichillao L\u00f3pez, ante el Juzgado de Garant\u00eda de Diego de Almagro, el Instituto Nacional de Derechos Humanos, el Relator Encargado Especial de la ONU sobre el Derecho a la Libertad de Reuni\u00f3n y Asociaci\u00f3n, la Organizaci\u00f3n Internacional del Trabajo (OIT), y la denuncia realizada ante la Comisi\u00f3n Interamericana de Derechos Humanos en contra del Estado de Chile por denegaci\u00f3n de justicia, el asesinato de nuestro compa\u00f1ero sigue impune.<\/li><li>En el operativo que termina con el asesinato de Nelson, y luego en las m\u00faltiples irregularidades y parcialidades en la investigaci\u00f3n del caso, como Confederaci\u00f3n de Trabajadores del Cobre identificamos claras responsabilidades pol\u00edticas, administrativas e institucionales, entre Codelco, Carabineros y la Intendencia de Atacama, encabezada entonces por el se\u00f1or Miguel Vargas Correa. Nos impacta y nos asombra que el ex Intendente se\u00f1or Vargas, quien carga con una indesmentible responsabilidad pol\u00edtica y administrativa en los hechos, se postule a Gobernador de la Regi\u00f3n de Atacama, como si nunca hubiera pasado nada. De ser electo, sin duda ser\u00eda un peligro para las y los trabajadores organizados de la regi\u00f3n.<\/li><li>El estallido o revuelta social que se inicia en octubre del a\u00f1o 2019, luego el Plebiscito de octubre de 2020 por una nueva Constituci\u00f3n, y finalmente los resultados de la cu\u00e1druple elecci\u00f3n de mayo de 2021, dan cuenta de la decisi\u00f3n popular, transversal e irreversible de cambiar de ra\u00edz el modelo y la institucionalidad neoliberal que tanto sufrimiento ha causado a las y los trabajadores de Chile, y de erradicar definitivamente la subcultura de represi\u00f3n, crimen y tortura con la que se sostiene el modelo. Consecuentes con estas leg\u00edtimas aspiraciones del pueblo, las y los trabajadores contratistas del cobre queremos ser parte de la construcci\u00f3n de un Chile nuevo, justo, democr\u00e1tico, respetuoso y protector de los Derechos Humanos. No queremos m\u00e1s autoridades afines al sistema que nos oprime, ni funcionarios con manos manchadas de sangre.<\/li><\/ol>\n\n\n\n<p style=\"text-align:center\"><strong>CONFEDERACI\u00d3N DE TRABAJADORES DEL COBRE<\/strong><\/p>\n\n\n\n<p style=\"text-align:right\">Chile, junio de 2021.<\/p>\n\n\n\n<figure class=\"wp-block-image\"><img loading=\"lazy\" decoding=\"async\" width=\"651\" height=\"1024\" src=\"https:\/\/www.confederaciondelcobre.cl\/wp-content\/uploads\/2021\/06\/ComCTCJun2021-651x1024.png\" alt=\"\" class=\"wp-image-1763\" srcset=\"https:\/\/www.confederaciondelcobre.cl\/wp-content\/uploads\/2021\/06\/ComCTCJun2021-651x1024.png 651w, https:\/\/www.confederaciondelcobre.cl\/wp-content\/uploads\/2021\/06\/ComCTCJun2021-191x300.png 191w, https:\/\/www.confederaciondelcobre.cl\/wp-content\/uploads\/2021\/06\/ComCTCJun2021-768x1208.png 768w\" sizes=\"auto, (max-width: 651px) 100vw, 651px\" \/><\/figure>\n","protected":false},"excerpt":{"rendered":"<p>COMUNICADO Ante la proximidad de la elecci\u00f3n de Gobernadores Regionales, la Confederaci\u00f3n de Trabajadores del Cobre (CTC), en conjunto con la Federaci\u00f3n de Sindicatos El Salvador (FESAL) y la Federaci\u00f3n &hellip; <\/p>\n","protected":false},"author":2,"featured_media":1764,"comment_status":"closed","ping_status":"closed","sticky":false,"template":"","format":"standard","meta":{"jetpack_post_was_ever_published":false,"_jetpack_newsletter_access":"","_jetpack_dont_email_post_to_subs":false,"_jetpack_newsletter_tier_id":0,"_jetpack_memberships_contains_paywalled_content":false,"_jetpack_memberships_contains_paid_content":false,"footnotes":"","jetpack_publicize_message":"","jetpack_publicize_feature_enabled":true,"jetpack_social_post_already_shared":false,"jetpack_social_options":{"image_generator_settings":{"template":"highway","default_image_id":0,"enabled":false},"version":2}},"categories":[5,23,8,9,21,22,28,26,25,31,15,32,17,19],"tags":[],"class_list":["post-1762","post","type-post","status-publish","format-standard","has-post-thumbnail","hentry","category-acuerdo-marco","category-acuerdo-marco-codelco","category-comunicado","category-confederacion","category-federaciones","category-feminort","category-fesal","category-fesamab","category-fesamav","category-fetratec","category-nacional","category-nelson-quichillao","category-regiones","category-trabajadores"],"jetpack_publicize_connections":[],"jetpack_featured_media_url":"https:\/\/www.confederaciondelcobre.cl\/wp-content\/uploads\/2021\/06\/ComCTCAtacama.jpg","jetpack_sharing_enabled":true,"post_mailing_queue_ids":[],"_links":{"self":[{"href":"https:\/\/www.confederaciondelcobre.cl\/index.php\/wp-json\/wp\/v2\/posts\/1762","targetHints":{"allow":["GET"]}}],"collection":[{"href":"https:\/\/www.confederaciondelcobre.cl\/index.php\/wp-json\/wp\/v2\/posts"}],"about":[{"href":"https:\/\/www.confederaciondelcobre.cl\/index.php\/wp-json\/wp\/v2\/types\/post"}],"author":[{"embeddable":true,"href":"https:\/\/www.confederaciondelcobre.cl\/index.php\/wp-json\/wp\/v2\/users\/2"}],"replies":[{"embeddable":true,"href":"https:\/\/www.confederaciondelcobre.cl\/index.php\/wp-json\/wp\/v2\/comments?post=1762"}],"version-history":[{"count":2,"href":"https:\/\/www.confederaciondelcobre.cl\/index.php\/wp-json\/wp\/v2\/posts\/1762\/revisions"}],"predecessor-version":[{"id":1766,"href":"https:\/\/www.confederaciondelcobre.cl\/index.php\/wp-json\/wp\/v2\/posts\/1762\/revisions\/1766"}],"wp:featuredmedia":[{"embeddable":true,"href":"https:\/\/www.confederaciondelcobre.cl\/index.php\/wp-json\/wp\/v2\/media\/1764"}],"wp:attachment":[{"href":"https:\/\/www.confederaciondelcobre.cl\/index.php\/wp-json\/wp\/v2\/media?parent=1762"}],"wp:term":[{"taxonomy":"category","embeddable":true,"href":"https:\/\/www.confederaciondelcobre.cl\/index.php\/wp-json\/wp\/v2\/categories?post=1762"},{"taxonomy":"post_tag","embeddable":true,"href":"https:\/\/www.confederaciondelcobre.cl\/index.php\/wp-json\/wp\/v2\/tags?post=1762"}],"curies":[{"name":"wp","href":"https:\/\/api.w.org\/{rel}","templated":true}]}}