{"id":178,"date":"2019-04-08T16:36:31","date_gmt":"2019-04-08T16:36:31","guid":{"rendered":"http:\/\/www.ctc2018.cl\/?p=178"},"modified":"2020-04-27T00:31:48","modified_gmt":"2020-04-27T00:31:48","slug":"se-abre-proceso-de-postulacion-para-becas-de-excelencia-academica-para-la-educacion-superior-ano-2019","status":"publish","type":"post","link":"https:\/\/www.confederaciondelcobre.cl\/index.php\/2019\/04\/08\/se-abre-proceso-de-postulacion-para-becas-de-excelencia-academica-para-la-educacion-superior-ano-2019\/","title":{"rendered":"Se abre proceso de postulaci\u00f3n para becas de excelencia acad\u00e9mica para la educaci\u00f3n superior a\u00f1o 2019."},"content":{"rendered":"\n<p>Compa\u00f1eras y Compa\u00f1eros, comunicamos que&nbsp;<strong>a partir de hoy lunes 08 de abril, hasta el mi\u00e9rcoles 08 de mayo, se abre&nbsp;el proceso de postulaci\u00f3n a las Becas de Excelencia Acad\u00e9mica de Educaci\u00f3n Superior para este a\u00f1o 2019<\/strong>.<\/p>\n\n\n\n<p>Las becas conquistadas por los trabajadores y que se materializaron en la firma del Acuerdo Marco entre la CTC, Agema y Codelco el a\u00f1o 2007 (refrendado y ampliado el 2009, 2011 y 2013),&nbsp;<strong>establecen una cantidad de 2.800 cupos&nbsp;por un total de $764.000<\/strong>&nbsp;<strong>brutos<\/strong>&nbsp;por cada beneficiaro yest\u00e1n destinadas a<strong>&nbsp;los&nbsp;hijos, c\u00f3nyuges o convivientes -independiente de su orientaci\u00f3n sexual- de las trabajadoras y trabajadores contratistas y\/o subcontratistas, o los propios compa\u00f1eros que prestan sus servicios de manera permanente,&nbsp;continua y exclusiva&nbsp;a las Empresas Contratistas se\u00f1aladas, en los recintos industriales o establecimientos productivos o administrativos de las divisiones productivas y Casa Matriz de Codelco Chile, por un per\u00edodo m\u00ednimo de un mes calendario.<\/strong><\/p>\n\n\n\n<ul class=\"wp-block-list\"><li><strong>Los plazos para la postulaci\u00f3n y entrega de antecedentes son a partir de hoy lunes 08 de abril hasta el mi\u00e9rcoles 08 de mayo<\/strong>, por lo que ya pueden hacerlo ingresando al sitio de la OTIC de la C\u00e1mara Chilena de la Construcci\u00f3n&nbsp;<a href=\"http:\/\/www.oticdelaconstruccion.cl\/fondos2019\/\" target=\"_blank\" rel=\"noreferrer noopener\">haciendo click aqu\u00ed<\/a>&nbsp;y luego seleccionar la opci\u00f3n \u201c<strong>Becas de Educaci\u00f3n Superior<\/strong>\u201d. Una vez all\u00ed encontrar\u00e1n las Bases e indicaciones sobre la Documentaci\u00f3n Requerida. Hecho lo anterior; el trabajador o trabajadora debe hacer click en la opci\u00f3n \u201cingresar\u201d donde se solicitar\u00e1 su rut para continuar con el proceso de postulaci\u00f3n.<\/li><\/ul>\n\n\n\n<p>Cabe se\u00f1alar que estas becas son solo&nbsp;<strong>para estudios de Pre-grado en Universidades, Institutos Profesionales y Centros de Formaci\u00f3n T\u00e9cnica (CFT) reconocidos por el Ministerio de Educaci\u00f3n y estudios superiores en fuerzas armadas y de orden. Indicar, adem\u00e1s, que quedan excluidos de este beneficio todos aquellos trabajadores(as) contratistas y subcontratistas de la Vicepresidencia de Proyectos (VP) de Codelco.&nbsp;<\/strong><\/p>\n\n\n\n<p>La Confederaci\u00f3n de Trabajadores del Cobre, a partir de la conquista y firma del Acuerdo Marco con Codelco, ha logrado una serie de beneficios entre los cuales se encuentra el acceso a becas de excelencia acad\u00e9mica para la educaci\u00f3n superior.&nbsp;<strong>Hacemos, entonces, el llamado a difundir este beneficio entre las y los compa\u00f1eros y hacer sus postulaciones<\/strong>.<\/p>\n\n\n\n<figure class=\"wp-block-image\"><a href=\"http:\/\/www.confederaciondelcobre.cl\/erbocefnoc\/se-abre-proceso-de-postulacion-para-becas-de-excelencia-academica-para-la-educacion-superior-ano-2019\/becasedsup2019\/\"><img decoding=\"async\" src=\"http:\/\/www.confederaciondelcobre.cl\/erbocefnoc\/wp-content\/uploads\/2019\/04\/BECASEDSUP2019.png\" alt=\"Becas de Excelencia Acad\u00e9mica para la educaci\u00f3n superior, proceso 2019.\" class=\"wp-image-10878\"\/><\/a><\/figure>\n\n\n\n<p>Calendario con el proceso completo desde el inicio de postulaciones hasta la adjudicaci\u00f3n de becas.<\/p>\n","protected":false},"excerpt":{"rendered":"<p>Compa\u00f1eras y Compa\u00f1eros, comunicamos que&nbsp;a partir de hoy lunes 08 de abril, hasta el mi\u00e9rcoles 08 de mayo, se abre&nbsp;el proceso de postulaci\u00f3n a las Becas de Excelencia Acad\u00e9mica de &hellip; <\/p>\n","protected":false},"author":2,"featured_media":180,"comment_status":"open","ping_status":"open","sticky":false,"template":"","format":"standard","meta":{"jetpack_post_was_ever_published":false,"_jetpack_newsletter_access":"","_jetpack_dont_email_post_to_subs":false,"_jetpack_newsletter_tier_id":0,"_jetpack_memberships_contains_paywalled_content":false,"_jetpack_memberships_contains_paid_content":false,"footnotes":"","jetpack_publicize_message":"","jetpack_publicize_feature_enabled":true,"jetpack_social_post_already_shared":false,"jetpack_social_options":{"image_generator_settings":{"template":"highway","default_image_id":0,"enabled":false},"version":2}},"categories":[23,9,21],"tags":[],"class_list":["post-178","post","type-post","status-publish","format-standard","has-post-thumbnail","hentry","category-acuerdo-marco-codelco","category-confederacion","category-federaciones"],"jetpack_publicize_connections":[],"jetpack_featured_media_url":"https:\/\/www.confederaciondelcobre.cl\/wp-content\/uploads\/2019\/11\/BannerBecas2019.jpg","jetpack_sharing_enabled":true,"post_mailing_queue_ids":[],"_links":{"self":[{"href":"https:\/\/www.confederaciondelcobre.cl\/index.php\/wp-json\/wp\/v2\/posts\/178","targetHints":{"allow":["GET"]}}],"collection":[{"href":"https:\/\/www.confederaciondelcobre.cl\/index.php\/wp-json\/wp\/v2\/posts"}],"about":[{"href":"https:\/\/www.confederaciondelcobre.cl\/index.php\/wp-json\/wp\/v2\/types\/post"}],"author":[{"embeddable":true,"href":"https:\/\/www.confederaciondelcobre.cl\/index.php\/wp-json\/wp\/v2\/users\/2"}],"replies":[{"embeddable":true,"href":"https:\/\/www.confederaciondelcobre.cl\/index.php\/wp-json\/wp\/v2\/comments?post=178"}],"version-history":[{"count":1,"href":"https:\/\/www.confederaciondelcobre.cl\/index.php\/wp-json\/wp\/v2\/posts\/178\/revisions"}],"predecessor-version":[{"id":179,"href":"https:\/\/www.confederaciondelcobre.cl\/index.php\/wp-json\/wp\/v2\/posts\/178\/revisions\/179"}],"wp:featuredmedia":[{"embeddable":true,"href":"https:\/\/www.confederaciondelcobre.cl\/index.php\/wp-json\/wp\/v2\/media\/180"}],"wp:attachment":[{"href":"https:\/\/www.confederaciondelcobre.cl\/index.php\/wp-json\/wp\/v2\/media?parent=178"}],"wp:term":[{"taxonomy":"category","embeddable":true,"href":"https:\/\/www.confederaciondelcobre.cl\/index.php\/wp-json\/wp\/v2\/categories?post=178"},{"taxonomy":"post_tag","embeddable":true,"href":"https:\/\/www.confederaciondelcobre.cl\/index.php\/wp-json\/wp\/v2\/tags?post=178"}],"curies":[{"name":"wp","href":"https:\/\/api.w.org\/{rel}","templated":true}]}}