{"id":1789,"date":"2021-06-29T18:05:45","date_gmt":"2021-06-29T18:05:45","guid":{"rendered":"https:\/\/www.confederaciondelcobre.cl\/?p=1789"},"modified":"2021-06-29T18:08:53","modified_gmt":"2021-06-29T18:08:53","slug":"resultados-finales-becas-educacion-superior-por-acuerdo-marco-ctc-codelco-ano-2021","status":"publish","type":"post","link":"https:\/\/www.confederaciondelcobre.cl\/index.php\/2021\/06\/29\/resultados-finales-becas-educacion-superior-por-acuerdo-marco-ctc-codelco-ano-2021\/","title":{"rendered":"Resultados Finales Becas Educaci\u00f3n Superior por Acuerdo Marco CTC-Codelco, a\u00f1o 2021."},"content":{"rendered":"\n<p>Compa\u00f1eras y Compa\u00f1eros, comunicamos que\u00a0<strong> ya est\u00e1n disponibles los resultados finales de las postulaciones a las Becas de Excelencia Acad\u00e9mica de Educaci\u00f3n Superior, para este a\u00f1o 2021, que corresponden al Acuerdo Marco entre la Confederaci\u00f3n de Trabajadores del Cobre (CTC), Agema y Codelco.<\/strong><\/p>\n\n\n\n<ul class=\"wp-block-list\"><li>Las becas, conquistadas e incluidas en el Acuerdo Marco firmado entre la Confederaci\u00f3n de Trabajadores del Cobre (CTC), Agema y Codelco el a\u00f1o 2007,&nbsp;<strong>establecen para este 2021 una cantidad de 2.800 cupos&nbsp;por un total de $805.000 brutos<\/strong> <strong>para cada beneficiario<\/strong> <strong>y est\u00e1n destinadas a<\/strong>&nbsp;<strong>los hijos, c\u00f3nyuges o convivientes \u2014independiente de su orientaci\u00f3n sexual\u2014 de las y los trabajadores contratistas y subcontratistas, o los propios compa\u00f1eros que prestan sus servicios de manera permanente, continua y exclusiva a las Empresas Contratistas, en los recintos industriales o establecimientos productivos, o administrativos de las Divisiones productivas y Casa Matriz de Codelco Chile, por un per\u00edodo m\u00ednimo de un mes calendario.<\/strong><\/li><\/ul>\n\n\n\n<blockquote class=\"wp-block-quote is-layout-flow wp-block-quote-is-layout-flow\"><p><strong>Cabe se\u00f1alar que&nbsp;el pago de las becas, a quienes hayan cumplido con todo el proceso y requisitos de forma satisfactoria,&nbsp;ser\u00e1 realizado el d\u00eda viernes 02 de julio de 2021. Para revisar el resultado final de este proceso de postulaci\u00f3n, y para saber si finalmente la beca fue adjudicada, deben ingresar al sitio de la OTIC de la C\u00e1mara Chilena de la Construcci\u00f3n&nbsp;<a rel=\"noreferrer noopener\" href=\"http:\/\/www.oticdelaconstruccion.cl\/fondos2021\/portada.php\" target=\"_blank\"><u>(haciendo click aqu\u00ed)<\/u><\/a>&nbsp;y luego seleccionando la opci\u00f3n \u201cBecas de Educaci\u00f3n Superior\u201d. Una vez all\u00ed, en el bot\u00f3n \u201cingresar\u201d, el trabajador debe ingresar su rut y el sistema arrojar\u00e1 la informaci\u00f3n requerida.<\/strong><\/p><\/blockquote>\n\n\n\n<p><br><strong>Nota<\/strong>: para mayores antecedentes respecto de las bases o requisitos que implic\u00f3 el proceso de postulaci\u00f3n, pueden encontrarlo en el mismo sitio y secci\u00f3n (Becas) se\u00f1alado.<\/p>\n\n\n\n<blockquote class=\"wp-block-quote is-layout-flow wp-block-quote-is-layout-flow\"><p><strong>Las y los trabajadores agrupados y organizados en la Confederaci\u00f3n de Trabajadores del Cobre, a partir de la conquista y firma del Acuerdo Marco con Codelco Chile el a\u00f1o 2007, han logrado una serie de derechos y beneficios, entre ellos el acceso a Becas de Educaci\u00f3n Superior, por lo que reiteramos el llamado a revisar los resultados finales de sus postulaciones y difundir la presente informaci\u00f3n entre sus compa\u00f1eras y compa\u00f1eros.<\/strong><\/p><\/blockquote>\n","protected":false},"excerpt":{"rendered":"<p>Compa\u00f1eras y Compa\u00f1eros, comunicamos que\u00a0 ya est\u00e1n disponibles los resultados finales de las postulaciones a las Becas de Excelencia Acad\u00e9mica de Educaci\u00f3n Superior, para este a\u00f1o 2021, que corresponden al &hellip; <\/p>\n","protected":false},"author":2,"featured_media":1755,"comment_status":"closed","ping_status":"closed","sticky":false,"template":"","format":"standard","meta":{"jetpack_post_was_ever_published":false,"_jetpack_newsletter_access":"","_jetpack_dont_email_post_to_subs":false,"_jetpack_newsletter_tier_id":0,"_jetpack_memberships_contains_paywalled_content":false,"_jetpack_memberships_contains_paid_content":false,"footnotes":"","jetpack_publicize_message":"","jetpack_publicize_feature_enabled":true,"jetpack_social_post_already_shared":false,"jetpack_social_options":{"image_generator_settings":{"template":"highway","default_image_id":0,"enabled":false},"version":2}},"categories":[5,23,9,21,22,28,26,25,29,31],"tags":[],"class_list":["post-1789","post","type-post","status-publish","format-standard","has-post-thumbnail","hentry","category-acuerdo-marco","category-acuerdo-marco-codelco","category-confederacion","category-federaciones","category-feminort","category-fesal","category-fesamab","category-fesamav","category-fetramac","category-fetratec"],"jetpack_publicize_connections":[],"jetpack_featured_media_url":"https:\/\/www.confederaciondelcobre.cl\/wp-content\/uploads\/2021\/06\/BecSup2021.jpg","jetpack_sharing_enabled":true,"post_mailing_queue_ids":[],"_links":{"self":[{"href":"https:\/\/www.confederaciondelcobre.cl\/index.php\/wp-json\/wp\/v2\/posts\/1789","targetHints":{"allow":["GET"]}}],"collection":[{"href":"https:\/\/www.confederaciondelcobre.cl\/index.php\/wp-json\/wp\/v2\/posts"}],"about":[{"href":"https:\/\/www.confederaciondelcobre.cl\/index.php\/wp-json\/wp\/v2\/types\/post"}],"author":[{"embeddable":true,"href":"https:\/\/www.confederaciondelcobre.cl\/index.php\/wp-json\/wp\/v2\/users\/2"}],"replies":[{"embeddable":true,"href":"https:\/\/www.confederaciondelcobre.cl\/index.php\/wp-json\/wp\/v2\/comments?post=1789"}],"version-history":[{"count":7,"href":"https:\/\/www.confederaciondelcobre.cl\/index.php\/wp-json\/wp\/v2\/posts\/1789\/revisions"}],"predecessor-version":[{"id":1805,"href":"https:\/\/www.confederaciondelcobre.cl\/index.php\/wp-json\/wp\/v2\/posts\/1789\/revisions\/1805"}],"wp:featuredmedia":[{"embeddable":true,"href":"https:\/\/www.confederaciondelcobre.cl\/index.php\/wp-json\/wp\/v2\/media\/1755"}],"wp:attachment":[{"href":"https:\/\/www.confederaciondelcobre.cl\/index.php\/wp-json\/wp\/v2\/media?parent=1789"}],"wp:term":[{"taxonomy":"category","embeddable":true,"href":"https:\/\/www.confederaciondelcobre.cl\/index.php\/wp-json\/wp\/v2\/categories?post=1789"},{"taxonomy":"post_tag","embeddable":true,"href":"https:\/\/www.confederaciondelcobre.cl\/index.php\/wp-json\/wp\/v2\/tags?post=1789"}],"curies":[{"name":"wp","href":"https:\/\/api.w.org\/{rel}","templated":true}]}}